{"id":80632,"date":"2025-08-29T19:59:07","date_gmt":"2025-08-29T19:59:07","guid":{"rendered":"https:\/\/www.europesays.com\/es\/80632\/"},"modified":"2025-08-29T19:59:07","modified_gmt":"2025-08-29T19:59:07","slug":"beti-onak-rumbo-a-una-temporada-ilusionante","status":"publish","type":"post","link":"https:\/\/www.europesays.com\/es\/80632\/","title":{"rendered":"Beti Onak, rumbo a una temporada ilusionante"},"content":{"rendered":"<p>\n<strong>Las pretemporadas sirven para muchas cosas:<\/strong> hacer probaturas, detectar en qu\u00e9 aspectos cojea el equipo&#8230; Pero, al fin y al cabo, lo verdaderamente importante es lo que viene despu\u00e9s.<\/p>\n<p>La temporada del Replasa se abre en el <strong>Hermanos Indur\u00e1in<\/strong>, donde recibir\u00e1 al <strong>Costa del Sol M\u00e1laga (s\u00e1bado 20.00 h)<\/strong>. Un inicio de campa\u00f1a que, adem\u00e1s de ser hist\u00f3rico, llevar\u00e1 al equipo a realizar paradas en el Viejo Continente.<\/p>\n<p>\n<strong>\u201cQueremos ser valientes y verticales\u201d,<\/strong> declar\u00f3 este viernes en rueda de prensa Miguel Etxeberria, capit\u00e1n del barco del equipo villav\u00e9s.<\/p>\n<p>El Beti Onak comenzar\u00e1 la Liga Guerreras Iberdrola ante un <strong>rival de envergadura<\/strong> como es el conjunto malague\u00f1o. \u201c<strong>Es un equipo que se ha ganado estar en la parte alta<\/strong> y este a\u00f1o seguramente tambi\u00e9n aspire a todo, ya que cuenta con grandes jugadoras\u201d, expres\u00f3 el t\u00e9cnico, que para este curso contar\u00e1 con tres nuevas incorporaciones.<\/p>\n<p>Sin embargo, para el encuentro inaugural de liga, Etxebeste no podr\u00e1 disponer de hasta <strong>siete jugadoras<\/strong>. Mar\u00eda Brasil, Mariana Costa, Maialen Orba\u00f1anos, Estitxu Rodr\u00edguez, Libe Arruabarrena y Laida Urbitarte ser\u00e1n baja en este primer compromiso.<\/p>\n<p>\u201c<strong>La pretemporada ha sido complicada<\/strong>, pero las incorporaciones se han acoplado muy bien y ya nos est\u00e1n dando mucho rendimiento\u201d, apunt\u00f3 Etxeberria, que, a pesar de la gran cantidad de bajas con las que cuenta el equipo, apel\u00f3 a la afici\u00f3n navarra a acudir al pabell\u00f3n para animar al Replasa y plantar cara a un duro rival que aspira a cotas altas esta temporada.<\/p>\n<p><strong>M\u00c1XIMA ILUSI\u00d3N<\/strong><\/p>\n<p>El club de Villava jugar\u00e1 esta temporada hasta en cuatro competiciones. Algo ilusionante, pero que tambi\u00e9n puede pasar factura en el <strong>aspecto f\u00edsico<\/strong>.<\/p>\n<p>\u201cTenemos las semanas cargadas, pero la ilusi\u00f3n hace que a veces superes esa falta de fuerza, y en la Copa del a\u00f1o pasado lo demostramos\u201d, se\u00f1al\u00f3 el t\u00e9cnico del Replasa.<\/p>\n<p>Quien s\u00ed estar\u00e1 disponible para la causa ser\u00e1 <strong>Isi Fern\u00e1ndez-Agust\u00ed<\/strong>. \u201cEs un inicio de temporada ilusionante, con la Supercopa a la vuelta de la esquina. Es verdad que se nos vienen muchos partidos en pocos d\u00edas, pero llega un punto en el que el cansancio queda a un lado\u201d, declar\u00f3 Agust\u00ed, que cumplir\u00e1 su tercera temporada en el conjunto navarro.<strong\/>\n<\/p>\n<p><strong>LA SUPERCOPA EN ANAITASUNA<\/strong><\/p>\n<p>El  Beti Onak disputar\u00e1 posteriormente la <strong>Supercopa Ib\u00e9rica<\/strong>, por su condici\u00f3n de subcampe\u00f3n de la Copa de la Reina, los <strong>d\u00edas 5 y 6 de septiembre en Anaitasuna.<\/strong><\/p>\n","protected":false},"excerpt":{"rendered":"Las pretemporadas sirven para muchas cosas: hacer probaturas, detectar en qu\u00e9 aspectos cojea el equipo&#8230; Pero, al fin&hellip;\n","protected":false},"author":2,"featured_media":80633,"comment_status":"","ping_status":"","sticky":false,"template":"","format":"standard","meta":{"footnotes":""},"categories":[278],"tags":[376,168,25,24,375,16727,1089,23,167,1152],"class_list":{"0":"post-80632","1":"post","2":"type-post","3":"status-publish","4":"format-standard","5":"has-post-thumbnail","7":"category-balonmano","8":"tag-balonmano","9":"tag-deportes","10":"tag-es","11":"tag-espana","12":"tag-handball","13":"tag-ilusionante","14":"tag-rumbo","15":"tag-spain","16":"tag-sports","17":"tag-temporada"},"share_on_mastodon":{"url":"","error":""},"_links":{"self":[{"href":"https:\/\/www.europesays.com\/es\/wp-json\/wp\/v2\/posts\/80632","targetHints":{"allow":["GET"]}}],"collection":[{"href":"https:\/\/www.europesays.com\/es\/wp-json\/wp\/v2\/posts"}],"about":[{"href":"https:\/\/www.europesays.com\/es\/wp-json\/wp\/v2\/types\/post"}],"author":[{"embeddable":true,"href":"https:\/\/www.europesays.com\/es\/wp-json\/wp\/v2\/users\/2"}],"replies":[{"embeddable":true,"href":"https:\/\/www.europesays.com\/es\/wp-json\/wp\/v2\/comments?post=80632"}],"version-history":[{"count":0,"href":"https:\/\/www.europesays.com\/es\/wp-json\/wp\/v2\/posts\/80632\/revisions"}],"wp:featuredmedia":[{"embeddable":true,"href":"https:\/\/www.europesays.com\/es\/wp-json\/wp\/v2\/media\/80633"}],"wp:attachment":[{"href":"https:\/\/www.europesays.com\/es\/wp-json\/wp\/v2\/media?parent=80632"}],"wp:term":[{"taxonomy":"category","embeddable":true,"href":"https:\/\/www.europesays.com\/es\/wp-json\/wp\/v2\/categories?post=80632"},{"taxonomy":"post_tag","embeddable":true,"href":"https:\/\/www.europesays.com\/es\/wp-json\/wp\/v2\/tags?post=80632"}],"curies":[{"name":"wp","href":"https:\/\/api.w.org\/{rel}","templated":true}]}}