{"id":80675,"date":"2025-08-29T20:26:10","date_gmt":"2025-08-29T20:26:10","guid":{"rendered":"https:\/\/www.europesays.com\/es\/80675\/"},"modified":"2025-08-29T20:26:10","modified_gmt":"2025-08-29T20:26:10","slug":"carlos-alcaraz-sin-tachones-a-la-segunda-semana-del-us-open","status":"publish","type":"post","link":"https:\/\/www.europesays.com\/es\/80675\/","title":{"rendered":"Carlos Alcaraz, sin tachones, a la segunda semana del US Open"},"content":{"rendered":"<p>Los partidos de Carlos Alcaraz en Nueva York durante la primera semana no est\u00e1n siendo una oda al entretenimiento. No por falta de ganas ni  &#8230; de energ\u00eda por parte del tenista de El Palmar. \u00c9l est\u00e1 poniendo todo de su parte. Su tenis fluye, sin presencia de desconexiones, en la Arthur Ashe. Da igual que juegue con camiseta lila o con la rosa que ha utilizado por primera vez ante Luciano Darderi. Era su estreno en la sesi\u00f3n de d\u00eda en esta edici\u00f3n del US Open. Le toc\u00f3 madrugar a Alcaraz, que a las ocho de la ma\u00f1ana estaba accediendo a las instalaciones de Flushing Meadows.<\/p>\n<p class=\"v-p\">No fue un problema el horario para el murciano, tampoco su rival, al q que super\u00f3 con claridad (6-2, 6-4 y 6-0). No disputaba un partido en sesi\u00f3n diurna en el US Open el de El Palmar desde el inicio de la edici\u00f3n de 2023. Le puso ganas Darderi desde el inicio, intenso en los intercambios desde el fondo de pista, pero, como Opelka y Bellucci, top\u00f3 con una versi\u00f3n s\u00f3lida de Alcaraz. Muy pocos borrones rese\u00f1ables en esta primera semana de competici\u00f3n. Sin lujos de cara a la galer\u00eda, en su versi\u00f3n m\u00e1s pr\u00e1ctica, el palmare\u00f1o asusta a cada paso que da en esta edici\u00f3n del gigante neoyorquino. <\/p>\n<p class=\"v-p\">Arroll\u00f3 en la primera manga Alcaraz a un Darderi repleto de dudas. En su juego y tambi\u00e9n a la hora de seleccionar la raqueta. Descontento el italiano con la tensi\u00f3n del cordaje, tard\u00f3 un tiempo valioso en seleccionar el arma correcta para sentir bien la pelota. Aprovech\u00f3 bien ese imp\u00e1s Alcaraz para anotarse el primer set sin sobresaltos. Tan solo perdi\u00f3 dos puntos con su saque el n\u00famero dos del mundo. Los problemas llegar\u00edan despu\u00e9s para el murciano. <\/p>\n<p class=\"v-p\">Un segundo set que parec\u00eda c\u00f3modo para \u00e9l, se torci\u00f3 en su ecuador. Ten\u00eda ventaja Alcaraz, pero la perdi\u00f3 la ventaja en el mismo momento en el que sinti\u00f3 un peque\u00f1o dolor en la rodilla derecha. El paisaje, soleado durante una hora, se oscurec\u00eda. Solicit\u00f3 la asistencia del fisio Alcaraz para que masajeara su muslo derecho. Despu\u00e9s llegar\u00eda una nueva rotura del murciano y, con ella, la segunda manga fue directa a su bolsillo. Un poco de calma en mitad del nerviosismo que se hab\u00eda instalado en la Arthur Ashe. La atenci\u00f3n m\u00e9dica sirvi\u00f3, de paso, para frenar el ritmo de un Darderi conectado al partido. Imprimi\u00f3 mayor ritmo al peloteo desde el fondo el tenista nacido en Argentina. Insuficiente, en todo caso, ante la roca que es ahora mismo Carlitos. <\/p>\n<p class=\"v-p\">El golpe de realidad dej\u00f3 temblando a Darderi, que no compareci\u00f3 en un tercer set carente de tensi\u00f3n competitiva. 6-0 y a la segunda semana del \u00faltimo Grand Slam del a\u00f1o sin ceder ni un solo set. Con esta ya son 20 las victorias del murciano en el US Open en 23 partidos. Solamente McEnroe (22) necesit\u00f3 menos partidos que \u00e9l para alcanzar esa cifra de triunfos. <\/p>\n","protected":false},"excerpt":{"rendered":"Los partidos de Carlos Alcaraz en Nueva York durante la primera semana no est\u00e1n siendo una oda al&hellip;\n","protected":false},"author":2,"featured_media":80676,"comment_status":"","ping_status":"","sticky":false,"template":"","format":"standard","meta":{"footnotes":""},"categories":[274],"tags":[4736,30635,168,2125,25,24,23,167,327,326],"class_list":{"0":"post-80675","1":"post","2":"type-post","3":"status-publish","4":"format-standard","5":"has-post-thumbnail","7":"category-tenis","8":"tag-alcaraz","9":"tag-darderi","10":"tag-deportes","11":"tag-directo","12":"tag-es","13":"tag-espana","14":"tag-spain","15":"tag-sports","16":"tag-tenis","17":"tag-tennis"},"share_on_mastodon":{"url":"","error":""},"_links":{"self":[{"href":"https:\/\/www.europesays.com\/es\/wp-json\/wp\/v2\/posts\/80675","targetHints":{"allow":["GET"]}}],"collection":[{"href":"https:\/\/www.europesays.com\/es\/wp-json\/wp\/v2\/posts"}],"about":[{"href":"https:\/\/www.europesays.com\/es\/wp-json\/wp\/v2\/types\/post"}],"author":[{"embeddable":true,"href":"https:\/\/www.europesays.com\/es\/wp-json\/wp\/v2\/users\/2"}],"replies":[{"embeddable":true,"href":"https:\/\/www.europesays.com\/es\/wp-json\/wp\/v2\/comments?post=80675"}],"version-history":[{"count":0,"href":"https:\/\/www.europesays.com\/es\/wp-json\/wp\/v2\/posts\/80675\/revisions"}],"wp:featuredmedia":[{"embeddable":true,"href":"https:\/\/www.europesays.com\/es\/wp-json\/wp\/v2\/media\/80676"}],"wp:attachment":[{"href":"https:\/\/www.europesays.com\/es\/wp-json\/wp\/v2\/media?parent=80675"}],"wp:term":[{"taxonomy":"category","embeddable":true,"href":"https:\/\/www.europesays.com\/es\/wp-json\/wp\/v2\/categories?post=80675"},{"taxonomy":"post_tag","embeddable":true,"href":"https:\/\/www.europesays.com\/es\/wp-json\/wp\/v2\/tags?post=80675"}],"curies":[{"name":"wp","href":"https:\/\/api.w.org\/{rel}","templated":true}]}}