{"id":80721,"date":"2025-08-29T20:58:08","date_gmt":"2025-08-29T20:58:08","guid":{"rendered":"https:\/\/www.europesays.com\/es\/80721\/"},"modified":"2025-08-29T20:58:08","modified_gmt":"2025-08-29T20:58:08","slug":"el-dia-en-que-slash-desobedecio-a-michael-jackson-en-pleno-concierto","status":"publish","type":"post","link":"https:\/\/www.europesays.com\/es\/80721\/","title":{"rendered":"El d\u00eda en que Slash desobedeci\u00f3 a Michael Jackson en pleno concierto"},"content":{"rendered":"<p>Una presentaci\u00f3n especial en el Tokyo Dome termin\u00f3 convertida en una an\u00e9cdota recordada por los fan\u00e1ticos del Rey del pop <\/p>\n<p class=\"paragraph\">Cada 29 de agosto, el mundo recuerda el nacimiento de <a rel=\"noopener noreferrer nofollow\" href=\"https:\/\/www.infobae.com\/entretenimiento\/2025\/08\/29\/el-scereto-detras-del-emblematico-paso-de-michael-jackson-en-smooth-criminal-como-lograba-inclinarse-45-grados-sin-caer\/\" target=\"_blank\" title=\"https:\/\/www.infobae.com\/entretenimiento\/2025\/08\/29\/el-scereto-detras-del-emblematico-paso-de-michael-jackson-en-smooth-criminal-como-lograba-inclinarse-45-grados-sin-caer\/\">Michael Jackson<\/a>, el \u201cRey del Pop\u201d, una de las figuras m\u00e1s influyentes y revolucionarias de la m\u00fasica del siglo XX. <\/p>\n<p class=\"paragraph\">A 66 a\u00f1os de su natalicio, su legado art\u00edstico sigue vigente: vendi\u00f3 m\u00e1s de 500 millones de discos, fue pionero en el videoclip como arte visual, populariz\u00f3 pasos de baile ic\u00f3nicos como el <b>moonwalk<\/b><b> <\/b>y obtuvo 13 premios Grammy, entre m\u00faltiples reconocimientos internacionales. <\/p>\n<p class=\"paragraph\">Con una carrera que se extendi\u00f3 por m\u00e1s de cuatro d\u00e9cadas, Jackson cambi\u00f3 la manera en que la m\u00fasica pop se conceb\u00eda y consum\u00eda, integrando espect\u00e1culo, moda, danza y producci\u00f3n visual como nunca antes.<\/p>\n<p class=\"paragraph\">Pero entre las innumerables an\u00e9cdotas que rodean su vida y su carrera, hay una en particular que protagoniz\u00f3 al compartir el escenario con <a rel=\"noopener noreferrer nofollow\" href=\"https:\/\/www.infobae.com\/entretenimiento\/2025\/08\/20\/slash-la-faceta-del-legendario-guitarrista-como-cineasta-y-las-palabras-de-keith-richards-que-lo-motivaron\/\" target=\"_blank\" title=\"https:\/\/www.infobae.com\/entretenimiento\/2025\/08\/20\/slash-la-faceta-del-legendario-guitarrista-como-cineasta-y-las-palabras-de-keith-richards-que-lo-motivaron\/\">Slash, el legendario guitarrista de Guns N\u2019 Roses.<\/a><\/p>\n<p><img alt=\"El Rey del Pop encontr\u00f3\" class=\"global-image\" decoding=\"async\" fetchpriority=\"low\" height=\"1080\" loading=\"lazy\" src=\"https:\/\/www.europesays.com\/es\/wp-content\/uploads\/2025\/08\/H5L43T5ID5HBVDLF3TYF4MUIZI.jpg\" width=\"1920\"\/>El Rey del Pop encontr\u00f3 en la guitarra de Slash la energ\u00eda cruda que potenci\u00f3 sus presentaciones en vivo (EFE\/EFE)<\/p>\n<p class=\"paragraph\">En 1991, cuando Jackson preparaba el lanzamiento de <b>Dangerous<\/b>, busc\u00f3 al guitarrista de sombrero de copa m\u00e1s famoso del rock. Slash, que estaba en plena grabaci\u00f3n de los discos Use Your Illusion con Guns N\u2019 Roses, acept\u00f3 la invitaci\u00f3n.<\/p>\n<p class=\"paragraph\">\u201cMichael Jackson fue alguien a quien admiro y respeto mucho. Pero cuando se trat\u00f3 de grabar, las sesiones fueron muy desorganizadas\u201d, declar\u00f3 Slash a Rolling Stone en enero de 1991. <\/p>\n<p class=\"paragraph\">El guitarrista explic\u00f3 que la din\u00e1mica del estudio de Jackson era distinta: \u201cEs al mismo tiempo el proceso m\u00e1s est\u00e9ril y creativo en el que he estado involucrado. Todo se arma a partir de samples; usas el mismo ritmo y acordes, y luego agregas cosas para hacerlo diferente en algunos lugares. Michael contrata el estudio por diez a\u00f1os y aparece una vez al mes. Probablemente nunca lo conocer\u00e9\u201d, dijo en 1991.<\/p>\n<p><img alt=\"Slash siempre mostr\u00f3 respeto y\" class=\"global-image\" decoding=\"async\" fetchpriority=\"low\" height=\"540\" loading=\"lazy\" src=\"https:\/\/www.europesays.com\/es\/wp-content\/uploads\/2025\/08\/ZUE2AXNBDVCENKMWZZTWZEK34Q.jpg\" width=\"960\"\/>Slash siempre mostr\u00f3 respeto y admiraci\u00f3n por la \u00e9tica de trabajo de Michael Jackson (Reuters)<\/p>\n<p class=\"paragraph\">La colaboraci\u00f3n, sin embargo, result\u00f3 fruct\u00edfera. Slash grab\u00f3 la balada oscura <b>\u201cGive in to Me\u201d<\/b> y particip\u00f3 en la introducci\u00f3n del videoclip de <b>\u201cBlack or White\u201d<\/b>, protagonizado por Macaulay Culkin. <\/p>\n<p class=\"paragraph\">Aunque durante a\u00f1os se le atribuy\u00f3 el riff principal de la canci\u00f3n, \u00e9l mismo lo neg\u00f3 en 2010: \u201cLa canci\u00f3n grabada \u2018Black or White\u2019, yo no toqu\u00e9 en ella. Si escuchas el [gancho], eso es gay. Yo nunca tocar\u00eda eso\u201d. <\/p>\n<p class=\"paragraph\">La alianza continu\u00f3 durante los a\u00f1os noventa y dos mil, con Slash participando en temas como <b>\u201cD.S.\u201d<\/b> (HIStory, 1995), <b>\u201cMorphine\u201d<\/b> (Blood on the Dance Floor, 1997) y <b>\u201cPrivacy\u201d<\/b> (Invincible, 2001).<\/p>\n<p class=\"paragraph\">Lo m\u00e1s recordado, sin embargo, no fue la m\u00fasica de estudio, sino sus explosivos encuentros en vivo. <\/p>\n<p class=\"paragraph\">Durante el <b>10\u00ba aniversario de MTV en 1991<\/b>, Slash acompa\u00f1\u00f3 a Jackson en \u201cBlack or White\u201d con un solo extendido que termin\u00f3 con el guitarrista rompiendo su instrumento contra un parabrisas en el escenario.<\/p>\n<p><img alt=\"Durante un concierto en el\" class=\"global-image\" decoding=\"async\" fetchpriority=\"low\" height=\"360\" loading=\"lazy\" src=\"https:\/\/www.europesays.com\/es\/wp-content\/uploads\/2025\/08\/DIXVCKS5MRHRBGUU5X646ROYDE.jpg\" width=\"480\"\/>Durante un concierto en el Tokyo Dome, Slash extendi\u00f3 su solo y pareci\u00f3 ignorar las indicaciones de Jackson (Captura de video)<\/p>\n<p class=\"paragraph\">La an\u00e9cdota m\u00e1s famosa ocurri\u00f3 en los a\u00f1os siguientes. En medio de una presentaci\u00f3n de la gira del Rey del Pop en Jap\u00f3n, Slash parec\u00eda negarse a dejar de tocar, mientras Jackson intentaba continuar con el show.<\/p>\n<p class=\"paragraph\">Michael, indignado, sigui\u00f3 bailando y hasta le grit\u00f3 que se detuviera, pero el guitarrista no ced\u00eda. Finalmente, <b>miembros de seguridad aparecieron para sacarlo del escenario.<\/b><\/p>\n<p class=\"paragraph\">El p\u00fablico, ajeno a lo que ocurr\u00eda detr\u00e1s de escena, pens\u00f3 que asist\u00eda a una pelea real entre ambos artistas. <\/p>\n<p class=\"paragraph\">Aunque los rumores apuntaron a que Slash hab\u00eda intentado arruinar el concierto, la verdad es que todo estaba planificado. <\/p>\n<p class=\"paragraph\">\u201cPara ser justos, esto era parte coreografiada del show en vivo de Michael Jackson\u201d, explic\u00f3 Loudwire. La extensi\u00f3n del solo daba tiempo a Jackson para cambiar de vestuario y preparar la transici\u00f3n hacia \u201cBillie Jean\u201d, uno de los momentos m\u00e1s esperados de la velada.<\/p>\n<p><img alt=\"La colaboraci\u00f3n entre ambos artistas\" class=\"global-image\" decoding=\"async\" fetchpriority=\"low\" height=\"1080\" loading=\"lazy\" src=\"https:\/\/www.europesays.com\/es\/wp-content\/uploads\/2025\/08\/WRF5RHR2BFBTXN64QMYL3ETSIM.jpg\" width=\"1920\"\/>La colaboraci\u00f3n entre ambos artistas se prolong\u00f3 en temas como \u201cGive in to Me\u201d, \u201cD.S.\u201d y \u201cMorphine\u201d (Shutterstock)<\/p>\n<p class=\"paragraph\">A pesar del caos aparente en escena, Slash sent\u00eda respeto y empat\u00eda por Jackson. En 2021, record\u00f3 en entrevista con Kerrang!: \u201cSobre el escenario, toda su faceta profesional era realmente donde encajaba. Cuando no estaba trabajando, o en producci\u00f3n, pod\u00edas ver que estaba a merced de su propio \u00e9xito.<b> Toda la gente que ten\u00eda alrededor, los que tiraban de \u00e9l, y los aduladores&#8230; pod\u00edas notar que sab\u00eda que el 90 por ciento eran pura basura<\/b>\u201d.<\/p>\n<p class=\"paragraph\">La amistad y complicidad entre ambos mostraban que, aunque ven\u00edan de mundos distintos \u2014el pop y el hard rock\u2014, compart\u00edan la misma necesidad de expresarse en el escenario y un refugio en la m\u00fasica frente a la presi\u00f3n de la fama.<\/p>\n","protected":false},"excerpt":{"rendered":"Una presentaci\u00f3n especial en el Tokyo Dome termin\u00f3 convertida en una an\u00e9cdota recordada por los fan\u00e1ticos del Rey&hellip;\n","protected":false},"author":2,"featured_media":80722,"comment_status":"","ping_status":"","sticky":false,"template":"","format":"standard","meta":{"footnotes":""},"categories":[170],"tags":[146,147,25,24,184,185,23],"class_list":{"0":"post-80721","1":"post","2":"type-post","3":"status-publish","4":"format-standard","5":"has-post-thumbnail","7":"category-musica","8":"tag-entertainment","9":"tag-entretenimiento","10":"tag-es","11":"tag-espana","12":"tag-music","13":"tag-musica","14":"tag-spain"},"share_on_mastodon":{"url":"","error":""},"_links":{"self":[{"href":"https:\/\/www.europesays.com\/es\/wp-json\/wp\/v2\/posts\/80721","targetHints":{"allow":["GET"]}}],"collection":[{"href":"https:\/\/www.europesays.com\/es\/wp-json\/wp\/v2\/posts"}],"about":[{"href":"https:\/\/www.europesays.com\/es\/wp-json\/wp\/v2\/types\/post"}],"author":[{"embeddable":true,"href":"https:\/\/www.europesays.com\/es\/wp-json\/wp\/v2\/users\/2"}],"replies":[{"embeddable":true,"href":"https:\/\/www.europesays.com\/es\/wp-json\/wp\/v2\/comments?post=80721"}],"version-history":[{"count":0,"href":"https:\/\/www.europesays.com\/es\/wp-json\/wp\/v2\/posts\/80721\/revisions"}],"wp:featuredmedia":[{"embeddable":true,"href":"https:\/\/www.europesays.com\/es\/wp-json\/wp\/v2\/media\/80722"}],"wp:attachment":[{"href":"https:\/\/www.europesays.com\/es\/wp-json\/wp\/v2\/media?parent=80721"}],"wp:term":[{"taxonomy":"category","embeddable":true,"href":"https:\/\/www.europesays.com\/es\/wp-json\/wp\/v2\/categories?post=80721"},{"taxonomy":"post_tag","embeddable":true,"href":"https:\/\/www.europesays.com\/es\/wp-json\/wp\/v2\/tags?post=80721"}],"curies":[{"name":"wp","href":"https:\/\/api.w.org\/{rel}","templated":true}]}}