{"id":80742,"date":"2025-08-29T21:12:08","date_gmt":"2025-08-29T21:12:08","guid":{"rendered":"https:\/\/www.europesays.com\/es\/80742\/"},"modified":"2025-08-29T21:12:08","modified_gmt":"2025-08-29T21:12:08","slug":"el-efecto-carlos-alcaraz-el-nuevo-rey-midas-del-tenis-que-conquista-dentro-y-fuera-de-la-pista","status":"publish","type":"post","link":"https:\/\/www.europesays.com\/es\/80742\/","title":{"rendered":"El &#8216;efecto Carlos Alcaraz&#8217;, el nuevo rey midas del tenis que conquista dentro y fuera de la pista"},"content":{"rendered":"<p>Carlos Alcaraz est\u00e1 en todas partes. Tres a\u00f1os despu\u00e9s de que ganara su primer Grand Slam en el Us Open, el tenista murciano se ha convertido junto a Jannik Sinner en la cara visible del deporte y en toda una estrella.<\/p>\n<p>Cada vez que Alcaraz salta a la pista, el murciano acapara todas las miradas ya sea por su juego o por su simpat\u00eda. Basta con ver el revuelo formado por su <a href=\"https:\/\/www.huffingtonpost.es\/deporte\/alcaraz-deja-todos-palabras-nuevo-corte-pelo-motivo.html\" target=\"_blank\" rel=\"nofollow noopener\">arriesgado corte de pelo<\/a> y c\u00f3mo reaccion\u00f3 ante las risas de muchos de sus compa\u00f1eros, pidiendo al p\u00fablico de Nueva York que diera su opini\u00f3n al respecto.<\/p>\n<p>Hasta sus rivales se han rendido ante \u00e9l. \u201cEs la cosa m\u00e1s emocionante del tenis ahora mismo. La manera en la que juega, la manera en la que interacciona con el p\u00fablico\u201d, <a href=\"https:\/\/x.com\/alcarchive\/status\/1961057017528778901\" target=\"_blank\" rel=\"nofollow\">alab\u00f3 el estadounidense Ben Shelton<\/a> recientemente en una rueda de prensa.<\/p>\n<p>Esa capacidad de emocionar a los espectadores no ha pasado desapercibida para las marcas y Alcaraz se ha convertido por segundo a\u00f1o consecutivo en el tenista mejor pagado del mundo seg\u00fan Forbes. El murciano se coloca por delante del n\u00famero 1 del mundo, Jannik Sinner, y de Novak Djokovic. Adem\u00e1s, ambos han ingresado menos por sus compromisos publicitarios que el tenista de El Palmar.<\/p>\n<p><a href=\"https:\/\/www.forbes.com\/sites\/brettknight\/2025\/08\/22\/the-worlds-highest-paid-tennis-players-2025\/\" rel=\"nofollow noopener\" target=\"_blank\">Seg\u00fan Forbes<\/a>, Alcaraz ha ganado 48,3 millones de d\u00f3lares \u2014algo m\u00e1s de 41 millones de euros\u2014 en el \u00faltimo a\u00f1o, de los que 35 millones son ingresos derivados de sus sponsors o exhibiciones. Inmediatamente por detr\u00e1s de \u00e9l, Sinner ha ingresado 27 millones de euros m\u00e1s all\u00e1 de la pista, ocho menos que Alcaraz.<\/p>\n<p>Su frescura, un fil\u00f3n que lo coloca por delante del resto<\/p>\n<p>A pesar de que Sinner es el n\u00famero 1 del mundo desde hace m\u00e1s de un a\u00f1o, Alcaraz ha conseguido posicionarse como la cara visible del tenis. En palabras de la web especializada Sportico, \u201cha sido elegido como la siguiente gran estrella por los sponsors\u201d. \u00bfPor qu\u00e9? \u201cB\u00e1sicamente es que es frescura. Es un chaval que tiene 22 a\u00f1os, que se ha posicionado bien y que f\u00edsicamente da imagen. Es un ni\u00f1o joven, mono y es un chaval divertido. La forma de ser agrada adem\u00e1s de su tenis\u201d, resume Ana Isabel Jim\u00e9nez, profesora de los Estudios de Econom\u00eda y Empresa de la UOC.<\/p>\n<p>\u201c\u00c9l lleva poco tiempo pero es un chaval divertido. Mira lo que ha contado del corte del pelo que se le hab\u00eda ido la m\u00e1quina al hermano, pues es divertido. Es un chaval sano, joven y es simp\u00e1tico ante la c\u00e1mara. Si luego adem\u00e1s tiene redes sociales que cuida y un buen n\u00famero de seguidores, pues a las marcas les interesa, porque adem\u00e1s de utilizarlo como imagen de marca, el propio Alcaraz puede utilizar sus redes para etiquetar y subir contenido llegando a una gran comunidad\u201d, detalla la experta.<\/p>\n<p>\u00abB\u00e1sicamente es que es frescura. Es un chaval que tiene 22 a\u00f1os, que se ha posicionado bien y que f\u00edsicamente da imagen. Es un ni\u00f1o joven, mono y es un chaval divertido. La forma de ser agrada adem\u00e1s de su tenis\u00bb<\/p>\n<p>Ana Isabel Jim\u00e9nez, profesora de los Estudios de Econom\u00eda y Empresa de la UOC<\/p>\n<p>Tal y como destaca Jim\u00e9nez, \u201csi la marca lo sponsoriza hay una transferencia de asociaciones, hace que la gente que compra esa marca vea que las caracter\u00edsticas y los valores que representan coinciden con los valores y la forma de ser de Alcaraz\u201d. En este sentido, como recuerda Jim\u00e9nez, \u201cel patrocinio m\u00e1s claro y con m\u00e1s sentido com\u00fan es el de las marcas deportivas porque son las que va a utilizar cuando est\u00e1 jugando\u201d.<\/p>\n<p>Alcaraz lleva trabajando con Nike y Babolat durante toda su carrera profesional. El gigante deportivo renegoci\u00f3 su contrato con el tenista y se estima que actualmente le paga <a href=\"https:\/\/www.relevo.com\/tenis\/alcaraz-renueva-nike-contrato-superestrella-20240613103304-nt.html\" target=\"_blank\" rel=\"nofollow noopener\">alrededor de quince millones de d\u00f3lares al a\u00f1o<\/a>. El murciano tambi\u00e9n es uno de los embajadores de Rolex, desde 2022 es imagen de BMW y tambi\u00e9n ha encontrado un nicho en marcas de alimentaci\u00f3n, trabajando con ElPozo y con Danone.<\/p>\n<p>Adem\u00e1s, el tenista es imagen de Isdin, trabajando con ellos directamente en la creaci\u00f3n de un fotoprotector solar espec\u00edfico para deportistas que se aplica antes de empezar cada partido. Este tipo de colaboraciones son, seg\u00fan Jim\u00e9nez, las m\u00e1s valiosas tanto para Alcaraz como para las propias marcas.<\/p>\n<p>\u201cLo m\u00e1s probable es que la gente que lo sigue, m\u00e1s all\u00e1 de que te pueda caer simp\u00e1tico, es gente a la que le gusta el deporte, por tanto son potenciales consumidores. Si adem\u00e1s Alcaraz, que es un referente, ha participado en la creaci\u00f3n del producto quiere decir que comparte los valores de Isdin, se preocupa por la salud, que es buen producto y que da confianza\u201d, explica Jim\u00e9nez. \u201cCon su forma de ser lleva a la marca connotaciones positivas e igual, aunque yo no compre la crema, me intereso por ella, incluso la recomiendo ante una pregunta. \u2018No s\u00e9 no hago deporte, no la compro, pero Alcaraz patrocina esta\u201d, ejemplifica la experta.<\/p>\n<p>Al margen de las firmas relacionadas deportiva, las tradicionalmente asociadas con el tenis como Rolex o las espa\u00f1olas como ElPozo, Alcaraz tambi\u00e9n ha conseguido conquistar el mundo de la moda. En 2023 fue nombrado embajador global de Louis Vuitton, convirti\u00e9ndose en el primer tenista en ser imagen de la marca. \u201cRepresenta la nueva generaci\u00f3n, no solo en el deporte, tambi\u00e9n en esp\u00edritu\u201d, coment\u00f3 sobre \u00e9l Pharell Williams, director creativo de la firma.<\/p>\n<p>La relaci\u00f3n entre Louis Vuitton y el murciano enlaza con la apuesta de las firmas de lujo por introducirse en el mundo del tenis. Ah\u00ed est\u00e1n los ejemplos de Jannik Sinner con Gucci, Jack Draper con Burberry, Lorenzo Musetti con Bottega Veneta o Taylor Fritz con Boss. En el caso de Alcaraz, el tenista no solo ha participado en campa\u00f1as de la firma, sino que el equipo de Louis Vuitton llev\u00f3 el p\u00f3dcast de la marca hasta El Palmar para conocer las pistas en las que creci\u00f3 y c\u00f3mo fueron sus inicios.<\/p>\n<p>Para Jim\u00e9nez, que Alcaraz sea imagen de tantas marcas no es negativo, pero s\u00ed puede serlo para algunas de las firmas ya que el tenista termina siendo omnipresente. \u201cCuando est\u00e1s viendo un canal de televisi\u00f3n y te proyectan no s\u00e9 cu\u00e1ntos anuncios o est\u00e1s en Instagram y te aparece un spot, me acordar\u00e9 de Alcaraz pero no exactamente de ElPozo por ejemplo\u201d, se\u00f1ala la experta.<\/p>\n<p>\u201cTiene el tir\u00f3n de que es conocido, pero a la larga si tenemos muchas marcas que lo est\u00e1n utilizando la gente recuerda a Alcaraz y no recuerda a las marcas\u201d, a\u00f1ade Jim\u00e9nez.<\/p>\n<p>Una serie en Netflix y un pu\u00f1ado de exhibiciones<\/p>\n<p>Con solo 22 a\u00f1os, el tenista ya estren\u00f3 hace unos meses su serie documental en Netflix, A mi manera, en la que reflexionaba sobre la presi\u00f3n de estar siempre en lo m\u00e1s alto y reivindicaba poder compaginar planes como los que hace cualquier chico de su edad con competir al m\u00e1s alto nivel\u00a0<\/p>\n<p>\u00abCreo que es una historia bonita, contar algo m\u00e1s personal ya que la gente no nos conoce, solo nos conoce en la pista de tenis\u00bb, expres\u00f3 el tenista en un encuentro con la prensa en el que se present\u00f3 su docuserie. Huelga decir que el contenido del documental no pas\u00f3 desapercibido y fueron muchos los que se lanzaron a criticar a Alcaraz defendiendo que no se tomaba en serio su profesi\u00f3n.<\/p>\n<p>\u00c9l respondi\u00f3 de la mejor manera: ganando Roland Garros, los M\u00e1sters 1000 de Roma y Cincinnatti, el ATP 500 de Queen&#8217;s y meti\u00e9ndose por tercer a\u00f1o consecutivo en la final de Wimbledon.\u00a0<\/p>\n<p>El calendario del circuito es exigente, pero a Alcaraz se lo rifan en cualquier exhibici\u00f3n. El tenista particip\u00f3 en 2024 en El slam de Netflix con Rafa Nadal, y este a\u00f1o tambi\u00e9n hizo las delicias de los espectadores de Puerto Rico imponi\u00e9ndose en un partido con Francis Tiafoe. Alcaraz tambi\u00e9n tiene previsto participar en septiembre en la Laver Cup, la competici\u00f3n por equipos impulsada por Federer y en octubre en el Six Kings Slam, el torneo que re\u00fane a los mejores del mundo en Arabia Saud\u00ed y por el que se llevan un mill\u00f3n y medio de d\u00f3lares solo por participar. <a href=\"https:\/\/www.sportico.com\/personalities\/athletes\/2025\/highest-paid-tennis-players-2025-sinner-alcaraz-1234867552\/\" target=\"_blank\" rel=\"nofollow noopener\">Seg\u00fan los datos de Sportico<\/a>, Alcaraz podr\u00eda pedir hasta dos millones de euros por aparici\u00f3n en una exhibici\u00f3n.\u00a0<\/p>\n<p>Con los mejores tenistas del mundo en plena acci\u00f3n estos d\u00edas en el US Open Alcaraz intentar\u00e1 volver a ganar el que fue su primer Gran Slam y alcanzar los seis majors, aumentando la ventaja con Jannik Sinner. Haga lo que haga, lo que est\u00e1 claro es que el espect\u00e1culo en la pista est\u00e1 asegurado.\u00a0<\/p>\n","protected":false},"excerpt":{"rendered":"Carlos Alcaraz est\u00e1 en todas partes. Tres a\u00f1os despu\u00e9s de que ganara su primer Grand Slam en el&hellip;\n","protected":false},"author":2,"featured_media":80743,"comment_status":"","ping_status":"","sticky":false,"template":"","format":"standard","meta":{"footnotes":""},"categories":[274],"tags":[545,168,95,25,24,13018,23,167,327,326],"class_list":{"0":"post-80742","1":"post","2":"type-post","3":"status-publish","4":"format-standard","5":"has-post-thumbnail","7":"category-tenis","8":"tag-carlos-alcaraz","9":"tag-deportes","10":"tag-economia","11":"tag-es","12":"tag-espana","13":"tag-louis-vuitton","14":"tag-spain","15":"tag-sports","16":"tag-tenis","17":"tag-tennis"},"share_on_mastodon":{"url":"","error":""},"_links":{"self":[{"href":"https:\/\/www.europesays.com\/es\/wp-json\/wp\/v2\/posts\/80742","targetHints":{"allow":["GET"]}}],"collection":[{"href":"https:\/\/www.europesays.com\/es\/wp-json\/wp\/v2\/posts"}],"about":[{"href":"https:\/\/www.europesays.com\/es\/wp-json\/wp\/v2\/types\/post"}],"author":[{"embeddable":true,"href":"https:\/\/www.europesays.com\/es\/wp-json\/wp\/v2\/users\/2"}],"replies":[{"embeddable":true,"href":"https:\/\/www.europesays.com\/es\/wp-json\/wp\/v2\/comments?post=80742"}],"version-history":[{"count":0,"href":"https:\/\/www.europesays.com\/es\/wp-json\/wp\/v2\/posts\/80742\/revisions"}],"wp:featuredmedia":[{"embeddable":true,"href":"https:\/\/www.europesays.com\/es\/wp-json\/wp\/v2\/media\/80743"}],"wp:attachment":[{"href":"https:\/\/www.europesays.com\/es\/wp-json\/wp\/v2\/media?parent=80742"}],"wp:term":[{"taxonomy":"category","embeddable":true,"href":"https:\/\/www.europesays.com\/es\/wp-json\/wp\/v2\/categories?post=80742"},{"taxonomy":"post_tag","embeddable":true,"href":"https:\/\/www.europesays.com\/es\/wp-json\/wp\/v2\/tags?post=80742"}],"curies":[{"name":"wp","href":"https:\/\/api.w.org\/{rel}","templated":true}]}}