{"id":80808,"date":"2025-08-29T21:51:08","date_gmt":"2025-08-29T21:51:08","guid":{"rendered":"https:\/\/www.europesays.com\/es\/80808\/"},"modified":"2025-08-29T21:51:08","modified_gmt":"2025-08-29T21:51:08","slug":"no-hay-forma-de-que-le-entren-a-venezuela-nicolas-maduro-desafia-a-ee-uu","status":"publish","type":"post","link":"https:\/\/www.europesays.com\/es\/80808\/","title":{"rendered":"\u201cNo hay forma de que le entren a Venezuela\u201d, Nicol\u00e1s Maduro desaf\u00eda a EE. UU."},"content":{"rendered":"<p>Por:\u00a0\u00a0<a href=\"https:\/\/www.elheraldo.co\/author\/redaccion-elheraldoco\" aria-label=\"Redacci\u00f3n  ELHERALDO.CO\" rel=\"nofollow noopener\" target=\"_blank\">Redacci\u00f3n  ELHERALDO.CO<\/a><\/p>\n<p class=\"elheraldo__StyledParagraph-sc-60z8lc-1 dEjMiD article-body__paragraph\">El presidente venezolano, <b>Nicol\u00e1s Maduro<\/b>, sostuvo en declaraciones recientes que no existe posibilidad de una <b>invasi\u00f3n estadounidense <\/b>en territorio nacional, pese al env\u00edo de <b>buques <\/b>y tropas norteamericanas hacia la regi\u00f3n caribe\u00f1a. Al mismo tiempo, convoc\u00f3 a la ciudadan\u00eda a reforzar la<b> Milicia Bolivariana<\/b> en jornadas de alistamiento convocadas para este fin de semana.<\/p>\n<p class=\"elheraldo__StyledParagraph-sc-60z8lc-1 dEjMiD article-body__paragraph\"><b>Le puede interesar: <\/b><a href=\"https:\/\/www.elheraldo.co\/mundo\/2025\/08\/29\/maduro-solicita-a-guterres-instar-a-ee-uu-a-cesar-sus-acciones-hostiles-contra-venezuela\/\" rel=\"nofollow noopener\" target=\"_blank\">Maduro solicita a Guterres instar a EE. UU. a cesar sus \u201cacciones hostiles\u201d contra Venezuela<\/a><\/p>\n<p class=\"elheraldo__StyledParagraph-sc-60z8lc-1 dEjMiD article-body__paragraph\">La reacci\u00f3n del mandatario se conoci\u00f3 luego de que <b>Washington <\/b>confirmara el desplazamiento de cinco <b>embarcaciones de guerra <\/b>y alrededor de 4.000 efectivos a zonas cercanas a las aguas de <b>Venezuela<\/b>.<\/p>\n<p class=\"elheraldo__StyledParagraph-sc-60z8lc-1 dEjMiD article-body__paragraph\">De acuerdo con las autoridades estadounidenses, el operativo se enmarca en acciones contra el <b>narcotr\u00e1fico<\/b>, aunque Caracas lo ha interpretado como una amenaza directa al pa\u00eds.<\/p>\n<p class=\"elheraldo__StyledParagraph-sc-60z8lc-1 dEjMiD article-body__paragraph\"><b>Vea aqu\u00ed: <\/b><a href=\"https:\/\/www.elheraldo.co\/mundo\/2025\/08\/29\/maduro-cree-que-asedio-contra-venezuela-es-una-oportunidad-para-fortalecer-la-defensa\/\" rel=\"nofollow noopener\" target=\"_blank\">Nicol\u00e1s Maduro asegura que \u201casedio\u201d contra Venezuela es una oportunidad para fortalecer la defensa<\/a><\/p>\n<p class=\"elheraldo__StyledParagraph-sc-60z8lc-1 dEjMiD article-body__paragraph\">En medio del discurso que dict\u00f3 este viernes, Maduro insisti\u00f3 en que las sanciones econ\u00f3micas y la<b> presi\u00f3n internacional <\/b>no han debilitado al pa\u00eds. \u201cHoy estamos m\u00e1s fuertes que ayer, hoy estamos m\u00e1s preparados para defender la paz, la soberan\u00eda y la integridad territorial\u201d, declar\u00f3, al tiempo que enfatiz\u00f3 en que: \u201cNo hay forma de que le entren a Venezuela\u201d, haciendo alusi\u00f3n a las <b>fuerzas militares<\/b> estadounidenses.<\/p>\n<p class=\"elheraldo__StyledParagraph-sc-60z8lc-1 dEjMiD article-body__paragraph\">El mandatario tambi\u00e9n vincul\u00f3 la coyuntura con la reciente <a href=\"https:\/\/www.elheraldo.co\/mundo\/2025\/08\/07\/estados-unidos-ofrece-50-millones-de-dolares-por-informacion-que-conduzca-al-arresto-de-nicolas-maduro\/\" target=\"_blank\" rel=\"noreferrer nofollow noopener\" title=\"https:\/\/www.elheraldo.co\/mundo\/2025\/08\/07\/estados-unidos-ofrece-50-millones-de-dolares-por-informacion-que-conduzca-al-arresto-de-nicolas-maduro\/\">decisi\u00f3n de Estados Unidos de elevar a 50 millones de d\u00f3lares la recompensa por su captura<\/a>, dentro de una acusaci\u00f3n por presuntamente liderar un cartel de narcotr\u00e1fico.<\/p>\n<p class=\"elheraldo__StyledParagraph-sc-60z8lc-1 dEjMiD article-body__paragraph\"><b>Lea tambi\u00e9n: <\/b><a href=\"https:\/\/www.elheraldo.co\/mundo\/2025\/08\/29\/nicolas-maduro-agradecio-a-gustavo-petro-por-ordenar-despliegue-militar-en-la-frontera\/\" rel=\"nofollow noopener\" target=\"_blank\">Nicol\u00e1s Maduro agradeci\u00f3 a Gustavo Petro por ordenar despliegue militar en la frontera<\/a><\/p>\n<p class=\"elheraldo__StyledParagraph-sc-60z8lc-1 dEjMiD article-body__paragraph\">Frente a este panorama, el jefe de Estado inst\u00f3 a la poblaci\u00f3n a sumarse a la Milicia Bolivariana, un cuerpo compuesto por <b>civiles <\/b>con orientaci\u00f3n ideol\u00f3gica oficialista. Seg\u00fan cifras gubernamentales, la fuerza cuenta con 4,5 millones de miembros, aunque especialistas cuestionan esa estimaci\u00f3n y aseguran que el n\u00famero real es significativamente menor.<\/p>\n","protected":false},"excerpt":{"rendered":"Por:\u00a0\u00a0Redacci\u00f3n ELHERALDO.CO El presidente venezolano, Nicol\u00e1s Maduro, sostuvo en declaraciones recientes que no existe posibilidad de una invasi\u00f3n&hellip;\n","protected":false},"author":2,"featured_media":80809,"comment_status":"","ping_status":"","sticky":false,"template":"","format":"standard","meta":{"footnotes":""},"categories":[42],"tags":[17,18,10897,4331,13,14,11,61,62,63,64,19,20,30661,9,1194,10,15,16,12,21,22,1192,65,66,67],"class_list":{"0":"post-80808","1":"post","2":"type-post","3":"status-publish","4":"format-standard","5":"has-post-thumbnail","7":"category-internacional","8":"tag-breaking-news","9":"tag-breakingnews","10":"tag-desafio","11":"tag-ee-uu","12":"tag-featured-news","13":"tag-featurednews","14":"tag-headlines","15":"tag-internacional","16":"tag-international","17":"tag-international-news","18":"tag-internationalnews","19":"tag-latest-news","20":"tag-latestnews","21":"tag-milicia-bolivariana","22":"tag-news","23":"tag-nicolas-maduro","24":"tag-noticias","25":"tag-noticias-destacadas","26":"tag-noticiasdestacadas","27":"tag-titulares","28":"tag-ultimas-noticias","29":"tag-ultimasnoticias","30":"tag-venezuela","31":"tag-world","32":"tag-world-news","33":"tag-worldnews"},"share_on_mastodon":{"url":"","error":""},"_links":{"self":[{"href":"https:\/\/www.europesays.com\/es\/wp-json\/wp\/v2\/posts\/80808","targetHints":{"allow":["GET"]}}],"collection":[{"href":"https:\/\/www.europesays.com\/es\/wp-json\/wp\/v2\/posts"}],"about":[{"href":"https:\/\/www.europesays.com\/es\/wp-json\/wp\/v2\/types\/post"}],"author":[{"embeddable":true,"href":"https:\/\/www.europesays.com\/es\/wp-json\/wp\/v2\/users\/2"}],"replies":[{"embeddable":true,"href":"https:\/\/www.europesays.com\/es\/wp-json\/wp\/v2\/comments?post=80808"}],"version-history":[{"count":0,"href":"https:\/\/www.europesays.com\/es\/wp-json\/wp\/v2\/posts\/80808\/revisions"}],"wp:featuredmedia":[{"embeddable":true,"href":"https:\/\/www.europesays.com\/es\/wp-json\/wp\/v2\/media\/80809"}],"wp:attachment":[{"href":"https:\/\/www.europesays.com\/es\/wp-json\/wp\/v2\/media?parent=80808"}],"wp:term":[{"taxonomy":"category","embeddable":true,"href":"https:\/\/www.europesays.com\/es\/wp-json\/wp\/v2\/categories?post=80808"},{"taxonomy":"post_tag","embeddable":true,"href":"https:\/\/www.europesays.com\/es\/wp-json\/wp\/v2\/tags?post=80808"}],"curies":[{"name":"wp","href":"https:\/\/api.w.org\/{rel}","templated":true}]}}