{"id":81110,"date":"2025-08-30T01:11:09","date_gmt":"2025-08-30T01:11:09","guid":{"rendered":"https:\/\/www.europesays.com\/es\/81110\/"},"modified":"2025-08-30T01:11:09","modified_gmt":"2025-08-30T01:11:09","slug":"mas-informacion-nuevas-voces-y-espacios-en-la-parrilla-de-canal-sur-radio-que-se-estrena-el-1-de-septiembre","status":"publish","type":"post","link":"https:\/\/www.europesays.com\/es\/81110\/","title":{"rendered":"M\u00e1s informaci\u00f3n, nuevas voces y espacios en la parrilla de Canal Sur Radio que se estrena el 1 de septiembre"},"content":{"rendered":"<p>La <strong>informaci\u00f3n como se\u00f1a de identidad<\/strong> de la radio p\u00fablica andaluza, <strong>nuevas voces y programas de actualidad y especializados<\/strong> son las principales novedades que nos trae la temporada que comienza el pr\u00f3ximo lunes 1 de septiembre. Los <strong>servicios informativos vertebran la programaci\u00f3n de Canal Sur Radio veinticuatro horas<\/strong>, con espacios m\u00e1s amplios en los que se analizar\u00e1n en profundidad temas de actualidad con reportajes, entrevistas y debates que ofrecer\u00e1n distintas perspectivas sobre lo que acontece.<\/p>\n<p>Entre las incorporaciones, la del periodista <strong>Juan Carlos V\u00e9lez, que conducir\u00e1 la primera parte de \u00abLa Ma\u00f1ana de Andaluc\u00eda\u00bb.<\/strong> Y en la tarde, <strong>Javier Ben\u00edtez<\/strong> se har\u00e1 cargo de un <strong>nuevo espacio muy ligado tambi\u00e9n a la actualidad, \u00abAndaluc\u00eda Ahora\u00bb<\/strong>. La Semana Santa tendr\u00e1 un mayor protagonismo en esta nueva temporada, con un programa diario en cadena.<\/p>\n<p><strong>Una ma\u00f1ana din\u00e1mica buscando la actualidad\u00a0<\/strong><\/p>\n<p>La ma\u00f1ana de la radio andaluza arrancar\u00e1 a partir de las 05:00 h con <strong>\u00abEl Club de los Primeros\u00bb conducido, una temporada m\u00e1s, por la comunicadora sevillana Charo Padilla<\/strong>. Una franja en la que los oyentes se convierten en protagonistas y transmisores de informaci\u00f3n de \u00faltima hora.<\/p>\n<p>A partir de las 07:00, la actualidad m\u00e1s inmediata nos llegar\u00e1 de la mano del periodista andaluz <strong>Juan Carlos V\u00e9lez y el equipo de redacci\u00f3n de Canal Sur Radio con \u00abLa Ma\u00f1ana de Andaluc\u00eda\u00bb.<\/strong> V\u00e9lez se incorpora a la cadena p\u00fablica despu\u00e9s de haber conducido el informativo matinal de la cadena Onda Cero y haber sido corresponsal de Antena 3 en Londres.<\/p>\n<p><strong>Jes\u00fas Vigorra<\/strong> se har\u00e1 cargo del micr\u00f3fono desde las 9:30 hasta las 12:00 horas, ofreciendo contenidos m\u00e1s divulgativos y culturales que se sumar\u00e1n a la \u00faltima hora. Y <strong>Nieves Risquet<\/strong> cerrar\u00e1 la jornada matinal con <strong>\u00abAndaluc\u00eda a las 2\u00bb<\/strong>, con una completa informaci\u00f3n de todo lo acontecido durante la jornada.<\/p>\n<p><strong>Nuevo espacio de actualidad para las tardes<\/strong><\/p>\n<p>La otra gran novedad de la pr\u00f3xima temporada es la configuraci\u00f3n del tramo de tarde-noche como un gran espacio informativo, que abrir\u00e1 a las 17:00 horas el nuevo programa <strong>\u00abAndaluc\u00eda Ahora\u00bb, bajo la direcci\u00f3n del periodista jerezano Javier Ben\u00edtez<\/strong>. Durante tres horas, abordaremos temas de actualidad en profundidad as\u00ed como otros de inter\u00e9s general, teniendo muy presente tambi\u00e9n la \u00faltima hora. Las tardes de la radio p\u00fablica andaluza contar\u00e1 con un amplio abanico de colaboradores que ofrecer\u00e1n diferentes perspectivas sobre los temas que se analicen.<\/p>\n<p><strong>\u00abEl Mirador de Andaluc\u00eda\u00bb<\/strong>, con la <strong>periodista almeriense Natalia Barn\u00e9s<\/strong> al frente del equipo, <strong>cambia de horario<\/strong>. A partir del 1 de septiembre podremos escucharlo a partir de las 20:00 h. Tres horas de contenidos de actualidad, con una <strong>mirada profunda sobre lo que acontece cada d\u00eda<\/strong>, con espacios dedicados a la informaci\u00f3n generalista sin olvidar la local; con <strong>tertulia de an\u00e1lisis y la secci\u00f3n de econom\u00eda<\/strong>. Adem\u00e1s, el programa incorpora como una secci\u00f3n m\u00e1s el espacio <strong>\u00abEl Pelotazo\u00bb<\/strong>, que se emitir\u00e1 a partir de las 21:05 horas con una duraci\u00f3n de 30 minutos dedicados a resumir lo m\u00e1s destacado de la actualidad deportiva.<\/p>\n<p>La \u00faltima novedad para las noches de Canal Sur Radio es el nuevo programa que presenta <strong>Fran L\u00f3pez de Paz, \u00abEvocaci\u00f3n\u00bb<\/strong>, un <strong>espacio de debate y reflexi\u00f3n en torno a la Semana Santa de Andaluc\u00eda<\/strong> que se emitir\u00e1 de lunes a jueves a partir de las 23:00 horas. Por los micr\u00f3fonos de la radio andaluza pasar\u00e1n colaboradores de diferentes \u00e1mbitos y territorios, que pondr\u00e1n en com\u00fan todas las Semanas Santas de nuestra comunidad. De esta forma, cada d\u00eda se analizar\u00e1 la actualidad cofrade y los eventos m\u00e1s relevantes que se celebren en Andaluc\u00eda.<\/p>\n<p>Junto a estos dos grandes bloques informativos, otros programas ya consolidados, como <strong>\u00abEl programa del Yuyu\u00bb<\/strong>, que nos trae cada d\u00eda una mirada de lo que acontece desde un lugar m\u00e1s ligero y humor\u00edstico. Esta temporada <strong>dobla su horario, se emitir\u00e1 de 15:00 a 17:00 horas<\/strong>. Adem\u00e1s, todos los <strong>martes recibir\u00e1 la visita de Luis Lara<\/strong>, lo que ser\u00e1 uno de los momentos m\u00e1s celebrados de la semana por la audiencia.<\/p>\n<p><strong>Informaci\u00f3n local<br \/><\/strong><br \/>Todo lo que acontece a nivel local en nuestras ciudades y municipios seguir\u00e1 siendo objeto de inter\u00e9s para Canal Sur Radio, con una clara apuesta por las <strong>desconexiones locales desde los diez centros territoriales<\/strong> de la cadena en toda Andaluc\u00eda. A las numerosas ventanas que se abren para ello a lo largo de toda la programaci\u00f3n, se a\u00f1adir\u00e1 la pr\u00f3xima temporada una m\u00e1s, a partir de las 11:03 horas, al t\u00e9rmino del bolet\u00edn horario.<\/p>\n<p><strong>Voces que pasan a los fines de semana<br \/><\/strong><br \/>Las ma\u00f1anas de los fines de semana contar\u00e1n con la voz de <strong>Maril\u00f3 Maldonado<\/strong>. La periodista malague\u00f1a, que conducir\u00e1 la primera parte del matinal <strong>\u00abGente de Andaluc\u00eda\u00bb<\/strong>, dar\u00e1 los \u2018buenos d\u00edas\u2019 a la audiencia con un <strong>elaborado programa de actualidad, divulgaci\u00f3n y servicio p\u00fablico<\/strong>, buscando contenidos amables y de inter\u00e9s para el oyente. <strong>Pepe da Rosa<\/strong> tomar\u00e1 el relevo del programa en la segunda parte, hasta la hora del <strong>informativo de fin de semana<\/strong>, conducido por <strong>Carmen Rodr\u00edguez Garz\u00f3n<\/strong>.<\/p>\n<p>El espacio deportivo <strong>\u00abLa Gran Jugada de Canal Sur Radio\u00bb<\/strong> potenciar\u00e1 sus contenidos a partir de septiembre, incorporando <strong>nuevos colaboradores<\/strong> y ofreciendo un programa coral que ofrecer\u00e1 mucho m\u00e1s que la mera informaci\u00f3n sobre la marcha de las competiciones deportivas del fin de semana, haciendo hincapi\u00e9 en el debate y la actualidad m\u00e1s desconocida del deporte.<\/p>\n<p>En la programaci\u00f3n de la pr\u00f3xima temporada de Canal Sur Radio permanecen, adem\u00e1s, <strong>espacios ya consagrados<\/strong>, como <strong>\u00abLa Noche de Rafa Cremades\u00bb<\/strong>, que renueva sus colaboradores, y <strong>\u00abLa Noche m\u00e1s Hermosa\u00bb<\/strong>, la alternativa misteriosa de Pilar Muriel para los fines de semana; los viernes seguiremos escuchando los prestigiosos <strong>\u00abCambio Clim\u00e1tico\u00bb<\/strong>, de Javier Bola\u00f1os, y <strong>\u00abLa Sal de la Tierra\u00bb<\/strong>, de Pedro Lu\u00eds G\u00f3mez; <strong>\u00abAndaluc\u00eda Nuestra\u00bb<\/strong>, de Inmaculada Gonz\u00e1lez, y <strong>\u00abEl Show del Comandante Lara\u00bb<\/strong> abrir\u00e1n y cerrar\u00e1n el fin de semana.<\/p>\n<p><strong>Radio Andaluc\u00eda Informaci\u00f3n, actualidad, cultura y temas sociales<br \/><\/strong><br \/>La actualidad informativa protagonizar\u00e1 las ma\u00f1anas de Radio Andaluc\u00eda Informaci\u00f3n, mientras que la tarde estar\u00e1 dedicada a ofrecer contenidos culturales y sociales.<\/p>\n<p><strong>\u00abAndaluc\u00eda es Cultura\u00bb, \u00abPortal Flamenco\u00bb, \u00abPoetas Andaluces\u00bb, \u00abAndaluc\u00eda Educativa\u00bb, \u00abRuta Mediterr\u00e1nea\u00bb, \u00abPatrimonio Andaluz\u00bb, \u00abAndaluc\u00eda un siglo de M\u00fasicas\u00bb, \u00abBulevar del Jazz\u00bb, \u00abAndaluc\u00eda en la Historia\u00bb, \u00abPlaneta Keppler\u00bb <\/strong>o<strong> \u00abLa Mirada Desatada\u00bb<\/strong> son los principales exponentes de la vocaci\u00f3n cultural de la cadena.<\/p>\n<p>El \u00e1mbito social se ver\u00e1 reflejado en los espacios <strong>\u00abDesaparecidos\u00bb, \u00abCuarto Mundo\u00bb, \u00abLatino Andaluz\u00bb <\/strong>y<strong> \u00abOrientaci\u00f3n Laboral\u00bb<\/strong>. La radio de autor tiene su espacio en la cadena andaluza con \u201cEl Flexo\u201d, de Paco Reyero, cada d\u00eda a medianoche.<\/p>\n<p><strong>Canal Fiesta Radio est\u00e1 de aniversario<br \/><\/strong><br \/>Esta temporada, <strong>Canal Fiesta Radio cumple 25 a\u00f1os<\/strong> y lo va a celebrar por todo lo alto, con <strong>grandes eventos y una renovaci\u00f3n de contenidos<\/strong> que estar\u00e1 caracterizada por la fidelidad a sus se\u00f1as de identidad. El objetivo es seguir siendo la banda sonora de la vida cotidiana en nuestra tierra.<\/p>\n<p>La nueva programaci\u00f3n de Canal Fiesta Radio va a estar basada en los grandes \u00e9xitos que la identifican entre la audiencia y que han hecho de ella una radio musical de referencia. Todo esto, sin olvidar su apuesta por los nuevos valores andaluces, a los que seguir\u00e1 apoyando, difundiendo la m\u00fasica que se hace en nuestra tierra de forma prioritaria.<\/p>\n","protected":false},"excerpt":{"rendered":"La informaci\u00f3n como se\u00f1a de identidad de la radio p\u00fablica andaluza, nuevas voces y programas de actualidad y&hellip;\n","protected":false},"author":2,"featured_media":81111,"comment_status":"","ping_status":"","sticky":false,"template":"","format":"standard","meta":{"footnotes":""},"categories":[170],"tags":[146,147,25,24,184,185,23],"class_list":{"0":"post-81110","1":"post","2":"type-post","3":"status-publish","4":"format-standard","5":"has-post-thumbnail","7":"category-musica","8":"tag-entertainment","9":"tag-entretenimiento","10":"tag-es","11":"tag-espana","12":"tag-music","13":"tag-musica","14":"tag-spain"},"share_on_mastodon":{"url":"","error":""},"_links":{"self":[{"href":"https:\/\/www.europesays.com\/es\/wp-json\/wp\/v2\/posts\/81110","targetHints":{"allow":["GET"]}}],"collection":[{"href":"https:\/\/www.europesays.com\/es\/wp-json\/wp\/v2\/posts"}],"about":[{"href":"https:\/\/www.europesays.com\/es\/wp-json\/wp\/v2\/types\/post"}],"author":[{"embeddable":true,"href":"https:\/\/www.europesays.com\/es\/wp-json\/wp\/v2\/users\/2"}],"replies":[{"embeddable":true,"href":"https:\/\/www.europesays.com\/es\/wp-json\/wp\/v2\/comments?post=81110"}],"version-history":[{"count":0,"href":"https:\/\/www.europesays.com\/es\/wp-json\/wp\/v2\/posts\/81110\/revisions"}],"wp:featuredmedia":[{"embeddable":true,"href":"https:\/\/www.europesays.com\/es\/wp-json\/wp\/v2\/media\/81111"}],"wp:attachment":[{"href":"https:\/\/www.europesays.com\/es\/wp-json\/wp\/v2\/media?parent=81110"}],"wp:term":[{"taxonomy":"category","embeddable":true,"href":"https:\/\/www.europesays.com\/es\/wp-json\/wp\/v2\/categories?post=81110"},{"taxonomy":"post_tag","embeddable":true,"href":"https:\/\/www.europesays.com\/es\/wp-json\/wp\/v2\/tags?post=81110"}],"curies":[{"name":"wp","href":"https:\/\/api.w.org\/{rel}","templated":true}]}}