{"id":81126,"date":"2025-08-30T01:19:03","date_gmt":"2025-08-30T01:19:03","guid":{"rendered":"https:\/\/www.europesays.com\/es\/81126\/"},"modified":"2025-08-30T01:19:03","modified_gmt":"2025-08-30T01:19:03","slug":"el-gobierno-mueve-a-menores-dentro-de-canarias-para-cumplir-con-el-tribunal-supremo","status":"publish","type":"post","link":"https:\/\/www.europesays.com\/es\/81126\/","title":{"rendered":"El Gobierno mueve a menores dentro de Canarias para cumplir con el Tribunal Supremo"},"content":{"rendered":"<p style=\"\">El Gobierno de Espa\u00f1a ha trasladado a centros estatales a 260 menores migrantes con derecho a asilo <a href=\"https:\/\/www.abc.es\/espana\/supremo-ordena-gobiernos-central-canario-informe-quincenal-20250702131217-nt.html\" target=\"_self\" data-voc-vtm-id=\"in-text-traffic\" title=\"en cumplimiento con el auto del Tribunal Supremo\" data-mrf-link=\"www.abc.es\" rel=\"nofollow noopener\">en cumplimiento con el auto del Tribunal Supremo<\/a>, pero de ellos apenas son unos 60 los que han salido de las islas. El auto del Tribunal Supremo  &#8230; de marzo, para la adopci\u00f3n de medidas urgentes por parte del Gobierno central, orden\u00f3 la integraci\u00f3n de los menores no acompa\u00f1ados solicitantes de protecci\u00f3n internacional en el Sistema Nacional de Acogida con el fin de garantizar sus derechos y necesidades b\u00e1sicas en condiciones de dignidad. En cambio, no exige que los centros de competencia estatal de la red a los que son trasladados los j\u00f3venes deban estar en otras comunidades diferentes a la canaria.<\/p>\n<p class=\"voc-p\" style=\"\">En virtud de esta premisa, <strong>el Estado contabiliza 260 menores que ya se han integrado en la red en cumplimiento con el Alto Tribunal<\/strong>. Al detalle, 32 ya han sido trasladados a otras comunidades, otros 20 est\u00e1 previsto que viajen este domingo, 40 que ya han alcanzado la mayor\u00eda de edad y han sido derivados a centros de competencia estatal para adultos, y 164 que han sido trasladados al centro Canarias 50, en Gran Canaria, desde otros centros tambi\u00e9n en las islas.<\/p>\n<p>\nEl Alto Tribunal no exige traslado a otra comunidad\n<\/p>\n<p class=\"voc-p\" style=\"\">De acuerdo con las fuentes del Ministerio de Pol\u00edtica Territorial consultadas por ABC, el Supremo no exige que los menores sean trasladados a otras comunidades, aunque \u00abel Gobierno de Espa\u00f1a entiende, comprende y comparte la necesidad de que se distribuyan en recursos de otros territorios\u00bb. La filosof\u00eda del equipo que lidera Pedro S\u00e1nchez es \u00abaliviar los territorios con m\u00e1s presi\u00f3n migratoria\u00bb y por eso se trabaja en poder trasladarlos a otras comunidades, aunque no est\u00e1 obligado a ello.<\/p>\n<p class=\"voc-p\" style=\"\">Otra cuesti\u00f3n distinta es la modificaci\u00f3n del art\u00edculo 35 de la Ley de Extranjer\u00eda, aprobada recientemente y que s\u00ed obliga a las comunidades a hacerse cargo de un n\u00famero determinado de menores de acuerdo con las plazas disponibles y la presi\u00f3n soportada por cada territorio, y que afecta a los menores migrantes que pidieron asilo y los que no.<\/p>\n<p class=\"voc-p\" style=\"\">El Ejecutivo de Canarias tutela en este momento 5.017 menores migrantes no acompa\u00f1ados, entre los que hay en torno a un millar que tienen derecho a asilo. La declaraci\u00f3n de contingencia migratoria aprobada por el Ministerio que dirige Sira Rego est\u00e1, por tanto, m\u00e1s que avalada, ya que <strong>al archipi\u00e9lago le corresponden 737 plazas<\/strong>, triplicando ese n\u00famero a las puertas de la temporada del &#8216;mar de las calmas&#8217; a partir de septiembre, \u00e9poca en la que la mejora de las condiciones de navegaci\u00f3n suele ir de la mano de un pico de llegadas de cayucos y neum\u00e1ticas a las islas. <\/p>\n<p class=\"voc-p\" style=\"\">La consejera de Bienestar Social, Igualdad, Juventud, Infancia y Familias, Candelaria Delgado, ha celebrado esta declaraci\u00f3n, que \u00absupone un paso hist\u00f3rico para Canarias y para Espa\u00f1a\u00bb, ya que se traduce en \u00abuna base legal y estable para el reparto solidario de los menores migrantes no acompa\u00f1ados en todo el territorio nacional\u00bb y conf\u00eda en que sirve para un \u00abimportante avance\u00bb.<\/p>\n<p class=\"voc-p\" style=\"\">Esta es una respuesta a lo vivido en los \u00faltimos meses, en los que el Ejecutivo ha insistido en la falta de celeridad en el procedimiento, y de un balance \u00abinsuficiente\u00bb. Como apuntan fuentes del Gobierno regional, dentro de la cifra del Estado \u00abfiguran los 40 que, a pesar de haber tenido el derecho, han cumplido la mayor\u00eda de edad en este proceso y no est\u00e1n ni fuera de Canarias ni en el Canarias50, sino en centros de mayores gestionados por el Estado\u00bb. La tardanza les ha privado de derechos que les corresponden por su protecci\u00f3n internacional como menores tutelados.<\/p>\n","protected":false},"excerpt":{"rendered":"El Gobierno de Espa\u00f1a ha trasladado a centros estatales a 260 menores migrantes con derecho a asilo en&hellip;\n","protected":false},"author":2,"featured_media":81127,"comment_status":"","ping_status":"","sticky":false,"template":"","format":"standard","meta":{"footnotes":""},"categories":[8],"tags":[17,18,1896,5878,3455,25,24,13,14,582,11,19,20,1567,24868,9,10,15,16,23,8312,12,9596,21,22],"class_list":{"0":"post-81126","1":"post","2":"type-post","3":"status-publish","4":"format-standard","5":"has-post-thumbnail","7":"category-espana","8":"tag-breaking-news","9":"tag-breakingnews","10":"tag-canarias","11":"tag-cumplir","12":"tag-dentro","13":"tag-es","14":"tag-espana","15":"tag-featured-news","16":"tag-featurednews","17":"tag-gobierno","18":"tag-headlines","19":"tag-latest-news","20":"tag-latestnews","21":"tag-menores","22":"tag-mueve","23":"tag-news","24":"tag-noticias","25":"tag-noticias-destacadas","26":"tag-noticiasdestacadas","27":"tag-spain","28":"tag-supremo","29":"tag-titulares","30":"tag-tribunal","31":"tag-ultimas-noticias","32":"tag-ultimasnoticias"},"share_on_mastodon":{"url":"","error":""},"_links":{"self":[{"href":"https:\/\/www.europesays.com\/es\/wp-json\/wp\/v2\/posts\/81126","targetHints":{"allow":["GET"]}}],"collection":[{"href":"https:\/\/www.europesays.com\/es\/wp-json\/wp\/v2\/posts"}],"about":[{"href":"https:\/\/www.europesays.com\/es\/wp-json\/wp\/v2\/types\/post"}],"author":[{"embeddable":true,"href":"https:\/\/www.europesays.com\/es\/wp-json\/wp\/v2\/users\/2"}],"replies":[{"embeddable":true,"href":"https:\/\/www.europesays.com\/es\/wp-json\/wp\/v2\/comments?post=81126"}],"version-history":[{"count":0,"href":"https:\/\/www.europesays.com\/es\/wp-json\/wp\/v2\/posts\/81126\/revisions"}],"wp:featuredmedia":[{"embeddable":true,"href":"https:\/\/www.europesays.com\/es\/wp-json\/wp\/v2\/media\/81127"}],"wp:attachment":[{"href":"https:\/\/www.europesays.com\/es\/wp-json\/wp\/v2\/media?parent=81126"}],"wp:term":[{"taxonomy":"category","embeddable":true,"href":"https:\/\/www.europesays.com\/es\/wp-json\/wp\/v2\/categories?post=81126"},{"taxonomy":"post_tag","embeddable":true,"href":"https:\/\/www.europesays.com\/es\/wp-json\/wp\/v2\/tags?post=81126"}],"curies":[{"name":"wp","href":"https:\/\/api.w.org\/{rel}","templated":true}]}}