{"id":81134,"date":"2025-08-30T01:23:11","date_gmt":"2025-08-30T01:23:11","guid":{"rendered":"https:\/\/www.europesays.com\/es\/81134\/"},"modified":"2025-08-30T01:23:11","modified_gmt":"2025-08-30T01:23:11","slug":"dana-white-confirma-la-llegada-de-la-ufc-a-la-casa-blanca-lo-hemos-conseguido","status":"publish","type":"post","link":"https:\/\/www.europesays.com\/es\/81134\/","title":{"rendered":"Dana White confirma la llegada de la UFC a la Casa Blanca: \u00abLo hemos conseguido\u00bb"},"content":{"rendered":"<p class=\"c-paragraph\">El director ejecutivo de la <a href=\"https:\/\/www.20minutos.es\/tags\/deportes\/ufc.html\" title=\"UFC\" rel=\"nofollow noopener\" target=\"_blank\">UFC<\/a>, Dana White, <b>ha confirmado este jueves que la compa\u00f1\u00eda celebrar\u00e1 una velada en la Casa Blanca<\/b>, residencia presidencial de los Estados Unidos, el pr\u00f3ximo 4 de julio de 2026 con motivo del 250 aniversario de la independencia del pa\u00eds.<\/p>\n<p class=\"c-paragraph\">\u00abLa lucha por la Casa Blanca est\u00e1 en marcha. Tendr\u00e9 m\u00e1s detalles al respecto en las pr\u00f3ximas semanas. <b>Lo hemos conseguido<\/b>\u00ab, afirm\u00f3 Dana White en un v\u00eddeo publicado en las redes sociales.\u00a0<\/p>\n<p class=\"c-paragraph\">As\u00ed, <b>White ha confirmando las especulaciones <\/b>que hab\u00eda en los \u00faltimos meses sobre la posibilidad de celebrar una velada de UFC en la Casa Blanca por el aniversario estadounidense.<\/p>\n<p class=\"c-paragraph\">El presidente de los Estados Unidos, <a href=\"https:\/\/www.20minutos.es\/tags\/personas\/donald-trump.html\" title=\"Donald Trump\" rel=\"nofollow noopener\" target=\"_blank\">Donald Trump<\/a>, declar\u00f3 el pasado mes de julio que quer\u00eda organizar un combate de UFC en los terrenos de la Casa Blanca<b> con m\u00e1s de 20.000 espectadores para celebrar los 250 a\u00f1os de la independencia estadounidense.<\/b> Un presidente de los Estados Unidos al que le une la amistad con el mandam\u00e1s de la UFC.<\/p>\n","protected":false},"excerpt":{"rendered":"El director ejecutivo de la UFC, Dana White, ha confirmado este jueves que la compa\u00f1\u00eda celebrar\u00e1 una velada&hellip;\n","protected":false},"author":2,"featured_media":81135,"comment_status":"","ping_status":"","sticky":false,"template":"","format":"standard","meta":{"footnotes":""},"categories":[276],"tags":[1779,1681,168,25,24,5808,23,167,343,3797],"class_list":{"0":"post-81134","1":"post","2":"type-post","3":"status-publish","4":"format-standard","5":"has-post-thumbnail","7":"category-ufc","8":"tag-confirma","9":"tag-dana","10":"tag-deportes","11":"tag-es","12":"tag-espana","13":"tag-llegada","14":"tag-spain","15":"tag-sports","16":"tag-ufc","17":"tag-white"},"share_on_mastodon":{"url":"","error":""},"_links":{"self":[{"href":"https:\/\/www.europesays.com\/es\/wp-json\/wp\/v2\/posts\/81134","targetHints":{"allow":["GET"]}}],"collection":[{"href":"https:\/\/www.europesays.com\/es\/wp-json\/wp\/v2\/posts"}],"about":[{"href":"https:\/\/www.europesays.com\/es\/wp-json\/wp\/v2\/types\/post"}],"author":[{"embeddable":true,"href":"https:\/\/www.europesays.com\/es\/wp-json\/wp\/v2\/users\/2"}],"replies":[{"embeddable":true,"href":"https:\/\/www.europesays.com\/es\/wp-json\/wp\/v2\/comments?post=81134"}],"version-history":[{"count":0,"href":"https:\/\/www.europesays.com\/es\/wp-json\/wp\/v2\/posts\/81134\/revisions"}],"wp:featuredmedia":[{"embeddable":true,"href":"https:\/\/www.europesays.com\/es\/wp-json\/wp\/v2\/media\/81135"}],"wp:attachment":[{"href":"https:\/\/www.europesays.com\/es\/wp-json\/wp\/v2\/media?parent=81134"}],"wp:term":[{"taxonomy":"category","embeddable":true,"href":"https:\/\/www.europesays.com\/es\/wp-json\/wp\/v2\/categories?post=81134"},{"taxonomy":"post_tag","embeddable":true,"href":"https:\/\/www.europesays.com\/es\/wp-json\/wp\/v2\/tags?post=81134"}],"curies":[{"name":"wp","href":"https:\/\/api.w.org\/{rel}","templated":true}]}}