{"id":81154,"date":"2025-08-30T01:36:13","date_gmt":"2025-08-30T01:36:13","guid":{"rendered":"https:\/\/www.europesays.com\/es\/81154\/"},"modified":"2025-08-30T01:36:13","modified_gmt":"2025-08-30T01:36:13","slug":"el-millonario-fleco-que-tiene-bloqueado-a-betis-y-united-por-antony","status":"publish","type":"post","link":"https:\/\/www.europesays.com\/es\/81154\/","title":{"rendered":"El millonario fleco que tiene bloqueado a Betis y United por Antony"},"content":{"rendered":"<p>El club ingl\u00e9s desliza que acepta la propuesta b\u00e9tica, pero sin atender a un compromiso pactado con el brasile\u00f1o<br \/>\nLa direcci\u00f3n deportiva verdiblanca ya busca alternativas, ante la par\u00e1lisis de la negociaci\u00f3n<\/p>\n<p><img fetchpriority=\"high\" class=\"voc-img\" src=\"https:\/\/www.europesays.com\/es\/wp-content\/uploads\/2025\/08\/antony-gol-girona-ep-RKQake2UBIgqYJkahocT0rI-1200x840@diario_abc.jpg\" loading=\"eager\" decoding=\"async\" alt=\"Antony, en el Girona-Betis de LaLiga 24-25\" width=\"1200\" height=\"840\"\/><\/p>\n<p>Antony, en el Girona-Betis de LaLiga 24-25    ep  <\/p>\n<p class=\"voc-p\" style=\"\">El culebr\u00f3n del fichaje de Antony sigue abierto. Pese a que desde Inglaterra se ha anunciado que el Manchester United acepta las condiciones de la \u00faltima oferta del Betis, la realidad es que <strong>el acuerdo entre todas las partes no est\u00e1 cerrado<\/strong> y, a esta hora, ni siquiera cercano aunque todo est\u00e1 abierto. <strong>Un importante y millonario fleco de la operaci\u00f3n mantiene bloqueada la negociaci\u00f3n<\/strong> desde esta ma\u00f1ana e incluso ha provocado que esta tarde la direcci\u00f3n deportiva verdiblanca haya reactivado las alternativas que ten\u00eda sobre la mesa para reforzar la banda derecha.<\/p>\n<p class=\"voc-p\" style=\"\">La cuesti\u00f3n radica en una cantidad de dinero, que fuentes de la operaci\u00f3n cifran por encima de los seis millones de euros, que <strong>el United debe abonar a Antony y del que ahora se quiere desatender para que lo asuma el Betis o, en su defecto, lo renuncie el futbolista<\/strong>. En el club verdiblanco no se contaba con ese dinero cuando se envi\u00f3 esa \u00faltima propuesta al l\u00edmite de lo disponible y tampoco el brasile\u00f1o est\u00e1 dispuesto a realizar un esfuerzo a\u00f1adido que antes no se hab\u00eda puesto sobre la mesa, ya que hab\u00eda aceptado ajustarse su salario a la realidad del Betis.<\/p>\n<p class=\"voc-p\" style=\"\">As\u00ed, aunque desde Inglaterra se asegura que <strong>el United le ha concedido permiso al futbolista para viajar a Sevilla para pasar el reconocimiento m\u00e9dico, en el Betis no se ha activado este protocolo<\/strong>, ya que se entiende que la negociaci\u00f3n no se ha manejado en los t\u00e9rminos hablados anteriormente, por m\u00e1s que el United s\u00ed haya aceptado en las \u00faltimas horas esa propuesta de 25 millones de euros por el 50% de los derechos econ\u00f3micos del jugador.<\/p>\n<p class=\"voc-p\" style=\"\">Esas diferente visi\u00f3n de la negociaci\u00f3n entre los clubes hace que ahora mismo el trapaso no sea viable, pero <strong>quedan horas todav\u00eda para el cierre del mercado para que las posturas puedan ser reconsideradas<\/strong> y retomar una negociaci\u00f3n que, ahora mismo, est\u00e1 bloqueada.<\/p>\n<p>Reportar un error<\/p>\n","protected":false},"excerpt":{"rendered":"El club ingl\u00e9s desliza que acepta la propuesta b\u00e9tica, pero sin atender a un compromiso pactado con el&hellip;\n","protected":false},"author":2,"featured_media":81155,"comment_status":"","ping_status":"","sticky":false,"template":"","format":"standard","meta":{"footnotes":""},"categories":[93],"tags":[23655,291,30761,168,25,24,30760,5342,23,167,23571],"class_list":{"0":"post-81154","1":"post","2":"type-post","3":"status-publish","4":"format-standard","5":"has-post-thumbnail","7":"category-deportes","8":"tag-antony","9":"tag-betis","10":"tag-bloqueado","11":"tag-deportes","12":"tag-es","13":"tag-espana","14":"tag-fleco","15":"tag-millonario","16":"tag-spain","17":"tag-sports","18":"tag-united"},"share_on_mastodon":{"url":"","error":""},"_links":{"self":[{"href":"https:\/\/www.europesays.com\/es\/wp-json\/wp\/v2\/posts\/81154","targetHints":{"allow":["GET"]}}],"collection":[{"href":"https:\/\/www.europesays.com\/es\/wp-json\/wp\/v2\/posts"}],"about":[{"href":"https:\/\/www.europesays.com\/es\/wp-json\/wp\/v2\/types\/post"}],"author":[{"embeddable":true,"href":"https:\/\/www.europesays.com\/es\/wp-json\/wp\/v2\/users\/2"}],"replies":[{"embeddable":true,"href":"https:\/\/www.europesays.com\/es\/wp-json\/wp\/v2\/comments?post=81154"}],"version-history":[{"count":0,"href":"https:\/\/www.europesays.com\/es\/wp-json\/wp\/v2\/posts\/81154\/revisions"}],"wp:featuredmedia":[{"embeddable":true,"href":"https:\/\/www.europesays.com\/es\/wp-json\/wp\/v2\/media\/81155"}],"wp:attachment":[{"href":"https:\/\/www.europesays.com\/es\/wp-json\/wp\/v2\/media?parent=81154"}],"wp:term":[{"taxonomy":"category","embeddable":true,"href":"https:\/\/www.europesays.com\/es\/wp-json\/wp\/v2\/categories?post=81154"},{"taxonomy":"post_tag","embeddable":true,"href":"https:\/\/www.europesays.com\/es\/wp-json\/wp\/v2\/tags?post=81154"}],"curies":[{"name":"wp","href":"https:\/\/api.w.org\/{rel}","templated":true}]}}