{"id":81170,"date":"2025-08-30T01:45:09","date_gmt":"2025-08-30T01:45:09","guid":{"rendered":"https:\/\/www.europesays.com\/es\/81170\/"},"modified":"2025-08-30T01:45:09","modified_gmt":"2025-08-30T01:45:09","slug":"pedro-caminero-iker-de-virgilio-e-iker-rodriguez-triunfadores-de-la-clase-practica-de-san-antolin","status":"publish","type":"post","link":"https:\/\/www.europesays.com\/es\/81170\/","title":{"rendered":"Pedro Caminero, Iker de Virgilio e Iker Rodr\u00edguez, triunfadores de la clase pr\u00e1ctica de San Antol\u00edn"},"content":{"rendered":"<p>Las puertas del coso de Campos G\u00f3ticos se abr\u00edan este viernes para acoger la primera cita taurina de las fiestas de San Antol\u00edn, la tradicional  &#8230; clase pr\u00e1ctica con la que cada a\u00f1o inician el ciclo taurino los alumnos de la Escuela Taurina de Palencia, organizando una cita que ya se ha convertido en ineludible para la afici\u00f3n.<\/p>\n<p class=\"v-p\">Como ocurri\u00f3 en a\u00f1os anteriores, la entrada gratuita y el inter\u00e9s por apoyar a las j\u00f3venes promesas del toreo anim\u00f3 a los palentinos a llenar media plaza (5.000 localidades) para poder disfrutar de los seis novilleros que hac\u00edan el pase\u00edllo con un gran compromiso y el objetivo de demostrar por qu\u00e9 son los herederos de este noble arte. <\/p>\n<p class=\"v-p\">Abr\u00eda el cartel David Cob, que toreaba en casa. Recib\u00eda al primer novillo de la tarde de rodillas. Con el capote respondi\u00f3 bien por el pit\u00f3n izquierdo, dejando detalles que gustaron a la afici\u00f3n. El brindis al p\u00fablico de <a href=\"https:\/\/www.elnortedecastilla.es\/palencia\/\" data-voc-vtm-id=\"in-text-traffic\" title=\"Palencia\" data-mrf-link=\"www.elnortedecastilla.es\" rel=\"nofollow noopener\" target=\"_blank\">Palencia<\/a> fue el pre\u00e1mbulo de una faena que trat\u00f3 de ligar con una acertada tanda de derechazos, aunque no obtuvo premio.<\/p>\n<p><a href=\"http:\/\/www.elnortedecastilla.es\/palencia\/fiestas\/toros\/herederos-grandes-figuras-toreo-20250828111923-nt.html#vtm_modulosEngag=mod-rel:palencia:noticia:1:cmp:1-not\" class=\"v-a-link\" aria-label=\"Imagen\" rel=\"nofollow noopener\" target=\"_blank\"><\/p>\n<p><img decoding=\"async\" loading=\"lazy\" src=\"https:\/\/www.europesays.com\/es\/wp-content\/uploads\/2025\/08\/1485509990-klKH--366x256@El Norte.jpg\" class=\"v-a-img\" width=\"258\" height=\"180\" alt=\"\" data-voc-vtm-id=\"in-text-traffic\"\/><\/p>\n<p><\/a><\/p>\n<p class=\"v-p\">Tras \u00e9l, el alumno de la escuela salmantina, Pedro Caminero, intent\u00f3 exprimir a un ejemplar descastado y sin condici\u00f3n que no acompa\u00f1\u00f3 en ning\u00fan momento las intenciones del joven. Con la mano izquierda procur\u00f3 torearlo sin \u00e9xito antes de la estocada, algo trasera, que dio muerte al animal. El presidente y el p\u00fablico premiaron el oficio del novillero con dos orejas.<\/p>\n<p class=\"v-p\">Mart\u00edn Mendoza, de Camas (Sevilla), recibi\u00f3 al tercero de la tarde queriendo evitar los enganchones iniciales para despu\u00e9s dar ritmo a una faena que fue tomando altos vuelos y que solo se vio interrumpida por un topetazo del que se recuper\u00f3 con gallard\u00eda para finalizar la faena. La espada le vali\u00f3 una oreja tras la insistencia de los aficionados.<\/p>\n<p class=\"v-p\">Por su parte, Iker de Virgilio, de Castell\u00f3n, mostr\u00f3 grandes dotes con el capote a su comienzo. De rodillas, ya con la muleta, empez\u00f3 a bordar la mejor faena de la tarde. Primero, por la derecha, para despu\u00e9s al natural llevar al animal al son de sus mu\u00f1ecas. El novillo acompa\u00f1\u00f3 en cada pase dadas sus grandes cualidades. Estocada certera y el burel fue desorejado premi\u00e1ndole con la vuelta al ruedo.<\/p>\n<p class=\"v-p\">Eduardo Chibanga, de la escuela portuguesa de Moita, recibi\u00f3 al quinto a porta gayola, dejando de manifiesto desde el principio su entrega. Gust\u00f3 mucho con el capote, igual que con la muleta. Enseguida se meti\u00f3 al p\u00fablico en el bolsillo probando por ambos pitones. La falta de acierto con el estoque le priv\u00f3 de recompensa. <\/p>\n<p class=\"v-p\">Cerr\u00f3 la tarde el valenciano Iker Rodr\u00edguez con un ejemplar falto de fuerza que tuvo que sujetar para poder torear sin demasiado \u00e9xito, dejando una faena insulsa. El novillero lo intent\u00f3 por la derecha aprovechando lo poco que el sexto dio de s\u00ed. A pesar de ello, mat\u00f3 bien y esto tambi\u00e9n le vali\u00f3 dos orejas. <\/p>\n<p>La Quinta trae la expectaci\u00f3n en el primer festejo del abono<\/p>\n<p class=\"v-p\">\nEste s\u00e1bado da comienzo la esperada feria taurina de San Antol\u00edn con un cartel formado por los diestros Miguel \u00c1ngel Perera, Emilio de Justo y Clemente con toros de la Quinta, ganader\u00eda que lidia por primera vez en Palencia y que supone uno de los principales atractivos del serial despu\u00e9s de los \u00e9xitos cosechados durante esta temporada. Un estreno que tanto el ganadero, \u00c1lvaro Mart\u00ednez Conradi, como los empresarios de la plaza esperan que sea del gusto de los aficionados palentinos.\n<\/p>\n<p class=\"v-p\">\nEl domingo ser\u00e1 el turno de los rejones con astados de Guiomar Cort\u00e9s de Moura para los toreros Rui Fernandes, Diego Ventura y Duarte Fernades. El lunes se lidiar\u00e1n toros de N\u00fa\u00f1ez del Cuvillo con un cambio en el cartel ya que Morante de la Puebla, quien encabezaba la terna, ha tenido que ser sustituido debido a la cornada que sufri\u00f3 hace unos d\u00edas en Pontevedra.\n<\/p>\n<p class=\"v-p\">\nEn su lugar, Sebasti\u00e1n Castella, nombre que fue anunciado este jueves y quien har\u00e1 el pase\u00edllo junto a Jos\u00e9 Mar\u00eda Manzanares y Pablo Aguado. Los tres diestros son del gusto del p\u00fablico y no es la primera vez que pisan la arena de Campos G\u00f3ticos. La \u00faltima tarde, la del d\u00eda de San Antol\u00edn, tendr\u00e1 como protagonista a la Pe\u00f1a Taurina, que recibir\u00e1 un homenaje p\u00fablico con motivo de su 50 aniversario. Un momento especial que se vivir\u00e1 antes de que comience la corrida goyesca con la presencia de Alejandro Talavante, Andr\u00e9s Roca Rey y Tom\u00e1s Rufo.<\/p>\n","protected":false},"excerpt":{"rendered":"Las puertas del coso de Campos G\u00f3ticos se abr\u00edan este viernes para acoger la primera cita taurina de&hellip;\n","protected":false},"author":2,"featured_media":81171,"comment_status":"","ping_status":"","sticky":false,"template":"","format":"standard","meta":{"footnotes":""},"categories":[277],"tags":[21867,373,30764,16816,168,25,24,12929,1822,21262,416,2228,23,167,374,20804,30765],"class_list":{"0":"post-81170","1":"post","2":"type-post","3":"status-publish","4":"format-standard","5":"has-post-thumbnail","7":"category-toreo","8":"tag-antolin","9":"tag-bullfighting","10":"tag-caminero","11":"tag-clase","12":"tag-deportes","13":"tag-es","14":"tag-espana","15":"tag-iker","16":"tag-pedro","17":"tag-practica","18":"tag-rodriguez","19":"tag-san","20":"tag-spain","21":"tag-sports","22":"tag-toreo","23":"tag-triunfadores","24":"tag-virgilio"},"share_on_mastodon":{"url":"","error":""},"_links":{"self":[{"href":"https:\/\/www.europesays.com\/es\/wp-json\/wp\/v2\/posts\/81170","targetHints":{"allow":["GET"]}}],"collection":[{"href":"https:\/\/www.europesays.com\/es\/wp-json\/wp\/v2\/posts"}],"about":[{"href":"https:\/\/www.europesays.com\/es\/wp-json\/wp\/v2\/types\/post"}],"author":[{"embeddable":true,"href":"https:\/\/www.europesays.com\/es\/wp-json\/wp\/v2\/users\/2"}],"replies":[{"embeddable":true,"href":"https:\/\/www.europesays.com\/es\/wp-json\/wp\/v2\/comments?post=81170"}],"version-history":[{"count":0,"href":"https:\/\/www.europesays.com\/es\/wp-json\/wp\/v2\/posts\/81170\/revisions"}],"wp:featuredmedia":[{"embeddable":true,"href":"https:\/\/www.europesays.com\/es\/wp-json\/wp\/v2\/media\/81171"}],"wp:attachment":[{"href":"https:\/\/www.europesays.com\/es\/wp-json\/wp\/v2\/media?parent=81170"}],"wp:term":[{"taxonomy":"category","embeddable":true,"href":"https:\/\/www.europesays.com\/es\/wp-json\/wp\/v2\/categories?post=81170"},{"taxonomy":"post_tag","embeddable":true,"href":"https:\/\/www.europesays.com\/es\/wp-json\/wp\/v2\/tags?post=81170"}],"curies":[{"name":"wp","href":"https:\/\/api.w.org\/{rel}","templated":true}]}}