{"id":81180,"date":"2025-08-30T01:53:16","date_gmt":"2025-08-30T01:53:16","guid":{"rendered":"https:\/\/www.europesays.com\/es\/81180\/"},"modified":"2025-08-30T01:53:16","modified_gmt":"2025-08-30T01:53:16","slug":"fue-de-las-mejores-cosas-que-me-pasaron-en-la-vida","status":"publish","type":"post","link":"https:\/\/www.europesays.com\/es\/81180\/","title":{"rendered":"Fue de las mejores cosas que me pasaron en la vida"},"content":{"rendered":"<p>Despu\u00e9s de varias semanas de constantes rumores, <a href=\"https:\/\/okdiario.com\/look\/actualidad\/nagore-robles-carla-filaa-nueva-etapa-costa-del-sol-2359874\" rel=\"nofollow noopener\" target=\"_blank\"><strong>Carla Flila<\/strong> <\/a>ha confirmado que su relaci\u00f3n con <a href=\"https:\/\/okdiario.com\/look\/actualidad\/casoplon-estrenar-sin-novia-rumores-que-rodean-nagore-robles-2347144\" rel=\"nofollow noopener\" target=\"_blank\"><strong>Nagore Robles<\/strong><\/a> ha terminado. Lo ha hecho a trav\u00e9s de las redes sociales, donde, mostr\u00e1ndose m\u00e1s sincera que nunca, ha escrito una carta dedicada a la que fuera concursante de Gran Hermano. <strong>\u00abTodo este camino,<\/strong> toda mi evoluci\u00f3n, es gracias a m\u00ed, pero tambi\u00e9n una gran parte <strong>es gracias a Nagore\u00bb<\/strong>, comenzaba a escribir.<\/p>\n<p>\u00abMe apetece decirlo p\u00fablicamente. Porque las personas que han estado ah\u00ed, que te han ayudado y acompa\u00f1ado en buscar tu mejor versi\u00f3n, merecen todo lo bueno\u00bb, prosegu\u00eda. Aseguraba que <strong>conocer a Nagore \u00abha sido de las mejores cosas que le han pasado en la vida\u00bb<\/strong> y que ella le acompa\u00f1\u00f3 en todo momento \u00aba buscar una mejor versi\u00f3n de ella misma\u00bb, un gesto que nunca olvidar\u00e1. <strong>\u00abSiempre la llevar\u00e9 conmigo.<\/strong> Cada parte de mi trabajo y de lo que soy hoy es gracias a m\u00ed, pero tambi\u00e9n a ella. Y por eso y por mil cosas m\u00e1s la voy a querer toda la vida\u00bb, conclu\u00eda.<\/p>\n<p>\n<img decoding=\"async\" loading=\"lazy\" class=\"size-medium wp-image-2367958\" alt=\"Carla Flila, Nagore Robles\" width=\"360\" height=\"620\"  src=\"https:\/\/www.europesays.com\/es\/wp-content\/uploads\/2025\/08\/1754781369_613_placeholder.jpg\"  bad-src=\"https:\/\/www.europesays.com\/es\/wp-content\/uploads\/2025\/08\/1754781369_613_placeholder.jpg\"\/><\/p>\n<p><img decoding=\"async\" loading=\"lazy\" class=\"size-medium wp-image-2367958\" src=\"https:\/\/www.europesays.com\/es\/wp-content\/uploads\/2025\/08\/carlaf-360x620.jpg\" alt=\"Carla Flila, Nagore Robles\" width=\"360\" height=\"620\"  \/><\/p>\n<p> Mensaje de Carla Flila en Instagram. (Foto: RRSS)\n<\/p>\n<p>Junto a estas palabras, Carla compart\u00eda un v\u00eddeo que public\u00f3 el pasado 26 de enero y en el que hac\u00eda una reflexi\u00f3n sobre c\u00f3mo hab\u00eda conseguido trabajar su autoestima gracias a la que era su pareja.<strong> \u00abA d\u00eda de hoy me quiero mucho m\u00e1s que hace un a\u00f1o y medio<\/strong>, cuando se me cruz\u00f3 en mi camino Nagore [\u2026] Ella me empez\u00f3 a recordar que era una chica valiente, v\u00e1lida y preciosa\u00bb, contaba. Unas palabras que tuvieron una reacci\u00f3n inmediata de la propia Robles:<strong> \u00abSomos un equipo<\/strong>, y nos sabemos cuidar muy bien la una a la otra. Pero tambi\u00e9n he aprendido a cuidarme con los a\u00f1os, a valorarme y a estar bien conmigo; algo que tambi\u00e9n est\u00e1s haciendo t\u00fa cada d\u00eda por ti misma\u00bb, expresaba.<\/p>\n<p>Por ahora, <strong>se desconocen los motivos<\/strong> que han llevado a una de las parejas m\u00e1s queridas de la red a poner punto final a su relaci\u00f3n. De hecho, hasta el momento, Nagore tampoco se ha pronunciado p\u00fablicamente al respecto.<\/p>\n<blockquote class=\"instagram-media\" style=\"background: #FFF; border: 0; border-radius: 3px; box-shadow: 0 0 1px 0 rgba(0,0,0,0.5),0 1px 10px 0 rgba(0,0,0,0.15); margin: 1px; max-width: 540px; min-width: 326px; padding: 0; width: calc(100% - 2px);\" data-instgrm-captioned=\"\" data-instgrm-permalink=\"https:\/\/www.instagram.com\/p\/DKRvLNasUBz\/?utm_source=ig_embed&amp;utm_campaign=loading\" data-instgrm-version=\"14\">\n<\/blockquote>\n<p>Siete meses despu\u00e9s, estas citadas palabras de la pareja de influencers han cobrado un nuevo significado vinculado con <strong>el recuerdo<\/strong>, lo \u00fanico que les queda despu\u00e9s de tomar la decisi\u00f3n de separar sus caminos. Unos caminos que empiezan a coger forma sin la compa\u00f1\u00eda de la otra. Y es que mientras que Carla contin\u00faa posicion\u00e1ndose como una de las creadoras de contenido m\u00e1s seguidas del pa\u00eds y vuelve a casa con su madre, la carrera de Nagore tampoco ha parado. De hecho, acaba de empezar un<strong> nuevo proyecto vinculado al programa que le dio la fama: Gran Hermano. <\/strong>Seg\u00fan desvel\u00f3 la cadena de Fuencarral, Nagore ha sido la elegida para presentar un nuevo formato que mostrar\u00e1 el casting de la vig\u00e9sima edici\u00f3n del reality.<\/p>\n<p>\t\t\t\t\t\t\t<script async src=\"\/\/www.instagram.com\/embed.js\"><\/script><\/p>\n","protected":false},"excerpt":{"rendered":"Despu\u00e9s de varias semanas de constantes rumores, Carla Flila ha confirmado que su relaci\u00f3n con Nagore Robles ha&hellip;\n","protected":false},"author":2,"featured_media":81181,"comment_status":"","ping_status":"","sticky":false,"template":"","format":"standard","meta":{"footnotes":""},"categories":[174],"tags":[255,146,147,25,24,256,3056,23],"class_list":{"0":"post-81180","1":"post","2":"type-post","3":"status-publish","4":"format-standard","5":"has-post-thumbnail","7":"category-famosos","8":"tag-celebrities","9":"tag-entertainment","10":"tag-entretenimiento","11":"tag-es","12":"tag-espana","13":"tag-famosos","14":"tag-nagore-robles","15":"tag-spain"},"share_on_mastodon":{"url":"","error":""},"_links":{"self":[{"href":"https:\/\/www.europesays.com\/es\/wp-json\/wp\/v2\/posts\/81180","targetHints":{"allow":["GET"]}}],"collection":[{"href":"https:\/\/www.europesays.com\/es\/wp-json\/wp\/v2\/posts"}],"about":[{"href":"https:\/\/www.europesays.com\/es\/wp-json\/wp\/v2\/types\/post"}],"author":[{"embeddable":true,"href":"https:\/\/www.europesays.com\/es\/wp-json\/wp\/v2\/users\/2"}],"replies":[{"embeddable":true,"href":"https:\/\/www.europesays.com\/es\/wp-json\/wp\/v2\/comments?post=81180"}],"version-history":[{"count":0,"href":"https:\/\/www.europesays.com\/es\/wp-json\/wp\/v2\/posts\/81180\/revisions"}],"wp:featuredmedia":[{"embeddable":true,"href":"https:\/\/www.europesays.com\/es\/wp-json\/wp\/v2\/media\/81181"}],"wp:attachment":[{"href":"https:\/\/www.europesays.com\/es\/wp-json\/wp\/v2\/media?parent=81180"}],"wp:term":[{"taxonomy":"category","embeddable":true,"href":"https:\/\/www.europesays.com\/es\/wp-json\/wp\/v2\/categories?post=81180"},{"taxonomy":"post_tag","embeddable":true,"href":"https:\/\/www.europesays.com\/es\/wp-json\/wp\/v2\/tags?post=81180"}],"curies":[{"name":"wp","href":"https:\/\/api.w.org\/{rel}","templated":true}]}}