{"id":81188,"date":"2025-08-30T01:59:11","date_gmt":"2025-08-30T01:59:11","guid":{"rendered":"https:\/\/www.europesays.com\/es\/81188\/"},"modified":"2025-08-30T01:59:11","modified_gmt":"2025-08-30T01:59:11","slug":"antony-y-un-nuevo-mensaje-en-las-horas-decisivas-para-saber-si-regresa-al-betis","status":"publish","type":"post","link":"https:\/\/www.europesays.com\/es\/81188\/","title":{"rendered":"Antony y un nuevo mensaje en las horas decisivas para saber si regresa al Betis"},"content":{"rendered":"<p>\u00abEntre familia y amigos, la vida siempre nos tiene reservada una gran sorpresa\u00bb, ha publicado el brasile\u00f1o en redes sociales<\/p>\n<p><img fetchpriority=\"high\" class=\"voc-img\" src=\"https:\/\/www.europesays.com\/es\/wp-content\/uploads\/2025\/08\/antony-leganes-ep-RCRc2S41A6I05dtUAPGogIK-1200x840@diario_abc.jpg\" loading=\"eager\" decoding=\"async\" alt=\"Antony, en el Legan\u00e9s-Betis de LaLiga 24-25\" width=\"1200\" height=\"840\"\/><\/p>\n<p>Antony, en el Legan\u00e9s-Betis de LaLiga 24-25    ep  <\/p>\n<p><img decoding=\"async\" class=\"voc-author__img\" src=\"https:\/\/www.europesays.com\/es\/wp-content\/uploads\/2025\/08\/autor-3756-foto-1.png\" alt=\"Al Final de la Palmera\"\/><\/p>\n<p>30\/08\/2025<br \/>\n<br \/><strong><br \/>\nActualizado a las 01:06h.<br \/>\n<\/strong><\/p>\n<p class=\"voc-p\" style=\"\">El futuro futbol\u00edstico de <strong>Antony<\/strong> sigue en el aire. Menos de 72 horas quedan para el cierre del mercado veraniego de fichajes y todav\u00eda no se sabe si habr\u00e1 o no segunda etapa del brasile\u00f1o en el <strong>Betis<\/strong>.<\/p>\n<p class=\"voc-p\" style=\"\">La actualidad de los \u00faltimos d\u00edas ha estado marcada por las negociaciones entre la entidad de Heli\u00f3polis y el <strong>Manchester United<\/strong>. A esta hora no hay acuerdo aunque tampoco se puede descartar que finalmente se cierre la negociaci\u00f3n con la vuelta de Antony al equipo b\u00e9tico.<\/p>\n<p><img decoding=\"async\" loading=\"lazy\" src=\"https:\/\/www.europesays.com\/es\/wp-content\/uploads\/2025\/08\/mensaje-antony-U88843576586WRH-760x427@diario_abc.jpg\" class=\"voc-img\" width=\"760\" height=\"427\" alt=\"Mensaje de Antony en redes sociales\" data-voc-vtm-id=\"in-text-traffic\"\/><\/p>\n<p>Mensaje de Antony en redes sociales<\/p>\n<p class=\"voc-p\" style=\"\">Se analiza con detalle cada movimiento que pueda surgir de los protagonistas de esta historia. Por ejemplo, los mensajes que se publican a trav\u00e9s de las redes sociales. Este viernes, Antony ha publicado una foto acompa\u00f1ada de un mensaje. <\/p>\n<p class=\"voc-p\" style=\"\">\u00abEntre familia y amigos,<strong> la vida siempre nos tiene reservada una gran sorpresa\u00ab<\/strong>, se puede leer en el texto que acompa\u00f1a la imagen del futbolista.<\/p>\n<p>Reportar un error<\/p>\n","protected":false},"excerpt":{"rendered":"\u00abEntre familia y amigos, la vida siempre nos tiene reservada una gran sorpresa\u00bb, ha publicado el brasile\u00f1o en&hellip;\n","protected":false},"author":2,"featured_media":81189,"comment_status":"","ping_status":"","sticky":false,"template":"","format":"standard","meta":{"footnotes":""},"categories":[93],"tags":[23655,291,30766,168,25,24,297,8079,524,2902,10005,23,167],"class_list":{"0":"post-81188","1":"post","2":"type-post","3":"status-publish","4":"format-standard","5":"has-post-thumbnail","7":"category-deportes","8":"tag-antony","9":"tag-betis","10":"tag-decisivas","11":"tag-deportes","12":"tag-es","13":"tag-espana","14":"tag-horas","15":"tag-mensaje","16":"tag-nuevo","17":"tag-regresa","18":"tag-saber","19":"tag-spain","20":"tag-sports"},"share_on_mastodon":{"url":"","error":""},"_links":{"self":[{"href":"https:\/\/www.europesays.com\/es\/wp-json\/wp\/v2\/posts\/81188","targetHints":{"allow":["GET"]}}],"collection":[{"href":"https:\/\/www.europesays.com\/es\/wp-json\/wp\/v2\/posts"}],"about":[{"href":"https:\/\/www.europesays.com\/es\/wp-json\/wp\/v2\/types\/post"}],"author":[{"embeddable":true,"href":"https:\/\/www.europesays.com\/es\/wp-json\/wp\/v2\/users\/2"}],"replies":[{"embeddable":true,"href":"https:\/\/www.europesays.com\/es\/wp-json\/wp\/v2\/comments?post=81188"}],"version-history":[{"count":0,"href":"https:\/\/www.europesays.com\/es\/wp-json\/wp\/v2\/posts\/81188\/revisions"}],"wp:featuredmedia":[{"embeddable":true,"href":"https:\/\/www.europesays.com\/es\/wp-json\/wp\/v2\/media\/81189"}],"wp:attachment":[{"href":"https:\/\/www.europesays.com\/es\/wp-json\/wp\/v2\/media?parent=81188"}],"wp:term":[{"taxonomy":"category","embeddable":true,"href":"https:\/\/www.europesays.com\/es\/wp-json\/wp\/v2\/categories?post=81188"},{"taxonomy":"post_tag","embeddable":true,"href":"https:\/\/www.europesays.com\/es\/wp-json\/wp\/v2\/tags?post=81188"}],"curies":[{"name":"wp","href":"https:\/\/api.w.org\/{rel}","templated":true}]}}