{"id":81236,"date":"2025-08-30T02:31:16","date_gmt":"2025-08-30T02:31:16","guid":{"rendered":"https:\/\/www.europesays.com\/es\/81236\/"},"modified":"2025-08-30T02:31:16","modified_gmt":"2025-08-30T02:31:16","slug":"olga-casado-dos-veces-volteada-destaca-en-cuenca-manzanares-corta-la-unica-oreja","status":"publish","type":"post","link":"https:\/\/www.europesays.com\/es\/81236\/","title":{"rendered":"Olga Casado, dos veces volteada, destaca en Cuenca: Manzanares corta la \u00fanica oreja"},"content":{"rendered":"<p>Actualizado  Viernes,<br \/>\n29<br \/>\nagosto<br \/>\n2025<br \/>\n&#8211;<br \/>\n09:50<\/p>\n<p class=\"ue-c-article__paragraph\"><strong>Jos\u00e9 Mar\u00eda Manzanares <\/strong>ha cortado la \u00fanica oreja de la quinta y \u00faltima de la feria de Cuenca, una tarde de escaso contenido en la que destac\u00f3 la disposici\u00f3n de la novillera Olga Casado, que se march\u00f3 de vac\u00edo al igual que el otro matador de este festejo mixto, Cayetano Rivera.<\/p>\n<p class=\"ue-c-article__paragraph\">El voluminoso primero derrib\u00f3 a caballo y picador sin consecuencias.<strong> Fue obediente, noble y soso a partes iguales,<\/strong> y ante \u00e9l Manzanares anduvo tan correcto como anodino, en un trasteo fundamentado en el pit\u00f3n derecho bien rematado con el acero.<\/p>\n<p class=\"ue-c-article__paragraph\">Por su parte, el cuarto fue un toro bravo que ped\u00eda su espacio. Si no era as\u00ed se rebrincaba punteando, y si le dejaban hueco acomet\u00eda de manera m\u00e1s arm\u00f3nica. <strong>Manzanares practic\u00f3 ambas t\u00e9cnicas <\/strong>-m\u00e1s frecuente la primera- en un trasteo desigual y asentado premiado con una oreja.<\/p>\n<p class=\"ue-c-article__paragraph\">Cayetano no se dio coba con el blando segundo, que fue protestado aunque mantenido en el ruedo despu\u00e9s de darle lo suyo en el peto. El movimiento desacompasado en la muleta del de La Palmosilla hizo desistir pronto al menor de los Rivera.<\/p>\n<p class=\"ue-c-article__paragraph\"><strong>Cayetano brind\u00f3 el quinto a Olga Casado<\/strong> y, encorajinado, intent\u00f3 sacar lustre a un antagonista rebrincado que no pasaba por el derecho y se dej\u00f3 m\u00e1s por el izquierdo, si bien termin\u00f3 acortando por ambos lados. El lucimiento no lleg\u00f3 y despen\u00f3 contundentemente al toro a la segunda.<\/p>\n<p class=\"ue-c-article__paragraph\">Olga Casado anim\u00f3 el cotarro algo alica\u00eddo con el recibo de capote dobl\u00e1ndose con el terciado primer novillo de Luis Algarra. <strong>Tambi\u00e9n levant\u00f3 aplausos el breve quite por chicuelinas<\/strong>, como lo hizo una faena de muleta vertical, enrosc\u00e1ndose las embestidas pastue\u00f1as vaciando en la cadera contraria, en una labor entonada aunque falta de chispa, y no conviene olvidar que Casado es novillera, no matadora de toros consagrada. Perdi\u00f3 un m\u00e1s que probable ap\u00e9ndice por el fallo a espadas.<\/p>\n<p class=\"ue-c-article__paragraph\">En el sexto de nuevo hubo disposici\u00f3n manejando el capote, tanto a la ver\u00f3nica como en el quite por tijerillas por parte de la novillera, quien devolvi\u00f3 el brindis a Cayetano.<\/p>\n<p class=\"ue-c-article__paragraph\">El trasteo, iniciado de rodillas en los medios, concit\u00f3 pronto la atenci\u00f3n, que poco a poco se fue diluyendo por, de nuevo, el largo metraje y la desigualdad de lo realizado.<strong> Lo que no falt\u00f3 fue decisi\u00f3n en un toreo de ligaz\u00f3n en el que perder pasos<\/strong> no parece entrar en la ecuaci\u00f3n. Result\u00f3 volteada sin aparentes consecuencias en el segundo y cuarto intento de dejar estocada, que finalmente lleg\u00f3 al quinto viaje.<\/p>\n<p class=\"ue-c-article__paragraph\"><strong>FICHA DEL FESTEJO<\/strong><\/p>\n<p class=\"ue-c-article__paragraph\">Se lidiaron cuatro toros de La Palmosilla (primero, segundo, cuarto y quinto), y dos novillos de Luis Algarra (tercero y sexto), bien presentados los toros, de mucha menor entidad los novillos. Primero manejable pero soso. Segundo muy blando. Tercero noble y manejable. Cuarto bravo. Quinto rebrincado y sin pasar. Sexto muy noble y manejable.<\/p>\n<p class=\"ue-c-article__paragraph\"><strong>Jos\u00e9 Mar\u00eda Manzanares (de sangre de rioja y oro)<\/strong>: estocada entera algo trasera (ovaci\u00f3n con saludos tras petici\u00f3n); casi entera arriba (oreja).<\/p>\n<p class=\"ue-c-article__paragraph\"><strong>Cayetano (de azul azafata y oro):<\/strong> pinchazo, estocada entera desprendida y dos descabellos (silencio); pinchazo y estocada entera arriba (divisi\u00f3n al saludar).<\/p>\n<p class=\"ue-c-article__paragraph\"><strong>La novillera Olga Casado, (de blanco y plata):<\/strong> dos pinchazos, estocada entera contraria y descabello (ovaci\u00f3n con saludos tras aviso); cuatro pinchazos, estocada entera arriba y descabello (ovaci\u00f3n con saludos tras aviso).<\/p>\n<p class=\"ue-c-article__paragraph\">Enrique Mart\u00ednez &#8216;Chapurra&#8217; actu\u00f3 como sobresaliente de matador, y Sergio L\u00f3pez de novillero.<\/p>\n<p class=\"ue-c-article__paragraph\">Plaza de toros de Cuenca. Quinto festejo de la Feria de San Juli\u00e1n. Corrida de toros mixta. Tres cuartos de entrada<\/p>\n","protected":false},"excerpt":{"rendered":"Actualizado Viernes, 29 agosto 2025 &#8211; 09:50 Jos\u00e9 Mar\u00eda Manzanares ha cortado la \u00fanica oreja de la quinta&hellip;\n","protected":false},"author":2,"featured_media":81237,"comment_status":"","ping_status":"","sticky":false,"template":"","format":"standard","meta":{"footnotes":""},"categories":[277],"tags":[373,1393,819,168,25,24,23,167,374,444],"class_list":{"0":"post-81236","1":"post","2":"type-post","3":"status-publish","4":"format-standard","5":"has-post-thumbnail","7":"category-toreo","8":"tag-bullfighting","9":"tag-cayetano-rivera","10":"tag-cultura-toros","11":"tag-deportes","12":"tag-es","13":"tag-espana","14":"tag-spain","15":"tag-sports","16":"tag-toreo","17":"tag-toros"},"share_on_mastodon":{"url":"","error":""},"_links":{"self":[{"href":"https:\/\/www.europesays.com\/es\/wp-json\/wp\/v2\/posts\/81236","targetHints":{"allow":["GET"]}}],"collection":[{"href":"https:\/\/www.europesays.com\/es\/wp-json\/wp\/v2\/posts"}],"about":[{"href":"https:\/\/www.europesays.com\/es\/wp-json\/wp\/v2\/types\/post"}],"author":[{"embeddable":true,"href":"https:\/\/www.europesays.com\/es\/wp-json\/wp\/v2\/users\/2"}],"replies":[{"embeddable":true,"href":"https:\/\/www.europesays.com\/es\/wp-json\/wp\/v2\/comments?post=81236"}],"version-history":[{"count":0,"href":"https:\/\/www.europesays.com\/es\/wp-json\/wp\/v2\/posts\/81236\/revisions"}],"wp:featuredmedia":[{"embeddable":true,"href":"https:\/\/www.europesays.com\/es\/wp-json\/wp\/v2\/media\/81237"}],"wp:attachment":[{"href":"https:\/\/www.europesays.com\/es\/wp-json\/wp\/v2\/media?parent=81236"}],"wp:term":[{"taxonomy":"category","embeddable":true,"href":"https:\/\/www.europesays.com\/es\/wp-json\/wp\/v2\/categories?post=81236"},{"taxonomy":"post_tag","embeddable":true,"href":"https:\/\/www.europesays.com\/es\/wp-json\/wp\/v2\/tags?post=81236"}],"curies":[{"name":"wp","href":"https:\/\/api.w.org\/{rel}","templated":true}]}}