{"id":81294,"date":"2025-08-30T03:12:09","date_gmt":"2025-08-30T03:12:09","guid":{"rendered":"https:\/\/www.europesays.com\/es\/81294\/"},"modified":"2025-08-30T03:12:09","modified_gmt":"2025-08-30T03:12:09","slug":"el-ipc-se-estabiliza-en-el-27-en-agosto-alimentacion-y-electricidad-compensan-los-carburantes-aragon","status":"publish","type":"post","link":"https:\/\/www.europesays.com\/es\/81294\/","title":{"rendered":"El IPC se estabiliza en el 2,7 % en agosto: alimentaci\u00f3n y electricidad compensan los carburantes | Aragon"},"content":{"rendered":"<p>Los precios han sostenido\u00a0<strong>cifras estables en agosto<\/strong> en Espa\u00f1a. Si\u00a0se tiene en cuenta el mismo periodo del a\u00f1o pasado,\u00a0se mantiene<strong> la tasa interanual del 2,7 %<\/strong>. Con esta cifra se frena la subida registrada en los dos \u00faltimos meses. As\u00ed lo reflejan los datos adelantados del <a href=\"https:\/\/www.cartv.es\/aragonnoticias\/noticias\/tags\/ipc\" target=\"_blank\" rel=\"nofollow noopener\">\u00cdndice de Precios al Consumo (IPC)<\/a> elaborados por el Instituto Nacional de Estad\u00edstica (INE). El <strong>descenso del coste de los alimentos y las bebidas no alcoh\u00f3licas<\/strong> ha sido fundamental para evitar el incremento y,<strong> en segundo plano, la electricidad,<\/strong> que ha subido en menor medida de lo habitual en esta \u00e9poca del a\u00f1o. <strong>En frente de esta bajada, los carburantes, cuyo descenso ha sido m\u00e1s moderado que en 2024.<\/strong><\/p>\n<p>Desde el Ministerio de Econom\u00eda, Comercio y Empresa han explicado que<strong> \u00abla estabilidad de los precios y las subidas de los salarios est\u00e1n permitiendo a\u00a0las familias recuperar de forma progresiva su poder adquisitivo\u00bb.<\/strong><\/p>\n<p>El INE incorpora en el avance de datos del IPC una estimaci\u00f3n de la <strong>inflaci\u00f3n subyacente<\/strong> (sin alimentos no elaborados ni productos energ\u00e9ticos), que en agosto <strong>creci\u00f3 una d\u00e9cima, hasta el 2,4 %,<\/strong> su valor m\u00e1s alto desde el pasado mes de abril.<\/p>\n<p>Si quieres estar al d\u00eda de toda la actualidad, s\u00edguenos en redes sociales: <a href=\"https:\/\/www.instagram.com\/aragonnoticias\/\" target=\"_blank\" rel=\"noindex nofollow noopener\">Instagram<\/a>, <a href=\"https:\/\/www.facebook.com\/AragonNoticias\/\" target=\"_blank\" rel=\"noindex nofollow noopener\">Facebook<\/a>, <a href=\"https:\/\/x.com\/AragonNoticias_\" target=\"_blank\" rel=\"noindex nofollow\">X<\/a>, <a href=\"https:\/\/www.tiktok.com\/@aragonnoticias\" target=\"_blank\" rel=\"noindex nofollow noopener\">TikTok<\/a> y tambi\u00e9n en el canal de <a href=\"https:\/\/www.whatsapp.com\/channel\/0029Vb8OVLHB4hdK8lQZ1T1F\" target=\"_blank\" rel=\"noindex nofollow noopener\">WhatsApp<\/a>.<\/p>\n<p>            <script async src=\"\/\/www.instagram.com\/embed.js\"><\/script><script async src=\"\/\/www.tiktok.com\/embed.js\"><\/script><\/p>\n","protected":false},"excerpt":{"rendered":"Los precios han sostenido\u00a0cifras estables en agosto en Espa\u00f1a. Si\u00a0se tiene en cuenta el mismo periodo del a\u00f1o&hellip;\n","protected":false},"author":2,"featured_media":81295,"comment_status":"","ping_status":"","sticky":false,"template":"","format":"standard","meta":{"footnotes":""},"categories":[80],"tags":[4499,4502,82,4501,4110,95,94,25,24,7080,4500,1448,23,214],"class_list":{"0":"post-81294","1":"post","2":"type-post","3":"status-publish","4":"format-standard","5":"has-post-thumbnail","7":"category-economia","8":"tag-aragon","9":"tag-aragonesa","10":"tag-business","11":"tag-cartv","12":"tag-corporacion","13":"tag-economia","14":"tag-economy","15":"tag-es","16":"tag-espana","17":"tag-noticia","18":"tag-publica","19":"tag-radio","20":"tag-spain","21":"tag-tv"},"share_on_mastodon":{"url":"","error":""},"_links":{"self":[{"href":"https:\/\/www.europesays.com\/es\/wp-json\/wp\/v2\/posts\/81294","targetHints":{"allow":["GET"]}}],"collection":[{"href":"https:\/\/www.europesays.com\/es\/wp-json\/wp\/v2\/posts"}],"about":[{"href":"https:\/\/www.europesays.com\/es\/wp-json\/wp\/v2\/types\/post"}],"author":[{"embeddable":true,"href":"https:\/\/www.europesays.com\/es\/wp-json\/wp\/v2\/users\/2"}],"replies":[{"embeddable":true,"href":"https:\/\/www.europesays.com\/es\/wp-json\/wp\/v2\/comments?post=81294"}],"version-history":[{"count":0,"href":"https:\/\/www.europesays.com\/es\/wp-json\/wp\/v2\/posts\/81294\/revisions"}],"wp:featuredmedia":[{"embeddable":true,"href":"https:\/\/www.europesays.com\/es\/wp-json\/wp\/v2\/media\/81295"}],"wp:attachment":[{"href":"https:\/\/www.europesays.com\/es\/wp-json\/wp\/v2\/media?parent=81294"}],"wp:term":[{"taxonomy":"category","embeddable":true,"href":"https:\/\/www.europesays.com\/es\/wp-json\/wp\/v2\/categories?post=81294"},{"taxonomy":"post_tag","embeddable":true,"href":"https:\/\/www.europesays.com\/es\/wp-json\/wp\/v2\/tags?post=81294"}],"curies":[{"name":"wp","href":"https:\/\/api.w.org\/{rel}","templated":true}]}}