{"id":81368,"date":"2025-08-30T04:03:09","date_gmt":"2025-08-30T04:03:09","guid":{"rendered":"https:\/\/www.europesays.com\/es\/81368\/"},"modified":"2025-08-30T04:03:09","modified_gmt":"2025-08-30T04:03:09","slug":"paseillo-de-apertura-todas-las-noticias-de-palencia","status":"publish","type":"post","link":"https:\/\/www.europesays.com\/es\/81368\/","title":{"rendered":"Pase\u00edllo de apertura | Todas las noticias de Palencia"},"content":{"rendered":"<p>Toros en Palencia arranc\u00f3 en la jornada de ayer con la primera de las cinco emisiones que realizar\u00e1 La 8 Palencia durante la feria. Como es habitual, los invitados en este pase\u00edllo inicial fueron la presidenta de la Diputaci\u00f3n, \u00c1ngeles Armis\u00e9n, y el empresario de \u00a0la plaza, V\u00edctor Zabala. En el programa que dirige y presenta Carlos Mart\u00edn Santoyo, ambos hicieron un pormenorizado an\u00e1lisis de los cuatro festejos mayores que se desarrollar\u00e1n desde hoy y hasta el pr\u00f3ximo martes, festividad de San Antol\u00edn, en la plaza de Campos G\u00f3ticos. Dicho espacio se emitir\u00e1 a las 21,30 horas, con redifusiones a las 00,15 y 15,30 del d\u00eda siguiente. Tambi\u00e9n se puede ver a trav\u00e9s de diversos enlaces, entre ellos https:\/\/cyltv.es\/torosenpalencia y www.diariopalentino.es<\/p>\n","protected":false},"excerpt":{"rendered":"Toros en Palencia arranc\u00f3 en la jornada de ayer con la primera de las cinco emisiones que realizar\u00e1&hellip;\n","protected":false},"author":2,"featured_media":81369,"comment_status":"","ping_status":"","sticky":false,"template":"","format":"standard","meta":{"footnotes":""},"categories":[277],"tags":[30810,373,168,25,24,30809,6442,23,167,625,374,444],"class_list":{"0":"post-81368","1":"post","2":"type-post","3":"status-publish","4":"format-standard","5":"has-post-thumbnail","7":"category-toreo","8":"tag-angeles-armisen","9":"tag-bullfighting","10":"tag-deportes","11":"tag-es","12":"tag-espana","13":"tag-la-8-palencia","14":"tag-palencia","15":"tag-spain","16":"tag-sports","17":"tag-tauromaquia","18":"tag-toreo","19":"tag-toros"},"share_on_mastodon":{"url":"","error":""},"_links":{"self":[{"href":"https:\/\/www.europesays.com\/es\/wp-json\/wp\/v2\/posts\/81368","targetHints":{"allow":["GET"]}}],"collection":[{"href":"https:\/\/www.europesays.com\/es\/wp-json\/wp\/v2\/posts"}],"about":[{"href":"https:\/\/www.europesays.com\/es\/wp-json\/wp\/v2\/types\/post"}],"author":[{"embeddable":true,"href":"https:\/\/www.europesays.com\/es\/wp-json\/wp\/v2\/users\/2"}],"replies":[{"embeddable":true,"href":"https:\/\/www.europesays.com\/es\/wp-json\/wp\/v2\/comments?post=81368"}],"version-history":[{"count":0,"href":"https:\/\/www.europesays.com\/es\/wp-json\/wp\/v2\/posts\/81368\/revisions"}],"wp:featuredmedia":[{"embeddable":true,"href":"https:\/\/www.europesays.com\/es\/wp-json\/wp\/v2\/media\/81369"}],"wp:attachment":[{"href":"https:\/\/www.europesays.com\/es\/wp-json\/wp\/v2\/media?parent=81368"}],"wp:term":[{"taxonomy":"category","embeddable":true,"href":"https:\/\/www.europesays.com\/es\/wp-json\/wp\/v2\/categories?post=81368"},{"taxonomy":"post_tag","embeddable":true,"href":"https:\/\/www.europesays.com\/es\/wp-json\/wp\/v2\/tags?post=81368"}],"curies":[{"name":"wp","href":"https:\/\/api.w.org\/{rel}","templated":true}]}}