{"id":81411,"date":"2025-08-30T04:32:13","date_gmt":"2025-08-30T04:32:13","guid":{"rendered":"https:\/\/www.europesays.com\/es\/81411\/"},"modified":"2025-08-30T04:32:13","modified_gmt":"2025-08-30T04:32:13","slug":"sergio-garcia-este-equipo-va-a-gustar-a-la-aficion","status":"publish","type":"post","link":"https:\/\/www.europesays.com\/es\/81411\/","title":{"rendered":"Sergio Garc\u00eda: \u00abEste equipo va a gustar a la afici\u00f3n\u00bb"},"content":{"rendered":"<p>El Inveready Gipuzkoa Basket ha empezado la pretemporada y a la espera de la llegada de los primeros partidos amistosos, Sergio Garc\u00eda se siente \u00abmuy  &#8230; satisfecho\u00bb con su nueva plantilla y con el trabajo que han hecho sus jugadores durante el verano. \u00abEstamos muy satisfechos con la plantilla. Los jugadores han llegado muy bien y se nota que son buenos profesionales y que han hecho una buena preparaci\u00f3n en verano. La verdad es que nos facilita el trabajo en estos primeros d\u00edas de entrenamiento, en el que ya avisamos que adem\u00e1s de carga de entrenamientos iba a haber mucha informaci\u00f3n nueva para los jugadores\u00bb, ha explicado el nuevo entrenador del GBC.<\/p>\n<p class=\"v-p\">El donostiarra quiere que el estilo de su equipo sea reconocible y que \u00abenganche a la afici\u00f3n\u00bb en lo que espera que sea \u00abun a\u00f1o ilusionante\u00bb. Para ello, el t\u00e9cnico pide a su equipo \u00absacrificio y trabajo\u00bb para poder estar en la pelea de entrar a los playoff. \u00abEl sacrificio y el esfuerzo son innegociables en este equipo. Son las dos premisas para pelear pir cosas bonitas este a\u00f1o. Tenemos la ilusi\u00f3n de ser un equipo de playoff, es un camino largo pero queremos estar ah\u00ed\u00bb, ha confesado.<\/p>\n<p class=\"v-p\">Pero lo que m\u00e1s desea Sergio Garc\u00eda antes del inicio de pretemporada es \u00abenganchar a la afici\u00f3n\u00bb. Algunos ya pudieron disfrutar del equipo en el primer d\u00eda de entrenamientos, en el que el club donostiarra decidi\u00f3 realizarlos a puerta abierta para que los jugadores sintieran el calor de los suyos desde un principio. \u00abEra un lunes, un horario no muy c\u00f3modo, y los jugadores se sintieron muy abrazados. Nuestro objetivo principal es gustar a los aficionados. S\u00e9 que aqu\u00ed lo que no perdona nadie es que haya un bal\u00f3n en el suelo y que no te tires. El p\u00fablico pide a sus jugadores que peleen y eso lo vamos a tener desde el primer momento\u00bb, ha apuntado.<\/p>\n<p>Amistosos para foguearse antes del inicio<\/p>\n<p class=\"v-p\">A pesar de no tener a\u00fan el pabell\u00f3n listo para jugar, el equipo ya est\u00e1 mentalizado y centrado en los partidos amistosos de pretemporada. El primero de ellos ser\u00e1 ante el Baskonia, en un partido que servir\u00e1 para \u00absaber c\u00f3mo reaccionar\u00bb ante rivales aparentemente superiores. \u00abQueremos ver c\u00f3mo nos adaptamos a la competici\u00f3n. Los jugadores de la casa ayudan mucho en la adaptaci\u00f3n de los nuevos y se ve enseguida que el grupo se va a amoldar bien. Entrenamos bien y aprendemos r\u00e1pido pero tenemos que ver c\u00f3mo competimos. Con el amistoso con el Baskonia queremos ver c\u00f3mo competimos ante un equipo de una categor\u00eda mejor y quiero ver al equipo reaccionar ante los problemas. Algo parecido esperamos del partido ante el Flamengo\u00bb, ha deslizado.<\/p>\n<p class=\"v-p\">Por su parte, los \u00faltimos dos encuentros preparatorios ante rivales de su \u00abmismo nivel\u00bb ser\u00e1n para \u00abpulir los \u00faltimos detalles\u00bb antes del inicio de liga. \u00ab Los dos \u00faltimos partidos ya los enfocamos diferentes. Ya con la pretemporada casi terminada, con m\u00e1s rodaje y con toda la plantilla con el grupo, los dos \u00faltimos rivales ser\u00e1n de nuestra divisi\u00f3n para ir afilando ya para el primer partido de liga\u00bb, ha a\u00f1adido. <\/p>\n","protected":false},"excerpt":{"rendered":"El Inveready Gipuzkoa Basket ha empezado la pretemporada y a la espera de la llegada de los primeros&hellip;\n","protected":false},"author":2,"featured_media":81412,"comment_status":"","ping_status":"","sticky":false,"template":"","format":"standard","meta":{"footnotes":""},"categories":[269],"tags":[3437,299,298,168,622,25,24,20496,23,167],"class_list":{"0":"post-81411","1":"post","2":"type-post","3":"status-publish","4":"format-standard","5":"has-post-thumbnail","7":"category-baloncesto","8":"tag-aficion","9":"tag-baloncesto","10":"tag-basketball","11":"tag-deportes","12":"tag-equipo","13":"tag-es","14":"tag-espana","15":"tag-gustar","16":"tag-spain","17":"tag-sports"},"share_on_mastodon":{"url":"","error":""},"_links":{"self":[{"href":"https:\/\/www.europesays.com\/es\/wp-json\/wp\/v2\/posts\/81411","targetHints":{"allow":["GET"]}}],"collection":[{"href":"https:\/\/www.europesays.com\/es\/wp-json\/wp\/v2\/posts"}],"about":[{"href":"https:\/\/www.europesays.com\/es\/wp-json\/wp\/v2\/types\/post"}],"author":[{"embeddable":true,"href":"https:\/\/www.europesays.com\/es\/wp-json\/wp\/v2\/users\/2"}],"replies":[{"embeddable":true,"href":"https:\/\/www.europesays.com\/es\/wp-json\/wp\/v2\/comments?post=81411"}],"version-history":[{"count":0,"href":"https:\/\/www.europesays.com\/es\/wp-json\/wp\/v2\/posts\/81411\/revisions"}],"wp:featuredmedia":[{"embeddable":true,"href":"https:\/\/www.europesays.com\/es\/wp-json\/wp\/v2\/media\/81412"}],"wp:attachment":[{"href":"https:\/\/www.europesays.com\/es\/wp-json\/wp\/v2\/media?parent=81411"}],"wp:term":[{"taxonomy":"category","embeddable":true,"href":"https:\/\/www.europesays.com\/es\/wp-json\/wp\/v2\/categories?post=81411"},{"taxonomy":"post_tag","embeddable":true,"href":"https:\/\/www.europesays.com\/es\/wp-json\/wp\/v2\/tags?post=81411"}],"curies":[{"name":"wp","href":"https:\/\/api.w.org\/{rel}","templated":true}]}}