{"id":81417,"date":"2025-08-30T04:36:08","date_gmt":"2025-08-30T04:36:08","guid":{"rendered":"https:\/\/www.europesays.com\/es\/81417\/"},"modified":"2025-08-30T04:36:08","modified_gmt":"2025-08-30T04:36:08","slug":"ester-torres-jimenez-la-biblioteca-como-servicio","status":"publish","type":"post","link":"https:\/\/www.europesays.com\/es\/81417\/","title":{"rendered":"Ester Torres Jim\u00e9nez: la biblioteca como servicio"},"content":{"rendered":"<p class=\"ft-text\">Fue la ilusi\u00f3n por conocer, por saber, por tener libros a su alcance y su pasi\u00f3n por difundir la cultura lo que llev\u00f3 a<strong> Ester Torres Jim\u00e9nez<\/strong> al mundo de los libros. Ahora, como jefa de la Biblioteca Universitaria de la UMU, custodia y organiza m\u00e1s de<strong> un mill\u00f3n de libros <\/strong>repartidos en quince bibliotecas diferentes, as\u00ed como 400.000 recursos electr\u00f3nicos.<\/p>\n<p class=\"ft-text\">El volumen y la cantidad de conocimientos y de informaci\u00f3n son enormes, comenta, muy alejados de aquellos 8.000 vol\u00famenes con los que comenz\u00f3 a funcionar la Universidad de Murcia en sus or\u00edgenes, hace ahora 110 a\u00f1os, un momento en el que el rector Loustau presum\u00eda de que este centro contaba con un apartado de F\u00edsica que, con sus 400 ejemplares, pod\u00eda situarse entre los mejores de Espa\u00f1a.<\/p>\n<p class=\"ft-text\">Ante ese panorama, los 20.000 vol\u00famenes procedentes de la Biblioteca Provincial y<strong> los 4.500 de los fondos de los siglos XV al XVIII<\/strong> procedentes de diversas desamortizaciones, incrementaron de forma notable el patrimonio libresco en la UMU.<\/p>\n<p class=\"ft-text\">Ester presume de que su plantilla de 108 personas maneja una cantidad enorme de conocimientos, ofreciendo a la comunidad universitaria y a la ciudadan\u00eda en general, numerosos productos y posibilidades. La misi\u00f3n de la biblioteca, informa, es dar a los usuarios lo que necesitan, en un d\u00eda a d\u00eda que resulta muy complicado: empezando por unos horarios de apertura y cierre muy extensos (de 8.30 a 21.00 horas, media hora m\u00e1s que El Corte Ingl\u00e9s, bromea), as\u00ed como la actividad de los mostradores, los tel\u00e9fonos de atenci\u00f3n al p\u00fablico, acreditaciones y sexenios para profesores, consejos sobre las publicaciones, mantenimiento del repositorio institucional, que incluye<strong> publicaci\u00f3n cient\u00edfica, fondo antiguo y colecciones especiales<\/strong>, as\u00ed como documentos administrativos.<\/p>\n<p class=\"ft-text\">Le gusta a Ester remarcar que la biblioteca es uno de los servicios m\u00e1s antiguos de la universidad. Comenta que ahora se usa cada vez menos el recurso en papel, pero que depende de las \u00e1reas de conocimiento. En las \u00e1reas de ciencias casi no consultan libros, pero no puede faltarles el \u00faltimo art\u00edculo o la \u00faltima publicaci\u00f3n.<\/p>\n<p class=\"ft-text\">A pesar de esto, asegura que el libro contin\u00faa siendo un recurso muy empleado. \u00abLlegar\u00e1 un momento, advierte, en el que el libro se utilice s\u00f3lo como un patrimonio cultural y educativo\u00bb.<\/p>\n<p class=\"ft-text\">Remarca que, en contra de la creencia generalizada, resulta m\u00e1s barato guardar un libro en una estanter\u00eda en unas determinadas condiciones de humedad o temperatura, que alojar una informaci\u00f3n en un servidor, ya que esto gasta much\u00edsima electricidad. \u00abLa gente no se hace a la idea del gasto que supone mantener los servidores y los recursos electr\u00f3nicos digitalizados, adem\u00e1s, el papel se conserva mejor que un recurso electr\u00f3nico\u00bb.<\/p>\n<p class=\"ft-text\">Advierte Ester que s\u00f3lo si la informaci\u00f3n est\u00e1 perfectamente organizada se puede encontrar, sobre todo si, como es el caso, se encuentra ubicada <strong>entre cientos de miles de libros<\/strong>, \u00abporque un libro mal clasificado es un libro perdido\u00bb, comenta.<\/p>\n<p class=\"ft-text\">Hablamos de libros intonsos,<strong> la especialidad de Fernando VII<\/strong>, cuyo entretenimiento favorito era cortar las p\u00e1ginas de esos libros (no leerlos, por supuesto) cuyas hojas no han sido a\u00fan cortadas; hablamos de libros perdidos, colocados en una estanter\u00eda equivocada, donde pueden pasar d\u00e9cadas \u2013a veces hasta un nuevo traslado\u2013 sin ser encontrados.<\/p>\n<p class=\"ft-text\">Y me transmite que la LOSU incluye las bibliotecas en su art\u00edculo 12, afirmando que: \u00abLas bibliotecas y otras unidades universitarias facilitar\u00e1n el acceso de la ciudadan\u00eda a los recursos informativos, digitales y no digitales, as\u00ed como la formaci\u00f3n necesaria para promover la difusi\u00f3n de la Ciencia Abierta en la comunidad universitaria y en el conjunto de la sociedad\u00bb. Y si lo dice el BOE, ni mil palabras m\u00e1s.<\/p>\n","protected":false},"excerpt":{"rendered":"Fue la ilusi\u00f3n por conocer, por saber, por tener libros a su alcance y su pasi\u00f3n por difundir&hellip;\n","protected":false},"author":2,"featured_media":81418,"comment_status":"","ping_status":"","sticky":false,"template":"","format":"standard","meta":{"footnotes":""},"categories":[172],"tags":[8930,8035,224,146,147,25,24,30817,11672,225,20029,595,23,4655,30818],"class_list":{"0":"post-81417","1":"post","2":"type-post","3":"status-publish","4":"format-standard","5":"has-post-thumbnail","7":"category-libros","8":"tag-biblioteca","9":"tag-boe","10":"tag-books","11":"tag-entertainment","12":"tag-entretenimiento","13":"tag-es","14":"tag-espana","15":"tag-ester","16":"tag-jimenez","17":"tag-libros","18":"tag-murcians-de-dinamita","19":"tag-servicio","20":"tag-spain","21":"tag-torres","22":"tag-umu"},"share_on_mastodon":{"url":"","error":""},"_links":{"self":[{"href":"https:\/\/www.europesays.com\/es\/wp-json\/wp\/v2\/posts\/81417","targetHints":{"allow":["GET"]}}],"collection":[{"href":"https:\/\/www.europesays.com\/es\/wp-json\/wp\/v2\/posts"}],"about":[{"href":"https:\/\/www.europesays.com\/es\/wp-json\/wp\/v2\/types\/post"}],"author":[{"embeddable":true,"href":"https:\/\/www.europesays.com\/es\/wp-json\/wp\/v2\/users\/2"}],"replies":[{"embeddable":true,"href":"https:\/\/www.europesays.com\/es\/wp-json\/wp\/v2\/comments?post=81417"}],"version-history":[{"count":0,"href":"https:\/\/www.europesays.com\/es\/wp-json\/wp\/v2\/posts\/81417\/revisions"}],"wp:featuredmedia":[{"embeddable":true,"href":"https:\/\/www.europesays.com\/es\/wp-json\/wp\/v2\/media\/81418"}],"wp:attachment":[{"href":"https:\/\/www.europesays.com\/es\/wp-json\/wp\/v2\/media?parent=81417"}],"wp:term":[{"taxonomy":"category","embeddable":true,"href":"https:\/\/www.europesays.com\/es\/wp-json\/wp\/v2\/categories?post=81417"},{"taxonomy":"post_tag","embeddable":true,"href":"https:\/\/www.europesays.com\/es\/wp-json\/wp\/v2\/tags?post=81417"}],"curies":[{"name":"wp","href":"https:\/\/api.w.org\/{rel}","templated":true}]}}