{"id":81451,"date":"2025-08-30T04:57:08","date_gmt":"2025-08-30T04:57:08","guid":{"rendered":"https:\/\/www.europesays.com\/es\/81451\/"},"modified":"2025-08-30T04:57:08","modified_gmt":"2025-08-30T04:57:08","slug":"anita-espasandin-celebra-su-primer-aniversario-con-benjamin-vicuna-hace-un-ano-en-loop-biobiochile","status":"publish","type":"post","link":"https:\/\/www.europesays.com\/es\/81451\/","title":{"rendered":"Anita Espasandin celebra su primer aniversario con Benjam\u00edn Vicu\u00f1a: &quot;Hace un a\u00f1o en loop&quot; &#8211; BioBioChile"},"content":{"rendered":"<ol>\n<li><a href=\"https:\/\/news.google.com\/rss\/articles\/CBMi4gFBVV95cUxPWFJ0X3FJTk1pdTBJT0dPdE9NZ0ZXRV8tSlBSTUFoVzBubkRvTl8xRTcweTRMTEpMV1Vkd3o4WUJoYkNSbFdQb0xqVkxNaVktUjNxZHlyNHdwOGQzV1lwSl9XZDVpWUdhajRmZ1NxTVpnS1ZYSm52YUpmSDRuMGJwQUM5YmpHQUUzV3NkRS1hVDVHOV8zNFZVS0JyOWU0OWZKNU0zQk1ITHh1YVFTSmc2aGlQR3QwTFdvYVg3NWkwVjVxMXlIaFpZMnJCMlFucmExZ1FLMW9PbWJoYnczcWNhNThn0gHnAUFVX3lxTE1BSDF1ZmhnaDZueDctaVJQVXRzR3Vmc0h2anQ1amt1NU5lVUMzR28xRGc0VGdqRUZlVFBfQThTcl9JZW9OUGY3cHFOTzdNbkc0SG12dFBxSG1URHMybzNEdk93Uk40eHRROVg1THBEQXZpTHlZRFZhX1I5eGhNMGlCaU9pak41S3U1ZFJSWlBPV2VEVTJGMnRQb0tNcGhoaTJHZlgtMTJvWkxzb0ZpNDlBTi1oVWhyQi1vZTJaRmZBc05OOC1vT0ZRVGNiVWs5RW5iSXd5ak9UMTJISkZqRm91MEJiRFdtRQ?oc=5\" target=\"_blank\" rel=\"nofollow noopener\">Anita Espasandin celebra su primer aniversario con Benjam\u00edn Vicu\u00f1a: \u00abHace un a\u00f1o en loop\u00bb<\/a>&nbsp;&nbsp;BioBioChile<\/li>\n<li><a href=\"https:\/\/news.google.com\/rss\/articles\/CBMi5gFBVV95cUxNTmRUMTNTaXBhVUwwVW14RHBwT0tvOFpVaEFfbmpzQm5aMVBJWTBXOVhnYWFvRXpEY01xZUlsSFZraXhMSklFZno1djNpSERtV3VIU01jTTducmlPdE9zVnRHTVhiOXdpcVVRRjdnaGdrTllHejMyTUVYclY2d1pnQ1Bpa1FTRC1Ueng1Nkp5UkZ2RXc2bjc2WE5FaXZNWU85ZXZmMWkyM3lQQ2ttdTlCLUVHcVN6bHMzR1hIeG1aMEZmOVE4QTBteEs5dG1NeGxMeFpiaWFNaFJZd0hJd0xLYzFHNHZUdw?oc=5\" target=\"_blank\" rel=\"nofollow noopener\">El \u00e1lbum de fotos privado que comparti\u00f3 Anita Espasandin para celebrar su primer a\u00f1o con Benjam\u00edn Vicu\u00f1a<\/a>&nbsp;&nbsp;La Naci\u00f3n<\/li>\n<li><a href=\"https:\/\/news.google.com\/rss\/articles\/CBMijgJBVV95cUxNTGZ1SFJJVm9HemI5M1lubkptTEJ0VDVSalcxMDBsVC14QVlLZmFPR0dNMHhOTFd5ZUhrd1BpVFBHekh6ZVlqVHYzSktRbVZ2RTlTbGU0enE1U1lOcC1Jb3U0clVBNGNnMTR3V1gwb1lHMDdsdGtiNzVSMmpWV2pDbzZzTVBENl9ybzZhek5VZlE0aV9TbkdIc05GOHItSktfQ1lPSi1SVjI1MGJxM180NDl2YVpLRjZ3Um1nNzhsRjhqdHR3U3BKQzhyYjdFZnk1b3lFNzR0YkdhUllGcGNEZWxQSzdoa0hMVVVxMHFEQTFLaEFRUmlWamI0SnhJUGUwcE03ZVlIakQ2ODFHMXc?oc=5\" target=\"_blank\" rel=\"nofollow noopener\">El tierno \u00e1lbum fotogr\u00e1fico de Anita Espasand\u00edn para celebrar su primer aniversario con Benjam\u00edn Vicu\u00f1a<\/a>&nbsp;&nbsp;MSN<\/li>\n<li><a href=\"https:\/\/news.google.com\/rss\/articles\/CBMivgFBVV95cUxPWUNPODExTlFVY2RGeENaSmtPTkRYejF0SHlpU3dUVEI2OE8yVEZ2X016QkcySVhWX1EwcUFNUXJkZnROR0hxSFVHRldjR3p0QURMZWxOTG84YTVleTlaZkVQVmpOSkpIZm9YcWMwd1ZraXhTS3Z0UGFoLThrcGdYRVNEU0x3YkZWaHJ0MlpOTG5HRjU2aXdhQXhheUctTC0tX3ZFbFowOVRKYkpzUjdEcFR5N1lBV1U0Q1FjT1J30gHDAUFVX3lxTE5sWmxJNURQX2lKNlJNQ2swb2x2MWMybVhBZC1lZGF5Y2E3MkNaMHRLUnR3clZGOTdtX2daQ3lBYW5MLVdSZnFwR3JCVGY0VW9OUDE0UEpkcDRZZkM3dkNtTndsX3dabldKQkhKODRpcTcxMXBkeWI4OURJbVg3M3hQcHhqTmpCN0h3V0FVb3V4THpTOTVvXy1lUHU1Ynk1M2ZGOGFjSFhjal9NbkxQTDhscm9vdGxxUEI5ZlFvNWticzJLOA?oc=5\" target=\"_blank\" rel=\"nofollow noopener\">Las fotos in\u00e9ditas de Anita Espasand\u00edn y Benjam\u00edn Vicu\u00f1a por su primer aniversario<\/a>&nbsp;&nbsp;Revista Caras<\/li>\n<li><a href=\"https:\/\/news.google.com\/rss\/articles\/CBMi3gFBVV95cUxONGtpdC1ZM0N3OWdXU3JwU1hBbGdESW1CMlhEcFhDbjF3WnpqTnFmSzFIc1NJSlJVYlpkYWRrQTE1SFhDS3IwM25DMFVuZHpDM2NQRk56MjVndlFYZ2ZCdmpDcnF5dDNHUkVNUXh3OUtjNzJ6T05RY1RWcWM1NnV1S29URmhGMXl1YWc4M3RrNHVTRV9jX3NzNFVWcURlTTdXZUJLN0xSNmRUenRNSUpjOGticmF1Vkp4Yk04ajJTVTVTZm5ibFVMaEIzTndQTTlzNzBMMVJaY1k1Vy1HNGfSAeMBQVVfeXFMTXU3MEJmYmtlUFJtVWhqbERxMEQ3NUxlVnFPMW9OSmFMYTgza1JTcFA5VmQ0c01yX3dxY1N5azNmV25IMlMtWEdIcmd4S3lkX3BveU01RGtjUGFzR3lsbGdKTm15Y2RpVldKSUhpYzBYbjFtbTVxaWhxbjB1c2R2dG41TU5ieENJaHZIX0xvTno3dTFONUhCelJ6Wk9HMlAzbk9nZGh1TlhPU1MtNFZ6RzdQZkdRZGNnWXJCbXJBWHVJTGJHOUk4UHNjb1dRYWpZV3Q5cjd6VnRvMGtaamhDOUhocFU?oc=5\" target=\"_blank\" rel=\"nofollow noopener\">Anita Espasandin y Benjam\u00edn Vicu\u00f1a celebraron su primer aniversario con rom\u00e1nticas fotos<\/a>&nbsp;&nbsp;Haceinstantes<\/li>\n<\/ol>\n","protected":false},"excerpt":{"rendered":"Anita Espasandin celebra su primer aniversario con Benjam\u00edn Vicu\u00f1a: \u00abHace un a\u00f1o en loop\u00bb&nbsp;&nbsp;BioBioChile El \u00e1lbum de fotos&hellip;\n","protected":false},"author":2,"featured_media":81452,"comment_status":"","ping_status":"","sticky":false,"template":"","format":"standard","meta":{"footnotes":""},"categories":[174],"tags":[30846,30847,255,234,16982,146,147,25,24,256,30848,5764,30849,30850,30851,1023,30852,27037,30853,1922,30854,30855,23,2922],"class_list":{"0":"post-81451","1":"post","2":"type-post","3":"status-publish","4":"format-standard","5":"has-post-thumbnail","7":"category-famosos","8":"tag-anita-espasandin","9":"tag-benjamin-vicuna","10":"tag-celebrities","11":"tag-diseno","12":"tag-economista","13":"tag-entertainment","14":"tag-entretenimiento","15":"tag-es","16":"tag-espana","17":"tag-famosos","18":"tag-hermana-melliza","19":"tag-influencer","20":"tag-intimidad","21":"tag-licenciada-en-administracion","22":"tag-maru-espasandin","23":"tag-moda","24":"tag-mundo-del-espectaculo","25":"tag-noviazgo","26":"tag-primer-aniversario","27":"tag-redes-sociales","28":"tag-relacion-amorosa","29":"tag-senleccion-tendencias","30":"tag-spain","31":"tag-tendencias"},"share_on_mastodon":{"url":"","error":""},"_links":{"self":[{"href":"https:\/\/www.europesays.com\/es\/wp-json\/wp\/v2\/posts\/81451","targetHints":{"allow":["GET"]}}],"collection":[{"href":"https:\/\/www.europesays.com\/es\/wp-json\/wp\/v2\/posts"}],"about":[{"href":"https:\/\/www.europesays.com\/es\/wp-json\/wp\/v2\/types\/post"}],"author":[{"embeddable":true,"href":"https:\/\/www.europesays.com\/es\/wp-json\/wp\/v2\/users\/2"}],"replies":[{"embeddable":true,"href":"https:\/\/www.europesays.com\/es\/wp-json\/wp\/v2\/comments?post=81451"}],"version-history":[{"count":0,"href":"https:\/\/www.europesays.com\/es\/wp-json\/wp\/v2\/posts\/81451\/revisions"}],"wp:featuredmedia":[{"embeddable":true,"href":"https:\/\/www.europesays.com\/es\/wp-json\/wp\/v2\/media\/81452"}],"wp:attachment":[{"href":"https:\/\/www.europesays.com\/es\/wp-json\/wp\/v2\/media?parent=81451"}],"wp:term":[{"taxonomy":"category","embeddable":true,"href":"https:\/\/www.europesays.com\/es\/wp-json\/wp\/v2\/categories?post=81451"},{"taxonomy":"post_tag","embeddable":true,"href":"https:\/\/www.europesays.com\/es\/wp-json\/wp\/v2\/tags?post=81451"}],"curies":[{"name":"wp","href":"https:\/\/api.w.org\/{rel}","templated":true}]}}