{"id":81453,"date":"2025-08-30T04:59:08","date_gmt":"2025-08-30T04:59:08","guid":{"rendered":"https:\/\/www.europesays.com\/es\/81453\/"},"modified":"2025-08-30T04:59:08","modified_gmt":"2025-08-30T04:59:08","slug":"consigue-la-coleccion-libros-sobre-temas-salmantinos-por-solo-995e-ejemplar","status":"publish","type":"post","link":"https:\/\/www.europesays.com\/es\/81453\/","title":{"rendered":"Consigue la colecci\u00f3n \u00abLibros sobre temas salmantinos\u00bb por s\u00f3lo 9,95\u20ac\/ejemplar"},"content":{"rendered":"<p class=\"v-mdl-ath__p v-mdl-ath__p--6\">\nS\u00e1bado, 30 de agosto 2025, 05:00<\/p>\n<p class=\"v-p\"><strong>La Gaceta de Salamanca<\/strong> lanza una <strong>promoci\u00f3n<\/strong> para los <strong>amantes de la historia y la cultura de nuestra tierra<\/strong>. Ocho libros imprescindibles que te permitir\u00e1n conocer Salamanca desde diferentes perspectivas, disponibles cada semana en <strong>LA GACETA<\/strong> de lunes a viernes, del <strong>1 de septiembre al 24 de octubre<\/strong>.<\/p>\n<p class=\"v-p\">Cada ejemplar podr\u00e1 ser tuyo por <strong>s\u00f3lo 9,95 \u20ac (7,95 \u20ac si eres suscriptor)<\/strong>. Adem\u00e1s, podr\u00e1s hacerte con la <strong>colecci\u00f3n completa<\/strong> de 8 libros a un precio especial de <strong>69,95 \u20ac (o 54,95 \u20ac para suscriptores).<\/strong><\/p>\n<p class=\"v-p\"><strong>SIPNOSIS<\/strong><\/p>\n<p class=\"v-p\">Una colecci\u00f3n de <strong>vol\u00famenes editados por LA GACETA a lo largo de los \u00faltimos a\u00f1os, a un precio superreducido<\/strong>, que recopila ocho t\u00edtulos pensados para <strong>descubrir la riqueza, la historia y las curiosidades de Salamanca<\/strong>. Desde su naturaleza y su patrimonio, hasta an\u00e9cdotas desconocidas, datos sorprendentes y rincones secretos, cada libro te sumerge en aspectos \u00fanicos de la ciudad y su entorno.<\/p>\n<p class=\"v-p\">Disfruta de un recorrido fascinante que combina <strong>tradici\u00f3n, cultura y curiosidad<\/strong>, con <strong>im\u00e1genes in\u00e9ditas<\/strong> y contenidos elaborados por <strong>expertos locales<\/strong>.<\/p>\n<p class=\"v-p\"><strong>ORDEN DE ENTREGA DE LA COLECCI\u00d3N<\/strong><\/p>\n<p class=\"v-p\">\u20221 al 5 de septiembre: <strong>La dehesa<\/strong>. Francisco Mart\u00edn, Jos\u00e9 Manuel G\u00f3mez, Teresa Majeroni y Jos\u00e9 Manuel Regalado.<\/p>\n<p class=\"v-p\">\u20229 al 12 de septiembre: <strong>Sab\u00edas que&#8230;<\/strong> Rub\u00e9n Mart\u00edn Vaquero y Tom\u00e1s Gonz\u00e1lez Bl\u00e1zquez.<\/p>\n<p class=\"v-p\">\u202215 al 19 de septiembre: <strong>Sab\u00edas que&#8230;2<\/strong>. Rub\u00e9n Mart\u00edn Vaquero y Tom\u00e1s Gonz\u00e1lez Bl\u00e1zquez.<\/p>\n<p class=\"v-p\">\u202222 al 26 de septiembre: <strong>Diccionario Curioso de Salamanca<\/strong>. Grupo \u00abLa Cueva de Salamanca\u00bb.<\/p>\n<p class=\"v-p\">\u202229 de septiembre al 3 de octubre: <strong>Salamanca desconocida<\/strong>. Juli\u00e1n \u00c1lvarez Villar.<\/p>\n<p class=\"v-p\">\u20226 al 10 de octubre: <strong>La Plaza Mayor de Salamanca<\/strong>. Conrad Kent.<\/p>\n<p class=\"v-p\">\u202213 al 17 de octubre: <strong>El perfil de Salamanca.<\/strong> Conrad Kent.<\/p>\n<p class=\"v-p\">\u202220 al 24 de octubre: <strong>Salamanca ayer y hoy.<\/strong> Mar\u00eda Flora Gonz\u00e1lez G\u00f3mez y Vicente Sierra Puparelli.<\/p>\n<p class=\"v-p\"><strong>VENTAJAS PARA SUSCRIPTORES<\/strong><\/p>\n<p class=\"v-p\"><strong>\u2022Precio especial:<\/strong> 7,95 \u20ac por ejemplar.<\/p>\n<p class=\"v-p\"><strong>\u2022Colecci\u00f3n completa: <\/strong>54,95 \u20ac (69,95 \u20ac para no suscriptores).<\/p>\n<p class=\"v-p\"><strong>\u2022Disponibilidad:<\/strong> Adquiere tus ejemplares cada semana o la colecci\u00f3n completa en las oficinas de La Gaceta (Avda. de los Cipreses, 81. Salamanca).<\/p>\n<p class=\"v-p\">La colecci\u00f3n completa, que se compone de 8 ejemplares, podr\u00e1 adquirirse bajo reserva llamando al 923 125 240 o rellenando el siguiente formulario:<\/p>\n<p>Comenta<\/p>\n<p>Reporta un error<\/p>\n","protected":false},"excerpt":{"rendered":"S\u00e1bado, 30 de agosto 2025, 05:00 La Gaceta de Salamanca lanza una promoci\u00f3n para los amantes de la&hellip;\n","protected":false},"author":2,"featured_media":81454,"comment_status":"","ping_status":"","sticky":false,"template":"","format":"standard","meta":{"footnotes":""},"categories":[172],"tags":[30857,224,3000,10310,146,147,25,24,225,30856,57,1138,23,25972],"class_list":{"0":"post-81453","1":"post","2":"type-post","3":"status-publish","4":"format-standard","5":"has-post-thumbnail","7":"category-libros","8":"tag-995eejemplar","9":"tag-books","10":"tag-coleccion","11":"tag-consigue","12":"tag-entertainment","13":"tag-entretenimiento","14":"tag-es","15":"tag-espana","16":"tag-libros","17":"tag-salmantinos","18":"tag-sobre","19":"tag-solo","20":"tag-spain","21":"tag-temas"},"share_on_mastodon":{"url":"","error":""},"_links":{"self":[{"href":"https:\/\/www.europesays.com\/es\/wp-json\/wp\/v2\/posts\/81453","targetHints":{"allow":["GET"]}}],"collection":[{"href":"https:\/\/www.europesays.com\/es\/wp-json\/wp\/v2\/posts"}],"about":[{"href":"https:\/\/www.europesays.com\/es\/wp-json\/wp\/v2\/types\/post"}],"author":[{"embeddable":true,"href":"https:\/\/www.europesays.com\/es\/wp-json\/wp\/v2\/users\/2"}],"replies":[{"embeddable":true,"href":"https:\/\/www.europesays.com\/es\/wp-json\/wp\/v2\/comments?post=81453"}],"version-history":[{"count":0,"href":"https:\/\/www.europesays.com\/es\/wp-json\/wp\/v2\/posts\/81453\/revisions"}],"wp:featuredmedia":[{"embeddable":true,"href":"https:\/\/www.europesays.com\/es\/wp-json\/wp\/v2\/media\/81454"}],"wp:attachment":[{"href":"https:\/\/www.europesays.com\/es\/wp-json\/wp\/v2\/media?parent=81453"}],"wp:term":[{"taxonomy":"category","embeddable":true,"href":"https:\/\/www.europesays.com\/es\/wp-json\/wp\/v2\/categories?post=81453"},{"taxonomy":"post_tag","embeddable":true,"href":"https:\/\/www.europesays.com\/es\/wp-json\/wp\/v2\/tags?post=81453"}],"curies":[{"name":"wp","href":"https:\/\/api.w.org\/{rel}","templated":true}]}}