{"id":81475,"date":"2025-08-30T05:12:08","date_gmt":"2025-08-30T05:12:08","guid":{"rendered":"https:\/\/www.europesays.com\/es\/81475\/"},"modified":"2025-08-30T05:12:08","modified_gmt":"2025-08-30T05:12:08","slug":"feria-la-algaba-la-algaba-presenta-los-carteles-taurinos-de-la-feria-2025-estos-son-los-novilleros-que-actuaran-en-septiembre","status":"publish","type":"post","link":"https:\/\/www.europesays.com\/es\/81475\/","title":{"rendered":"FERIA LA ALGABA | La Algaba presenta los carteles taurinos de la Feria 2025: estos son los novilleros que actuar\u00e1n en septiembre"},"content":{"rendered":"<p class=\"ft-text\"><a class=\"ft-link ft-link--decoration\" href=\"https:\/\/www.elcorreoweb.es\/tags\/la-algaba\/\" rel=\"nofollow noopener\" target=\"_blank\">La Algaba <\/a>ya se prepara para vivir una de las semanas m\u00e1s esperadas del a\u00f1o: <strong>la Feria 2025 y sus festejos taurinos<\/strong>. El municipio sevillano present\u00f3 este jueves en el auditorio municipal el cartel anunciador de su Feria y Festejos Taurinos 2025, obra del artista local <strong>Jaime Cruz<\/strong>. Un acto en el que el alcalde, Diego Manuel Ag\u00fcera Pi\u00f1ero, dedic\u00f3 palabras de elogios al pintor del cartel.<\/p>\n<p class=\"ft-text ft-helper-align-justify\">En cuanto a los festejos taurinos, el municipio algabe\u00f1o acoger\u00e1 tres novilladas en la que desfilar\u00e1n las j\u00f3venes promesas del mundo del toro. Cada mes de septiembre, los novilleros muestran su ilusi\u00f3n y sus ganas en esta plaza con tanta idiosincracia. <strong>La mitad de la plaza mantiene su esencia de carros <\/strong>con un ambiente m\u00e1s festivo con las pe\u00f1as y <strong>en la otra mitad se encuentran los tendidos<\/strong> repletos de aficionados que<strong> <\/strong><a class=\"ft-link ft-link--decoration\" href=\"https:\/\/www.elcorreoweb.es\/sevilla\/2024\/08\/23\/ferias-provincia-sevilla-septiembre-turron-107247748.html\" target=\"_blank\" rel=\"nofollow noopener\"><strong>se acercan a esta feria con encanto del mes de septiembre.<\/strong><\/a><\/p>\n<p class=\"ft-text ft-helper-align-justify\">Cabe recordar que fue la \u00faltima plaza donde <a class=\"ft-link ft-link--decoration\" href=\"https:\/\/www.elcorreoweb.es\/tags\/curro-romero\/\" rel=\"nofollow noopener\" target=\"_blank\">Curro Romero realiz\u00f3 su \u00faltima faena<\/a> a principios de este siglo, concretamente el 22 de octubre del 2000, <strong>en un mano a mano <\/strong>con un torero reci\u00e9n tomado la alternativa<strong>: un incipiente <\/strong><a class=\"ft-link ft-link--decoration\" href=\"https:\/\/www.elcorreoweb.es\/tags\/morante-de-la-puebla\/\" rel=\"nofollow noopener\" target=\"_blank\"><strong>Morante de la Puebla.<\/strong><\/a><strong> <\/strong>Por el ruedo algabe\u00f1o han pasado multitud de j\u00f3venes aspirantes,<a class=\"ft-link ft-link--decoration\" href=\"https:\/\/www.elcorreoweb.es\/tags\/toros\/\" rel=\"nofollow noopener\" target=\"_blank\"> matadores de toros<\/a> y figuras del toreo como Juli\u00e1n L\u00f3pez \u00abEl Juli\u00bb cuando apenas era un ni\u00f1o prodigio.<\/p>\n<p>Cartel taurino de la Feria<\/p>\n<p class=\"ft-text ft-helper-align-justify\">La plaza de Toros acoger\u00e1 su cuadrag\u00e9simo sexta edici\u00f3n taurina. Como viene siendo tradicional, se realizar\u00e1<strong> la suelta de vaquillas despu\u00e9s de cada festejo.\u00a0<\/strong>Un ciclo para el que se contar\u00e1 con <strong>doce aspirantes<\/strong>, tanto locales como provinciales y de otros lugares de la geograf\u00eda taurina espa\u00f1ola.<\/p>\n<p class=\"ft-text ft-helper-align-justify\">Tres encierros ganaderos para la celebraci\u00f3n de las pr\u00f3ximas fiestas populares de la localidad sevillana de La Algaba, que tendr\u00e1n lugar\u00a0<strong>los d\u00edas 13, 14 y 21\u00a0de septiembre<\/strong>. Adem\u00e1s de las capeas, el s\u00e1bado y domingo por la ma\u00f1ana probar\u00e1n suerte los aficionados en la suelta de vacas por las calles de la <strong>barriada Santa Marta.<\/strong><\/p>\n<p class=\"ft-text ft-helper-align-justify\"><strong>Las combinaciones de novilleros y ganader\u00edas son las siguientes:<\/strong><\/p>\n<ul class=\"ft-list ft-list--primary\" data-aida-text=\"\">\n<li class=\"ft-list__item\"><strong>S\u00e1bado, 13 de septiembre<\/strong>. Novillos de Marqu\u00e9s de Albaserrada para Miguel A. Vel\u00e1zquez (Sevilla), David Ram\u00edrez (Huelva), Jairo L\u00f3pez (M\u00e9xico) y Armando Rojo (Sevilla).<\/li>\n<li class=\"ft-list__item\"><strong>Domingo, 14 de septiembre<\/strong>. Novillos de Jos\u00e9 Luis Osborne para Daniel Artazos (Valencia), Manuel D\u00edaz (La Algaba), Nicasio Carbonell (La Algaba) y Antonio Aparicio (Ja\u00e9n).<\/li>\n<li class=\"ft-list__item\"><strong>Domingo, 21 de septiembre<\/strong>. Novillos de D. Agust\u00edn Lunar para Manuel Quintana (C\u00f3rdoba), Javier Torres \u201cBombita\u201d (Sevilla), Pedro Caminero (Palencia) y Crist\u00f3bal de Lara (Huelva).<\/li>\n<\/ul>\n<p>D\u00f3nde comprar las entradas<\/p>\n<p class=\"ft-text ft-helper-align-justify\">La venta de abonos comenzar\u00e1 el <strong>jueves 4 de septiembre<\/strong>, mientras que las entradas sueltas estar\u00e1n disponibles a partir del <strong>8 de septiembre<\/strong> y los propios d\u00edas de festejo en la taquilla de la plaza de toros.<\/p>\n<p class=\"ft-text\">Los precios de los abonos para toda la feria oscilan<strong>\u00a0desde los 17 euros hasta los 37 euros en barrera.<\/strong>\u00a0Se podr\u00e1n adquirir los abonos desde el jueves 4 de septiembre.\u00a0<strong>La venta de entradas anticipadas comenzar\u00e1n a partir del lunes 8 de septiembre con precios asequibles desde 10 euros hasta 16 euros.<\/strong><\/p>\n<p class=\"ft-text ft-helper-align-justify\">De igual forma, se podr\u00e1n adquirir de forma presencial <strong>el d\u00eda del festejo con un precio superior desde los 17 euros en tendido de sol hasta los 27 euros en barrera<\/strong>. Las taquillas de la plaza en horario de<strong>\u00a0lunes a viernes de 10:00 h. a 13:00 h. y de 17:00 h. a 21:00 horas.<\/strong>\u00a0El d\u00eda del festejo desde las 10.00 horas.<\/p>\n","protected":false},"excerpt":{"rendered":"La Algaba ya se prepara para vivir una de las semanas m\u00e1s esperadas del a\u00f1o: la Feria 2025&hellip;\n","protected":false},"author":2,"featured_media":81476,"comment_status":"","ping_status":"","sticky":false,"template":"","format":"standard","meta":{"footnotes":""},"categories":[277],"tags":[373,7149,168,25,24,599,30866,1971,23,167,374,444],"class_list":{"0":"post-81475","1":"post","2":"type-post","3":"status-publish","4":"format-standard","5":"has-post-thumbnail","7":"category-toreo","8":"tag-bullfighting","9":"tag-carteles","10":"tag-deportes","11":"tag-es","12":"tag-espana","13":"tag-feria","14":"tag-la-algaba","15":"tag-septiembre","16":"tag-spain","17":"tag-sports","18":"tag-toreo","19":"tag-toros"},"share_on_mastodon":{"url":"","error":""},"_links":{"self":[{"href":"https:\/\/www.europesays.com\/es\/wp-json\/wp\/v2\/posts\/81475","targetHints":{"allow":["GET"]}}],"collection":[{"href":"https:\/\/www.europesays.com\/es\/wp-json\/wp\/v2\/posts"}],"about":[{"href":"https:\/\/www.europesays.com\/es\/wp-json\/wp\/v2\/types\/post"}],"author":[{"embeddable":true,"href":"https:\/\/www.europesays.com\/es\/wp-json\/wp\/v2\/users\/2"}],"replies":[{"embeddable":true,"href":"https:\/\/www.europesays.com\/es\/wp-json\/wp\/v2\/comments?post=81475"}],"version-history":[{"count":0,"href":"https:\/\/www.europesays.com\/es\/wp-json\/wp\/v2\/posts\/81475\/revisions"}],"wp:featuredmedia":[{"embeddable":true,"href":"https:\/\/www.europesays.com\/es\/wp-json\/wp\/v2\/media\/81476"}],"wp:attachment":[{"href":"https:\/\/www.europesays.com\/es\/wp-json\/wp\/v2\/media?parent=81475"}],"wp:term":[{"taxonomy":"category","embeddable":true,"href":"https:\/\/www.europesays.com\/es\/wp-json\/wp\/v2\/categories?post=81475"},{"taxonomy":"post_tag","embeddable":true,"href":"https:\/\/www.europesays.com\/es\/wp-json\/wp\/v2\/tags?post=81475"}],"curies":[{"name":"wp","href":"https:\/\/api.w.org\/{rel}","templated":true}]}}