{"id":81494,"date":"2025-08-30T05:26:08","date_gmt":"2025-08-30T05:26:08","guid":{"rendered":"https:\/\/www.europesays.com\/es\/81494\/"},"modified":"2025-08-30T05:26:08","modified_gmt":"2025-08-30T05:26:08","slug":"juan-ayuso-logra-su-primera-e-importante-victoria-en-solitario-en-la-vuelta-a-espana-el-pais-expres","status":"publish","type":"post","link":"https:\/\/www.europesays.com\/es\/81494\/","title":{"rendered":"Juan Ayuso logra su primera (e importante) victoria en solitario en la Vuelta a Espa\u00f1a | El PA\u00cdS Expr\u00e9s"},"content":{"rendered":"<p><img fetchpriority=\"high\" alt=\"CERLER. HUESCA LA MAGIA, SPAIN - AUGUST 29: Juan Ayuso of Spain and UAE Team Emirates - XRG attacks in the breakaway during the La Vuelta - 80th Tour of Spain 2025, Stage 7 a 188km stage from Andorra la Vella  to Cerler. Huesca La Magia 1910m \/ #UCIWT \/ on August 29, 2025 in Cerler. Huesca La Magia, Spain. (Photo by Dario Belingheri\/Getty Images)\" decoding=\"auto\" class=\"_re  a_m-h\" height=\"414\"  width=\"414\"  src=\"https:\/\/www.europesays.com\/es\/wp-content\/uploads\/2025\/08\/C742TUAHU5ENBHBGGKWVLHCVYI.jpg\" loading=\"eager\"\/>CERLER. HUESCA LA MAGIA, SPAIN &#8211; AUGUST 29: Juan Ayuso of Spain and UAE Team Emirates &#8211; XRG attacks in the breakaway during the La Vuelta &#8211; 80th Tour of Spain 2025, Stage 7 a 188km stage from Andorra la Vella  to Cerler. Huesca La Magia 1910m \/ #UCIWT \/ on August 29, 2025 in Cerler. Huesca La Magia, Spain. (Photo by Dario Belingheri\/Getty Images)FOTO: Dario Belingheri (Getty Images)<\/p>\n<p class=\"\">Juan Ayuso ha conseguido reengancharse a la Vuelta a Espa\u00f1a 2025 con una \u00e9pica victoria en solitario en la s\u00e9ptima etapa, tras el batacazo de la jornada anterior.<\/p>\n<ul>\n<li>El ciclista espa\u00f1ol se ha impuesto con m\u00e1s de un minuto de ventaja frente a sus competidores, tras un ataque decisivo a falta de unos 11 kil\u00f3metros para la meta que logr\u00f3 mantener en la dif\u00edcil ascensi\u00f3n final que caracteriza la Vuelta a su paso por Cerler.<\/li>\n<\/ul>\n<p class=\"\"><b>El joven espa\u00f1ol recupera sensaciones.<\/b> Ayuso, considerado a sus 22 a\u00f1os la gran promesa del ciclismo espa\u00f1ol, ha logrado volver a situarse en la competici\u00f3n tras perder 12 minutos el d\u00eda anterior en Andorra.<\/p>\n<ul>\n<li>A\u00fan as\u00ed, sigue lejos del noruego Torstein Traeen, que lidera el torneo con una ventaja de m\u00e1s de siete minutos sobre el espa\u00f1ol.<\/li>\n<\/ul>\n<p class=\"\"><b>Una minigu\u00eda para no perderse:<\/b><\/p>\n<ul>\n<li>La Vuelta a Espa\u00f1a es una de las tres grandes vueltas ciclistas del mundo (junto al Tour de Francia y el Giro de Italia).<\/li>\n<li>En la clasificaci\u00f3n general, gana el que acumula menos tiempo en las 21 etapas.<\/li>\n<li>Y esta victoria, adem\u00e1s de suponer un gran triunfo para su equipo, el UAE Team Emirates, refuerza la posici\u00f3n de Ayuso como figura emergente en el ciclismo mundial.<\/li>\n<\/ul>\n<p class=\"\">\u00a9Foto: Dario Belingheri (Getty Images)<\/p>\n<p class=\"\"><a href=\"https:\/\/elpais.com\/deportes\/ciclismo\/2025-08-29\/ayuso-se-fue-para-volver-en-la-vuelta-a-espana.html\" target=\"_self\" rel=\"nofollow noopener\" title=\"https:\/\/elpais.com\/deportes\/ciclismo\/2025-08-29\/ayuso-se-fue-para-volver-en-la-vuelta-a-espana.html\">Si quieres saber m\u00e1s, puedes leer aqu\u00ed.<\/a><\/p>\n","protected":false},"excerpt":{"rendered":"CERLER. HUESCA LA MAGIA, SPAIN &#8211; AUGUST 29: Juan Ayuso of Spain and UAE Team Emirates &#8211; XRG&hellip;\n","protected":false},"author":2,"featured_media":81495,"comment_status":"","ping_status":"","sticky":false,"template":"","format":"standard","meta":{"footnotes":""},"categories":[93],"tags":[10098,313,168,25,24,4657,12999,23,167,7603],"class_list":{"0":"post-81494","1":"post","2":"type-post","3":"status-publish","4":"format-standard","5":"has-post-thumbnail","7":"category-deportes","8":"tag-andorra","9":"tag-ciclismo","10":"tag-deportes","11":"tag-es","12":"tag-espana","13":"tag-juan-ayuso","14":"tag-pirineos","15":"tag-spain","16":"tag-sports","17":"tag-vuelta-espana"},"share_on_mastodon":{"url":"","error":""},"_links":{"self":[{"href":"https:\/\/www.europesays.com\/es\/wp-json\/wp\/v2\/posts\/81494","targetHints":{"allow":["GET"]}}],"collection":[{"href":"https:\/\/www.europesays.com\/es\/wp-json\/wp\/v2\/posts"}],"about":[{"href":"https:\/\/www.europesays.com\/es\/wp-json\/wp\/v2\/types\/post"}],"author":[{"embeddable":true,"href":"https:\/\/www.europesays.com\/es\/wp-json\/wp\/v2\/users\/2"}],"replies":[{"embeddable":true,"href":"https:\/\/www.europesays.com\/es\/wp-json\/wp\/v2\/comments?post=81494"}],"version-history":[{"count":0,"href":"https:\/\/www.europesays.com\/es\/wp-json\/wp\/v2\/posts\/81494\/revisions"}],"wp:featuredmedia":[{"embeddable":true,"href":"https:\/\/www.europesays.com\/es\/wp-json\/wp\/v2\/media\/81495"}],"wp:attachment":[{"href":"https:\/\/www.europesays.com\/es\/wp-json\/wp\/v2\/media?parent=81494"}],"wp:term":[{"taxonomy":"category","embeddable":true,"href":"https:\/\/www.europesays.com\/es\/wp-json\/wp\/v2\/categories?post=81494"},{"taxonomy":"post_tag","embeddable":true,"href":"https:\/\/www.europesays.com\/es\/wp-json\/wp\/v2\/tags?post=81494"}],"curies":[{"name":"wp","href":"https:\/\/api.w.org\/{rel}","templated":true}]}}