{"id":81616,"date":"2025-08-30T06:51:33","date_gmt":"2025-08-30T06:51:33","guid":{"rendered":"https:\/\/www.europesays.com\/es\/81616\/"},"modified":"2025-08-30T06:51:33","modified_gmt":"2025-08-30T06:51:33","slug":"jesus-areso-david-goldar-y-joni-montiel-del-burgos-cf-a-la-champions-league","status":"publish","type":"post","link":"https:\/\/www.europesays.com\/es\/81616\/","title":{"rendered":"Jes\u00fas Areso, David Goldar y Joni Montiel, del Burgos CF a la Champions League"},"content":{"rendered":"<p>Del Burgos CF a la Champions League. Tres exfutbolistas del equipo blanquinegro disputar\u00e1n la presente edici\u00f3n de la Liga de Campeones.\u00a0Jes\u00fas Areso, David Goldar y Joni Montiel se estrenar\u00e1n en la m\u00e1xima competici\u00f3n continental\u00a0con el Athletic, el Pafos y el Qarabag, respectivamente.<\/p>\n<p><strong>Jes\u00fas Areso <\/strong>dej\u00f3 huella a orillas del Arlanz\u00f3n la temporada 2022-23, en la que jug\u00f3 de blanquinegro cedido por Osasuna. Olvidada su grave lesi\u00f3n, cabalg\u00f3 la banda derecha de El Plant\u00edo y se gan\u00f3 un sitio en Primera con el equipo pamplonica. Este verano ha protagonizado uno de los culebrones del arranque del mercado de fichajes hasta concretarse su vuelta al <strong>Athletic Club<\/strong>, que volvi\u00f3 a pagar su cl\u00e1usula -ya lo hizo siendo juvenil- para llevarse al lateral de Cascante, por el que suspiraba el Atl\u00e9tico de Madrid.<\/p>\n<p>Su progresi\u00f3n le ha llevado a disputar la Champions League, a la que vuelve el Athletic 11 temporadas despu\u00e9s. Los leones recibir\u00e1n en San Mam\u00e9s al PSG, Arsenal,\u00a0Sporting de Portugal y Qarabag -donde juega Montiel-, mientras que visitar\u00e1n al Borussia Dortmund, Atalanta, Slavia de Praga y Newcastle, seg\u00fan el sorteo de la primera fase celebrado este jueves.<\/p>\n<p>M\u00e1s breve, pero tambi\u00e9n fruct\u00edfero, fue el paso de <strong>David Goldar<\/strong> por el Burgos CF. Lleg\u00f3 en enero de 2023 procedente del Ibiza y firm\u00f3 hasta junio de 2025. Se gan\u00f3 la confianza de Juli\u00e1n Calero desde el principio y se hizo indiscutible junto a Aitor C\u00f3rdoba y Elgezabal, pero al inicio de la siguiente temporada se march\u00f3 traspasado al <strong>Pafos FC<\/strong> tras 17 partidos como blanquinegro.\u00a0<\/p>\n<p>A las \u00f3rdenes de Juan Carlos Carcedo, con el que ya coincidi\u00f3 en Ibiza, ha hecho historia al meter al conjunto chipriota entre los 36 mejores equipos del continente. El Pafos jugar\u00e1 en casa ante el Bayern, Villarreal, Slavia Praha y Monaco y visitar\u00e1 al Chelsea, Juventus, Olympiacos y Kairat Almaty.<\/p>\n<p>Tan breve como la de Goldar fue la trayectoria burgalesista de <strong>Joni Montiel<\/strong>, que visti\u00f3 de blanquinegro 17 veces, entre enero y junio de 2024. Apenas una semana despu\u00e9s de calentar en la banda de El Plant\u00edo como jugador del Valladolid, lleg\u00f3 a orillas del Arlanz\u00f3n cedido por el Rayo Vallecano. Finalizado su contrato con el equipo franjirrojo, el mediapunta madrile\u00f1o firm\u00f3 a principios de este mes de agosto como nuevo jugador del <strong>Qarabag<\/strong>, que ha vuelto a la Champions tras eliminar al Ferencvaros h\u00fangaro.\u00a0<\/p>\n<p>El conjunto de Azerbaiy\u00e1n se medir\u00e1 en la presente edici\u00f3n de la m\u00e1xima competici\u00f3n continental al Chelsea, Eintracht de Frankfurt, Ajax y Copenhagen en casa y al Liverpool, Benfica, Napoli y Ahtletic a domicilio.<\/p>\n","protected":false},"excerpt":{"rendered":"Del Burgos CF a la Champions League. Tres exfutbolistas del equipo blanquinegro disputar\u00e1n la presente edici\u00f3n de la&hellip;\n","protected":false},"author":2,"featured_media":81617,"comment_status":"","ping_status":"","sticky":false,"template":"","format":"standard","meta":{"footnotes":""},"categories":[268],"tags":[12745,2203,3409,30892,18012,10221,30890,1241,2015,2770,168,25,24,280,282,6079,30889,30891,5095,1235,621,281,23,167],"class_list":{"0":"post-81616","1":"post","2":"type-post","3":"status-publish","4":"format-standard","5":"has-post-thumbnail","7":"category-futbol","8":"tag-aitor-cordoba","9":"tag-athletic-club","10":"tag-atletico-de-madrid","11":"tag-bayern-de-munich","12":"tag-borussia-dortmund","13":"tag-burgos-cf","14":"tag-cascante","15":"tag-champions-league","16":"tag-chelsea-fc","17":"tag-complejo-deportivo-el-plantio","18":"tag-deportes","19":"tag-es","20":"tag-espana","21":"tag-football","22":"tag-futbol","23":"tag-ibiza","24":"tag-jesus-areso","25":"tag-julian-calero","26":"tag-monaco","27":"tag-newcastle","28":"tag-osasuna","29":"tag-soccer","30":"tag-spain","31":"tag-sports"},"share_on_mastodon":{"url":"","error":""},"_links":{"self":[{"href":"https:\/\/www.europesays.com\/es\/wp-json\/wp\/v2\/posts\/81616","targetHints":{"allow":["GET"]}}],"collection":[{"href":"https:\/\/www.europesays.com\/es\/wp-json\/wp\/v2\/posts"}],"about":[{"href":"https:\/\/www.europesays.com\/es\/wp-json\/wp\/v2\/types\/post"}],"author":[{"embeddable":true,"href":"https:\/\/www.europesays.com\/es\/wp-json\/wp\/v2\/users\/2"}],"replies":[{"embeddable":true,"href":"https:\/\/www.europesays.com\/es\/wp-json\/wp\/v2\/comments?post=81616"}],"version-history":[{"count":0,"href":"https:\/\/www.europesays.com\/es\/wp-json\/wp\/v2\/posts\/81616\/revisions"}],"wp:featuredmedia":[{"embeddable":true,"href":"https:\/\/www.europesays.com\/es\/wp-json\/wp\/v2\/media\/81617"}],"wp:attachment":[{"href":"https:\/\/www.europesays.com\/es\/wp-json\/wp\/v2\/media?parent=81616"}],"wp:term":[{"taxonomy":"category","embeddable":true,"href":"https:\/\/www.europesays.com\/es\/wp-json\/wp\/v2\/categories?post=81616"},{"taxonomy":"post_tag","embeddable":true,"href":"https:\/\/www.europesays.com\/es\/wp-json\/wp\/v2\/tags?post=81616"}],"curies":[{"name":"wp","href":"https:\/\/api.w.org\/{rel}","templated":true}]}}