{"id":81660,"date":"2025-08-30T07:23:09","date_gmt":"2025-08-30T07:23:09","guid":{"rendered":"https:\/\/www.europesays.com\/es\/81660\/"},"modified":"2025-08-30T07:23:09","modified_gmt":"2025-08-30T07:23:09","slug":"noche-de-verbena-en-el-teatro-adolfo-marsillach-canal-norte-tv-digital","status":"publish","type":"post","link":"https:\/\/www.europesays.com\/es\/81660\/","title":{"rendered":"Noche de verbena en el teatro Adolfo Marsillach &#8211; Canal Norte TV Digital"},"content":{"rendered":"<p>Zoraida PALACIOS \/ San Sebasti\u00e1n de los Reyes, Madrid \/ 30.08.2025<\/p>\n<p>El Teatro Auditorio Adolfo Marsillach de San Sebasti\u00e1n de los Reyes contin\u00faa con su programaci\u00f3n especial con motivo de las fiestas. El viernes 29 de agosto fue el turno de &#8216;La Verbena de la Paloma&#8217;, una de las obras m\u00e1s emblem\u00e1ticas de la zarzuela.\u00a0<\/p>\n<p>Este sainete l\u00edrico, con m\u00fasica de Tom\u00e1s Bret\u00f3n y libreto original de Ricardo de la Vega, es una producci\u00f3n tradicional que recoge el alma del g\u00e9nero chico espa\u00f1ol, con una puesta en escena cautivadora. Ambientada en las fiestas populares madrile\u00f1as, esta obra cl\u00e1sica conecta con un p\u00fablico diverso y ayuda a mantener viva la cultura teatro.<\/p>\n<p>Desde algo antes del inicio ya se pod\u00eda ver movimiento en el acceso principal, con varios vecinos acerc\u00e1ndose a taquilla y esperando para entrar al auditorio.<\/p>\n<p>Sobre el escenario, orquesta en directo y grandes voces han dado vida a los personajes con una interpretaci\u00f3n fiel, que ha combinado momentos c\u00f3micos, dramatismo y escenas musicales muy aplaudidas.<\/p>\n<p>La Verbena de la Paloma se suma as\u00ed a la oferta cultural del TAM durante las fiestas , a la espera de la actuaci\u00f3n de Latido y Ta\u00f1ido, que cerrar\u00e1 este ciclo especial.<\/p>\n","protected":false},"excerpt":{"rendered":"Zoraida PALACIOS \/ San Sebasti\u00e1n de los Reyes, Madrid \/ 30.08.2025 El Teatro Auditorio Adolfo Marsillach de San&hellip;\n","protected":false},"author":2,"featured_media":81661,"comment_status":"","ping_status":"","sticky":false,"template":"","format":"standard","meta":{"footnotes":""},"categories":[91],"tags":[517,146,147,25,24,30901,23],"class_list":{"0":"post-81660","1":"post","2":"type-post","3":"status-publish","4":"format-standard","5":"has-post-thumbnail","7":"category-entretenimiento","8":"tag-actualidad","9":"tag-entertainment","10":"tag-entretenimiento","11":"tag-es","12":"tag-espana","13":"tag-sanse-breves","14":"tag-spain"},"share_on_mastodon":{"url":"","error":""},"_links":{"self":[{"href":"https:\/\/www.europesays.com\/es\/wp-json\/wp\/v2\/posts\/81660","targetHints":{"allow":["GET"]}}],"collection":[{"href":"https:\/\/www.europesays.com\/es\/wp-json\/wp\/v2\/posts"}],"about":[{"href":"https:\/\/www.europesays.com\/es\/wp-json\/wp\/v2\/types\/post"}],"author":[{"embeddable":true,"href":"https:\/\/www.europesays.com\/es\/wp-json\/wp\/v2\/users\/2"}],"replies":[{"embeddable":true,"href":"https:\/\/www.europesays.com\/es\/wp-json\/wp\/v2\/comments?post=81660"}],"version-history":[{"count":0,"href":"https:\/\/www.europesays.com\/es\/wp-json\/wp\/v2\/posts\/81660\/revisions"}],"wp:featuredmedia":[{"embeddable":true,"href":"https:\/\/www.europesays.com\/es\/wp-json\/wp\/v2\/media\/81661"}],"wp:attachment":[{"href":"https:\/\/www.europesays.com\/es\/wp-json\/wp\/v2\/media?parent=81660"}],"wp:term":[{"taxonomy":"category","embeddable":true,"href":"https:\/\/www.europesays.com\/es\/wp-json\/wp\/v2\/categories?post=81660"},{"taxonomy":"post_tag","embeddable":true,"href":"https:\/\/www.europesays.com\/es\/wp-json\/wp\/v2\/tags?post=81660"}],"curies":[{"name":"wp","href":"https:\/\/api.w.org\/{rel}","templated":true}]}}