{"id":81686,"date":"2025-08-30T07:40:09","date_gmt":"2025-08-30T07:40:09","guid":{"rendered":"https:\/\/www.europesays.com\/es\/81686\/"},"modified":"2025-08-30T07:40:09","modified_gmt":"2025-08-30T07:40:09","slug":"hay-activistas-de-la-comunidad-trans-que-no-creen-en-la-libertad-de-expresion","status":"publish","type":"post","link":"https:\/\/www.europesays.com\/es\/81686\/","title":{"rendered":"\u00abHay activistas de la comunidad trans que no creen en la libertad de expresi\u00f3n\u00bb"},"content":{"rendered":"<p>La vor\u00e1gine no remite pero John Boyne (Dubl\u00edn, 1971), autor de la celeb\u00e9rrima &#8216;El ni\u00f1o con el pijama de rayas&#8217;, adem\u00e1s de figura prominente de  &#8230; la comunidad LGTBIQ+ en el \u00e1mbito anglosaj\u00f3n, se mantiene firme y no pierde la tranquilidad. Hoy sale a la venta su novela &#8216;Una escalera hacia el cielo&#8217; (Salamandra) y se ha prestado a responder a EL CORREO un cuestionario por email. Lo que no desea es hablar por tel\u00e9fono y tampoco venir a Espa\u00f1a para promocionar su libro. La pol\u00e9mica con la comunidad trans motivada por su alineamiento p\u00fablico con los postulados de J. K. Rowling en un art\u00edculo de opini\u00f3n, que se public\u00f3 en julio y nada tiene que ver con la tem\u00e1tica de su novela, ha levantado tanta polvareda en Reino Unido que ahora evita charlar con nadie que no sea su familia.<\/p>\n<p class=\"v-p\">Lo cual no significa que est\u00e9 aislado ni que quiera que la traducci\u00f3n al castellano de &#8216;Una escalera hacia el cielo&#8217; pase sin pena ni gloria. \u00abHe sacado mis mejores libros en los \u00faltimos tiempos. Ahora no tengo previsto bajar la calidad\u00bb, deja claro cuando se le recuerda que Kazuo Ishiguro asegura que la mejor etapa de un escritor termina al llegar a los 60 a\u00f1os. Siempre se ha sentido orgulloso de su trabajo, especialmente de esta nueva novela de 432 p\u00e1ginas, que cuenta la historia de un escritor sin talento ni moral. Un psic\u00f3pata capaz de todo por alcanzar la inmortalidad literaria. Como en la mayor parte de su obra, el dolor de los m\u00e1s d\u00e9biles flota en el ambiente. Se respira y se mete hasta la pituitaria desde el primer cap\u00edtulo.<\/p>\n<p class=\"v-p\">Boyne es un autor que ha abordado lo mismo el Holocausto que los abusos sexuales. Le interesa y hasta obsesiona distinguir el bien del mal, lo correcto y lo errado, sobre todo cuando el asunto le toca de cerca. Y la diversidad sexual es uno de esos temas en los que opina sin vacilar: \u00abTodos los seres humanos deben tener los mismos derechos. Eso s\u00ed, en el caso de colisi\u00f3n tienen que prevalecer los derechos de las mujeres que lo son por nacimiento. Tambi\u00e9n creo que los ni\u00f1os no deben someterse a experimentaci\u00f3n m\u00e9dica. Por estas opiniones v\u00e1lidas y legales, que he tenido siempre, estoy sufriendo el acoso de extremistas que afortunadamente no representan a toda la comunidad trans. Hay gente horrorizada con los disparates de activistas que, en su mayor\u00eda, ni siquiera son trans\u00bb. Y en cuanto a J. K. Rowling, se reafirma en lo que ya escribi\u00f3 en su art\u00edculo publicado el 27 de julio en &#8216;The Irish Independent&#8217;. \u00abNo la considero una radical. Simplemente est\u00e1 intentando proteger a las mujeres y mantener espacios seguros para ellas\u00bb. <\/p>\n<p>Premio LGTBIQ+<\/p>\n<p class=\"v-p\">En las \u00faltimas semanas no solo se le ha eliminado de la lista de candidatos al Polari, un galard\u00f3n literario del colectivo LGTBIQ+ de Reino Unido. La indignaci\u00f3n por haberlo nominado ha llevado incluso a la suspensi\u00f3n de la actual edici\u00f3n del premio. Las protestas de otros postulantes, la dimisi\u00f3n de dos jueces y la carta abierta de m\u00e1s de 800 escritores y profesionales del sector no dejaron otra alternativa a los organizadores del Polari. Entre los firmantes m\u00e1s conocidos de la misiva colectiva y condenatoria, organizada por Niamh N\u00ed Mhaoileoin y Emma van Straaten (que han publicado su primer libro esta temporada), destaca Alice Oseman, que se define como asexual y es autora de &#8216;Heartstopper&#8217;, una novela gr\u00e1fica sobre identidad e inclusi\u00f3n.<\/p>\n<p class=\"v-p\">\u00abNo podemos dejar que nos callen. Las instituciones culturales deben oponerse a las t\u00e1cticas de acoso e intimidaci\u00f3n adoptadas por los activistas. Pueden tener raz\u00f3n y pueden tener algo importante que decir, pero silenciar a los escritores o los artistas no es la manera de hacerlo. Eso es censura. Si act\u00faan as\u00ed es porque no creen en la libertad de expresi\u00f3n y pensamiento\u00bb. Boyne ejerce esas libertades desde que empez\u00f3 a escribir sistem\u00e1ticamente a los 13 a\u00f1os. \u00abLa literatura me lo ha dado todo en la vida\u00bb, advierte un hombre que como lector tiene debilidad por \u00ablos libros que cuestionan tu criterio, que te hacen ver el mundo de una forma distinta a la que est\u00e1s acostumbrado\u00bb.<\/p>\n<p class=\"v-p\">Esa necesidad de ir m\u00e1s all\u00e1 de lo conocido le llev\u00f3 a profundizar en la realidad trans y publicar en 2019 &#8216;Mi hermano se llama Jessica&#8217;, una novela que lo puso en el punto de mira. No solo se le acus\u00f3 de apropiaci\u00f3n indebida por no ser transg\u00e9nero, sino que tambi\u00e9n se le reproch\u00f3 el uso del g\u00e9nero masculino en el t\u00edtulo y haberse centrado en la percepci\u00f3n de la familia de Jessica y no tanto en la transici\u00f3n de la protagonista. \u00abNunca me he arrepentido de esa novela. S\u00e9 que ha ayudado a muchos j\u00f3venes. Es un libro lleno de compasi\u00f3n y empat\u00eda. Si los cr\u00edticos se tomaran la molestia de leerlo, igual se daban cuenta\u00bb.<\/p>\n<p class=\"v-p\">A la espera de que se aquieten las aguas, se siente arropado pero no quiere desvelar el nombre de los colegas, editores y periodistas que le apoyan. \u00abSi lo hago, ser\u00edan el blanco de ataques. Ser\u00eda injusto ponerlos en esa situaci\u00f3n. Hay gente capaz de destruir tu vida si no sigues sus reglas\u00bb.<\/p>\n","protected":false},"excerpt":{"rendered":"La vor\u00e1gine no remite pero John Boyne (Dubl\u00edn, 1971), autor de la celeb\u00e9rrima &#8216;El ni\u00f1o con el pijama&hellip;\n","protected":false},"author":2,"featured_media":81687,"comment_status":"","ping_status":"","sticky":false,"template":"","format":"standard","meta":{"footnotes":""},"categories":[172],"tags":[27843,224,10898,3097,146,147,25,24,21058,5085,225,23,30919],"class_list":{"0":"post-81686","1":"post","2":"type-post","3":"status-publish","4":"format-standard","5":"has-post-thumbnail","7":"category-libros","8":"tag-activistas","9":"tag-books","10":"tag-comunidad","11":"tag-creen","12":"tag-entertainment","13":"tag-entretenimiento","14":"tag-es","15":"tag-espana","16":"tag-expresion","17":"tag-libertad","18":"tag-libros","19":"tag-spain","20":"tag-trans"},"share_on_mastodon":{"url":"","error":""},"_links":{"self":[{"href":"https:\/\/www.europesays.com\/es\/wp-json\/wp\/v2\/posts\/81686","targetHints":{"allow":["GET"]}}],"collection":[{"href":"https:\/\/www.europesays.com\/es\/wp-json\/wp\/v2\/posts"}],"about":[{"href":"https:\/\/www.europesays.com\/es\/wp-json\/wp\/v2\/types\/post"}],"author":[{"embeddable":true,"href":"https:\/\/www.europesays.com\/es\/wp-json\/wp\/v2\/users\/2"}],"replies":[{"embeddable":true,"href":"https:\/\/www.europesays.com\/es\/wp-json\/wp\/v2\/comments?post=81686"}],"version-history":[{"count":0,"href":"https:\/\/www.europesays.com\/es\/wp-json\/wp\/v2\/posts\/81686\/revisions"}],"wp:featuredmedia":[{"embeddable":true,"href":"https:\/\/www.europesays.com\/es\/wp-json\/wp\/v2\/media\/81687"}],"wp:attachment":[{"href":"https:\/\/www.europesays.com\/es\/wp-json\/wp\/v2\/media?parent=81686"}],"wp:term":[{"taxonomy":"category","embeddable":true,"href":"https:\/\/www.europesays.com\/es\/wp-json\/wp\/v2\/categories?post=81686"},{"taxonomy":"post_tag","embeddable":true,"href":"https:\/\/www.europesays.com\/es\/wp-json\/wp\/v2\/tags?post=81686"}],"curies":[{"name":"wp","href":"https:\/\/api.w.org\/{rel}","templated":true}]}}