{"id":81718,"date":"2025-08-30T08:01:07","date_gmt":"2025-08-30T08:01:07","guid":{"rendered":"https:\/\/www.europesays.com\/es\/81718\/"},"modified":"2025-08-30T08:01:07","modified_gmt":"2025-08-30T08:01:07","slug":"mal-pelo-joan-miquel-oliver-maria-hein-o-julia-truyol-entre-el-cartel-mallorquin-del-temporada-alta","status":"publish","type":"post","link":"https:\/\/www.europesays.com\/es\/81718\/","title":{"rendered":"Mal Pelo, Joan Miquel Oliver, Maria Hein o J\u00falia Truyol, entre el cartel mallorqu\u00edn del Temporada Alta"},"content":{"rendered":"<p>La<strong> 34 edici\u00f3n del Temporada Alta de Girona<\/strong>, una de las citas m\u00e1s importantes de nuestro pa\u00eds, incluye a una gran n\u00f3mina de artistas mallorquines. Joan Yago, <a href=\"https:\/\/www.ultimahora.es\/etiqueta\/Malpelo.html?utm_source=Inline-tag&amp;utm_medium=internal\" rel=\"nofollow noopener\" target=\"_blank\">Malpelo<\/a>, Miquel Mas Fiol, Pau Coya, Ann Perell\u00f3, <a href=\"https:\/\/www.ultimahora.es\/etiqueta\/Maria+Hein.html?utm_source=Inline-tag&amp;utm_medium=internal\" rel=\"nofollow noopener\" target=\"_blank\">Maria Hein<\/a>, <a href=\"https:\/\/www.ultimahora.es\/etiqueta\/Joan+Miquel+Oliver.html?utm_source=Inline-tag&amp;utm_medium=internal\" rel=\"nofollow noopener\" target=\"_blank\">Joan Miquel Oliver<\/a> o J\u00falia Truyol son algunos de esos nombres que conforman parte del cartel, que se desarrollar\u00e1 del 18 de septiembre al 12 de diciembre.<\/p>\n<p>La primera propuesta con sello mallorqu\u00edn es la del dramaturgo<strong> Joan Yago<\/strong> y la compa\u00f1\u00eda Mos Maiorum, que recuperan en Nosaltres, els sense nom la figura del anarquista Joan Garcia Oliver, que se ver\u00e1 el 10 de octubre. De hecho, el 16 y 17 tambi\u00e9n se podr\u00e1 verLa brama del c\u00e8rvol<strong>,<\/strong> de <strong><a href=\"https:\/\/www.ultimahora.es\/etiqueta\/La+Cal%C3%B2rica.html?utm_source=Inline-tag&amp;utm_medium=internal\" rel=\"nofollow noopener\" target=\"_blank\">La Cal\u00f2rica<\/a><\/strong>, de la que forma parte Yago. No es el \u00fanico que repite, ya que <strong>J\u00falia Truyol<\/strong> tambi\u00e9n presentar\u00e1 su primer mon\u00f3logo, Llogatera, el d\u00eda 19.<\/p>\n<p>Por otra parte, el festival apuesta por el talento joven, con creadores de menos de 35 a\u00f1os, un apartado en el que tambi\u00e9n sobresalen los mallorquines: <strong>Miquel Mas Fiol<\/strong> (Burpees), <strong>Pau Coya <\/strong>(Cavallet de mar) y<strong> Ann Perell\u00f3<\/strong> (Nua. Radiografia d\u2019un trastorn). Estos montajes tambi\u00e9n se podr\u00e1n ver a finales de octubre, concretamente los d\u00edas 24, 28 y 29, respectivamente.<\/p>\n<p>Ya en noviembre, el d\u00eda 9, <strong>Marta Barcel\u00f3<\/strong>, ganadora del Torneig de Dramat\u00fargia con Tocar mare, regresa al fesrival con Els darrers sis dies, producida por El Somni Produccions. Ese mismo d\u00eda,<strong> Joan Miquel Oliver,<\/strong> alma de Ant\u00f2nia Font, compartir\u00e1 escenario con Meritxell Nedderman en \u00abun di\u00e1logo entre guitarra y teclado\u00bb.<\/p>\n<p>En el apartado musical tambi\u00e9n figura la cantautora <strong>Maria Hein<\/strong>, que presentar\u00e1 su \u00faltimo trabajo, Katana, el 6 de diciembre. Tambi\u00e9n esa misma noche <strong>Malpelo<\/strong>, prestigiosa compa\u00f1\u00eda de danza formada por Pep Ramis y Mar\u00eda Mu\u00f1oz, mostrar\u00e1 WE: nosaltres i els temps, una pieza coral protagonizada por doce int\u00e9rpretes de diferentes generaciones y or\u00edgenes.<\/p>\n<p>Por \u00faltimo, pero no por ello menos importante, el Temporada Alta acoger\u00e1 el enfrentamiento teatral m\u00e1s esperado: el Torneig de Dramat\u00fargia. En este emblem\u00e1tico torneo, ocho autores de todo el territorio de habla catalana presentan sus textos escritos ex professo, que defender\u00e1n una serie de actores. Este a\u00f1o participan en el torneo dos mallorquines: <strong>Miquel Mas Fiol y Catalina Florit.<\/strong> Completan esta edici\u00f3n Mertxe Aguilar, Laura Aubert, Ivan Campillo, Francesc Cu\u00e9llar, Laura Masmiquel y Mart\u00ed Torras Mayneris. El primer combate, que ser\u00e1 el 6 de octubre, enfrentar\u00e1 a Mertxe Aguilar (ganadora del Torneig de Dramat\u00fargia Valenci\u00e0) y Laura Masmiquel. Por su parte, el d\u00eda 13, Mas Fiol protagonizar\u00e1 la segunda cita junto a Francesc Cu\u00e9llar. A la semana siguiente, ser\u00e1 el turno de Laura Aubert y Mart\u00ed Torras Mayneris. Finalmente, Ivan Campillo y Florit encarar\u00e1n el \u00faltimo asalto. Las dos semifinales se llevar\u00e1n a cabo el 10 y 17 de noviembre y la gran final, el 1 de diciembre.<\/p>\n","protected":false},"excerpt":{"rendered":"La 34 edici\u00f3n del Temporada Alta de Girona, una de las citas m\u00e1s importantes de nuestro pa\u00eds, incluye&hellip;\n","protected":false},"author":2,"featured_media":81719,"comment_status":"","ping_status":"","sticky":false,"template":"","format":"standard","meta":{"footnotes":""},"categories":[174],"tags":[255,209,30773,146,147,25,24,256,30064,30924,30925,30926,30927,23,30928],"class_list":{"0":"post-81718","1":"post","2":"type-post","3":"status-publish","4":"format-standard","5":"has-post-thumbnail","7":"category-famosos","8":"tag-celebrities","9":"tag-cultura","10":"tag-cultura-en-mallorca","11":"tag-entertainment","12":"tag-entretenimiento","13":"tag-es","14":"tag-espana","15":"tag-famosos","16":"tag-festival-temporada-alta","17":"tag-joan-miquel-oliver","18":"tag-la-calorica","19":"tag-malpelo","20":"tag-maria-hein","21":"tag-spain","22":"tag-teatro-en-mallorca"},"share_on_mastodon":{"url":"","error":""},"_links":{"self":[{"href":"https:\/\/www.europesays.com\/es\/wp-json\/wp\/v2\/posts\/81718","targetHints":{"allow":["GET"]}}],"collection":[{"href":"https:\/\/www.europesays.com\/es\/wp-json\/wp\/v2\/posts"}],"about":[{"href":"https:\/\/www.europesays.com\/es\/wp-json\/wp\/v2\/types\/post"}],"author":[{"embeddable":true,"href":"https:\/\/www.europesays.com\/es\/wp-json\/wp\/v2\/users\/2"}],"replies":[{"embeddable":true,"href":"https:\/\/www.europesays.com\/es\/wp-json\/wp\/v2\/comments?post=81718"}],"version-history":[{"count":0,"href":"https:\/\/www.europesays.com\/es\/wp-json\/wp\/v2\/posts\/81718\/revisions"}],"wp:featuredmedia":[{"embeddable":true,"href":"https:\/\/www.europesays.com\/es\/wp-json\/wp\/v2\/media\/81719"}],"wp:attachment":[{"href":"https:\/\/www.europesays.com\/es\/wp-json\/wp\/v2\/media?parent=81718"}],"wp:term":[{"taxonomy":"category","embeddable":true,"href":"https:\/\/www.europesays.com\/es\/wp-json\/wp\/v2\/categories?post=81718"},{"taxonomy":"post_tag","embeddable":true,"href":"https:\/\/www.europesays.com\/es\/wp-json\/wp\/v2\/tags?post=81718"}],"curies":[{"name":"wp","href":"https:\/\/api.w.org\/{rel}","templated":true}]}}