{"id":81755,"date":"2025-08-30T08:27:07","date_gmt":"2025-08-30T08:27:07","guid":{"rendered":"https:\/\/www.europesays.com\/es\/81755\/"},"modified":"2025-08-30T08:27:07","modified_gmt":"2025-08-30T08:27:07","slug":"esperansa-grasia-ficha-por-el-hormiguero-tras-su-paso-por-tu-cara-me-suena","status":"publish","type":"post","link":"https:\/\/www.europesays.com\/es\/81755\/","title":{"rendered":"Esperansa Grasia ficha por &#8216;El Hormiguero&#8217; tras su paso por &#8216;Tu cara me suena&#8217;"},"content":{"rendered":"<p class=\"c-paragraph\">Se acerca septiembre, lo que conlleva <b>el inicio de la nueva temporada televisiva<\/b>. Todas las cadenas se preparan para la esperada vuelta con <b>nuevos programas y grandes fichajes<\/b> como el que ha hecho El Hormiguero.\u00a0<\/p>\n<p class=\"c-paragraph\">Tras su gran \u00e9xito en Tu cara me suena, <b>Esperansa Grasia se queda en <\/b><b>Antena 3<\/b> para incorporarse al programa de Pablo Motos en su vig\u00e9sima temporada. Junto a ella, <b>el otro gran fichaje del formato de Atresmedia es Juan Carlos Ortega.<\/b><\/p>\n<p class=\"c-paragraph\">Esperansa Grasia <b>se dio a conocer en redes sociales<\/b> gracias a su contenido de humor y parodia, lo que la catapult\u00f3 a participar en el programa de Manel Fuentes, donde <b>pudo demostrar su faceta m\u00e1s art\u00edstica<\/b> y termin\u00f3 siendo una de las finalistas.\u00a0<\/p>\n<p class=\"c-paragraph\">Por su parte, Juan Carlos Ortega cuenta con una <b>consolidada trayectoria en radio<\/b>, destacando en la SER\u00a0Las noches de Ortega, programa que ha llegado incluso a hacerlo en directo en salas de teatro.\u00a0<\/p>\n<p class=\"c-paragraph\">En su nueva etapa en El Hormiguero, <b>Grasia tendr\u00e1 una secci\u00f3n que consistir\u00e1 en \u00abmarear a Pablo\u00bb<\/b>, mientras que Ortega\u00a0realizar\u00e1 un <b>consultorio con personajes hechos por Inteligencia Artificial.<\/b><\/p>\n<p class=\"c-paragraph\">El pr\u00f3ximo lunes 1 de septiembre arranca por vig\u00e9sima vez el formato de Antena 3, en el que Pablo Motos recibir\u00e1 a <b>los primeros invitados<\/b> de la nueva temporada: el lunes <b>Bert\u00edn Osborne y Sergio Ramos<\/b>, el martes <b>Joaqu\u00edn S\u00e1nchez y Susana Saborido<\/b>, el mi\u00e9rcoles <b>Arturo P\u00e9rez-Reverte<\/b> y el jueves <b>Ester Exp\u00f3sito<\/b>.\u00a0<\/p>\n","protected":false},"excerpt":{"rendered":"Se acerca septiembre, lo que conlleva el inicio de la nueva temporada televisiva. Todas las cadenas se preparan&hellip;\n","protected":false},"author":2,"featured_media":81756,"comment_status":"","ping_status":"","sticky":false,"template":"","format":"standard","meta":{"footnotes":""},"categories":[171],"tags":[146,147,25,24,14722,1750,30933,17775,4191,23,214],"class_list":{"0":"post-81755","1":"post","2":"type-post","3":"status-publish","4":"format-standard","5":"has-post-thumbnail","7":"category-tv","8":"tag-entertainment","9":"tag-entretenimiento","10":"tag-es","11":"tag-espana","12":"tag-esperansa","13":"tag-ficha","14":"tag-grasia","15":"tag-hormiguero","16":"tag-paso","17":"tag-spain","18":"tag-tv"},"share_on_mastodon":{"url":"","error":""},"_links":{"self":[{"href":"https:\/\/www.europesays.com\/es\/wp-json\/wp\/v2\/posts\/81755","targetHints":{"allow":["GET"]}}],"collection":[{"href":"https:\/\/www.europesays.com\/es\/wp-json\/wp\/v2\/posts"}],"about":[{"href":"https:\/\/www.europesays.com\/es\/wp-json\/wp\/v2\/types\/post"}],"author":[{"embeddable":true,"href":"https:\/\/www.europesays.com\/es\/wp-json\/wp\/v2\/users\/2"}],"replies":[{"embeddable":true,"href":"https:\/\/www.europesays.com\/es\/wp-json\/wp\/v2\/comments?post=81755"}],"version-history":[{"count":0,"href":"https:\/\/www.europesays.com\/es\/wp-json\/wp\/v2\/posts\/81755\/revisions"}],"wp:featuredmedia":[{"embeddable":true,"href":"https:\/\/www.europesays.com\/es\/wp-json\/wp\/v2\/media\/81756"}],"wp:attachment":[{"href":"https:\/\/www.europesays.com\/es\/wp-json\/wp\/v2\/media?parent=81755"}],"wp:term":[{"taxonomy":"category","embeddable":true,"href":"https:\/\/www.europesays.com\/es\/wp-json\/wp\/v2\/categories?post=81755"},{"taxonomy":"post_tag","embeddable":true,"href":"https:\/\/www.europesays.com\/es\/wp-json\/wp\/v2\/tags?post=81755"}],"curies":[{"name":"wp","href":"https:\/\/api.w.org\/{rel}","templated":true}]}}