{"id":81800,"date":"2025-08-30T08:55:10","date_gmt":"2025-08-30T08:55:10","guid":{"rendered":"https:\/\/www.europesays.com\/es\/81800\/"},"modified":"2025-08-30T08:55:10","modified_gmt":"2025-08-30T08:55:10","slug":"el-cantante-latino-henry-mendez-la-lia-antes-de-cantar-en-la-feria-de-lucena-odio-a-los-rojos","status":"publish","type":"post","link":"https:\/\/www.europesays.com\/es\/81800\/","title":{"rendered":"El cantante latino Henry M\u00e9ndez la l\u00eda antes de cantar en la Feria de Lucena: \u00ab\u00a1Odio a los rojos!\u00bb"},"content":{"rendered":"<p><img decoding=\"async\" class=\"voc-author__img\" src=\"https:\/\/www.europesays.com\/es\/wp-content\/uploads\/2025\/07\/autor-5187-foto-1.jpeg\" alt=\"Juan Carlos Jim\u00e9nez\"\/><\/p>\n<p class=\"voc-p\" style=\"\">El cantante latino Henry M\u00e9ndez ha sido protagonista de una pol\u00e9mica pol\u00edtica que \u00e9l mismo ha desatado con unas declaraciones controvertidas en pleno concierto del<strong> festival &#8216;Starlite&#8217; de Marbella<\/strong> el pasado mi\u00e9rcoles 20 de agosto. La estrella del reguet\u00f3n arremeti\u00f3 contra los votantes de izquierdas cuando el p\u00fablico lanzaba insultos contra el presidente del Gobierno de Espa\u00f1a, Pedro S\u00e1nchez. <\/p>\n<p class=\"voc-p\" style=\"\">Lucena celebrar\u00e1 su <strong>Feria Real del 11 al 14 de septiembre<\/strong>. En agosto, el Ayuntamiento confirm\u00f3 que <a href=\"https:\/\/www.abc.es\/espana\/andalucia\/cordoba\/manolo-garcia-presentara-decimo-disco-noviembre-pozoblanco-20250818142813-nts.html\" target=\"_self\" data-voc-vtm-id=\"in-text-traffic\" title=\"entre los artistas confirmados\" rel=\"nofollow noopener\">entre los artistas confirmados<\/a> para actuar en la Caseta Municipal figuraba el nombre de Henry M\u00e9ndez, conocido mundialmente por \u00e9xitos como \u00abRayos de sol\u00bb, \u00abEl tibur\u00f3n\u00bb o \u00abMi reina\u00bb, que llegar\u00e1 ya con la pol\u00e9mica a sus espaldas. <\/p>\n<p class=\"voc-p\" style=\"\">En pleno concierto en Marbella, el p\u00fablico empez\u00f3 a lanzar insultos contra Pedro S\u00e1nchez. El cantante interrumpi\u00f3 el ruido lanzando un mensaje pol\u00e9mico: <strong>\u00ab\u00a1Yo no soy socialista, odio a los ojos!\u00bb<\/strong>. Tras eso, anim\u00f3 a votar a \u00abquien te de la gana, ya sea Abascal o Mariano Rajoy\u00bb. De momento, su presencia en Lucena est\u00e1 garantizada a no ser que el Ayuntamiento diga lo contrario. <\/p>\n<p class=\"voc-p\" style=\"\">M\u00e9ndez tiene <strong>previsto cantar en Vallecas<\/strong> el pr\u00f3ximo 13 de septiembre. Justo, tras la Feria de Lucena. Sin embargo, el PSOE y M\u00e1s Madrid han pedido al Ayuntamiento de Madrid que cancele <a href=\"https:\/\/www.abc.es\/espana\/andalucia\/cordoba\/susto-india-martinez-carretera-cuesta-vida-veo-20250825121303-nts.html\" target=\"_self\" data-voc-vtm-id=\"in-text-traffic\" title=\"su actuaci\u00f3n\" rel=\"nofollow noopener\">su actuaci\u00f3n<\/a>. De momento, el concierto tambi\u00e9n sigue previsto para el pr\u00f3ximo mes. <\/p>\n<p class=\"voc-p\" style=\"\">El cantante, ante el aluvi\u00f3n de cr\u00edticas, emiti\u00f3 un comunicado en el que expres\u00f3 que no guarda \u00abodio ni rencor para nadie\u00bb y no tiene en cuenta \u00abel color de piel, la religi\u00f3n, condici\u00f3n sexual, ideolog\u00eda o nacionalidad nacionalidad\u00bb. A\u00f1adi\u00f3 adem\u00e1s en su defensa que \u00ab<strong>intent\u00e9 parar una situaci\u00f3n<\/strong> que se viene sucediendo en innumerables eventos de \u00edndole musical, donde se repiten c\u00e1nticos de odio al presidente del pa\u00eds. Para m\u00ed, son molestos y no los tolero\u00bb<\/p>\n<p>Reportar un error<\/p>\n","protected":false},"excerpt":{"rendered":"El cantante latino Henry M\u00e9ndez ha sido protagonista de una pol\u00e9mica pol\u00edtica que \u00e9l mismo ha desatado con&hellip;\n","protected":false},"author":2,"featured_media":81801,"comment_status":"","ping_status":"","sticky":false,"template":"","format":"standard","meta":{"footnotes":""},"categories":[91],"tags":[4328,24446,146,147,25,24,599,29909,17580,30947,10929,29910,4653,29913,23],"class_list":{"0":"post-81800","1":"post","2":"type-post","3":"status-publish","4":"format-standard","5":"has-post-thumbnail","7":"category-entretenimiento","8":"tag-cantante","9":"tag-cantar","10":"tag-entertainment","11":"tag-entretenimiento","12":"tag-es","13":"tag-espana","14":"tag-feria","15":"tag-henry","16":"tag-latino","17":"tag-lia","18":"tag-lucena","19":"tag-mendez","20":"tag-odio","21":"tag-rojos","22":"tag-spain"},"share_on_mastodon":{"url":"","error":""},"_links":{"self":[{"href":"https:\/\/www.europesays.com\/es\/wp-json\/wp\/v2\/posts\/81800","targetHints":{"allow":["GET"]}}],"collection":[{"href":"https:\/\/www.europesays.com\/es\/wp-json\/wp\/v2\/posts"}],"about":[{"href":"https:\/\/www.europesays.com\/es\/wp-json\/wp\/v2\/types\/post"}],"author":[{"embeddable":true,"href":"https:\/\/www.europesays.com\/es\/wp-json\/wp\/v2\/users\/2"}],"replies":[{"embeddable":true,"href":"https:\/\/www.europesays.com\/es\/wp-json\/wp\/v2\/comments?post=81800"}],"version-history":[{"count":0,"href":"https:\/\/www.europesays.com\/es\/wp-json\/wp\/v2\/posts\/81800\/revisions"}],"wp:featuredmedia":[{"embeddable":true,"href":"https:\/\/www.europesays.com\/es\/wp-json\/wp\/v2\/media\/81801"}],"wp:attachment":[{"href":"https:\/\/www.europesays.com\/es\/wp-json\/wp\/v2\/media?parent=81800"}],"wp:term":[{"taxonomy":"category","embeddable":true,"href":"https:\/\/www.europesays.com\/es\/wp-json\/wp\/v2\/categories?post=81800"},{"taxonomy":"post_tag","embeddable":true,"href":"https:\/\/www.europesays.com\/es\/wp-json\/wp\/v2\/tags?post=81800"}],"curies":[{"name":"wp","href":"https:\/\/api.w.org\/{rel}","templated":true}]}}