{"id":81810,"date":"2025-08-30T09:01:15","date_gmt":"2025-08-30T09:01:15","guid":{"rendered":"https:\/\/www.europesays.com\/es\/81810\/"},"modified":"2025-08-30T09:01:15","modified_gmt":"2025-08-30T09:01:15","slug":"detenido-un-seleccionador-nacional-de-karate-por-agresiones-sexuales-a-cuatro-menores-en-malaga","status":"publish","type":"post","link":"https:\/\/www.europesays.com\/es\/81810\/","title":{"rendered":"Detenido un seleccionador nacional de k\u00e1rate por agresiones sexuales a cuatro menores en M\u00e1laga"},"content":{"rendered":"<p>Las agresiones sexuales continuadas comenzaron en 2010 sobre cuatro menores a los que ten\u00eda como sus \u00abfavoritos\u00bb y ya exentrenador de artes marciales<br \/>\nLa Polic\u00eda Nacional trata de hallar m\u00e1s v\u00edctimas de este monitor, que ha sido enviado a prisi\u00f3n preventiva\n<\/p>\n<p><img fetchpriority=\"high\" class=\"voc-img\" src=\"https:\/\/www.europesays.com\/es\/wp-content\/uploads\/2025\/08\/grume-malaga-recurso-RBlg3JzvUFGSUQ8CEbIzm1O-1200x840@diario_abc.jpg\" loading=\"eager\" decoding=\"async\" alt=\"El Grume de la Polic\u00eda Nacional ha llevado a cabo la investigaci\u00f3n\" width=\"1200\" height=\"840\"\/><\/p>\n<p>El Grume de la Polic\u00eda Nacional ha llevado a cabo la investigaci\u00f3n    ABC  <\/p>\n<p><img decoding=\"async\" class=\"voc-author__img\" src=\"https:\/\/www.europesays.com\/es\/wp-content\/uploads\/2025\/08\/autor-6393-foto-1.jpeg\" alt=\"J. J. Madue\u00f1o\"\/><\/p>\n<p>29\/08\/2025<br \/>\n<br \/><strong><br \/>\nActualizado a las 12:51h.<br \/>\n<\/strong><\/p>\n<p class=\"voc-p\" style=\"\">Pasaron a\u00f1os hasta que una de las v\u00edctimas logr\u00f3 hablar. Fue en una asociaci\u00f3n de ayuda a personas que han sufrido abusos sexuales. Luego se interpuso la denuncia. Ahora, la Polic\u00eda Nacional ha detenido en la provincia de M\u00e1laga a un hombre de 70 a\u00f1os. Se le investiga por presuntamente <strong>agredir sexualmente a varios de sus alumnos<\/strong> en una escuela de artes marciales. El arrestado lleg\u00f3 a ser seleccionador nacional de k\u00e1rate.<\/p>\n<p class=\"voc-p\" style=\"\">El investigado era instructor de karate y, seg\u00fan las denuncias, se val\u00eda de su posici\u00f3n para cometer los delitos. Los hechos se podr\u00edan<strong> remontar hasta el a\u00f1o 2010<\/strong>. Los agentes le atribuyen, hasta la fecha, cuatro delitos de agresi\u00f3n sexual continuada. La investigaci\u00f3n contin\u00faa abierta. La Polic\u00eda Nacional no descarta la localizaci\u00f3n de m\u00e1s v\u00edctimas. El detenido fue enviado a prisi\u00f3n tras su paso a disposici\u00f3n judicial. <\/p>\n<p class=\"voc-p\" style=\"\">Por parte del Grupo de Menores (Grume) de la Comisar\u00eda Provincial de M\u00e1laga se ha llevado una investigaci\u00f3n a ra\u00edz de los datos aportados por una asociaci\u00f3n, que presta ayuda y<strong> asistencia a v\u00edctimas de agresiones<\/strong> sexuales producidas durante la infancia.<\/p>\n<p class=\"voc-p\" style=\"\">Seg\u00fan las declaraciones prestadas por los perjudicados en dependencias policiales, el supuesto agresor<strong> se val\u00eda de su posici\u00f3n de entrenador<\/strong> para cometer los hechos delictivos. Hasta la fecha, cuatro j\u00f3venes han manifestado haber sufrido agresiones sexuales por parte del investigado cuando eran menores de edad. Coinciden en que las agresiones se produjeron a edades muy tempranas. <\/p>\n<p class=\"voc-p\" style=\"\">Los cuatro se\u00f1alan que, de forma habitual, el investigado aprovechaba las concentraciones de cada competici\u00f3n para compartir habitaci\u00f3n de hotel con <strong>sus alumnos \u00abfavoritos\u00bb<\/strong> donde comet\u00eda las agresiones. Igualmente, han manifestado que las mismas tambi\u00e9n se repet\u00edan en las instalaciones deportivas donde entrenaban.<\/p>\n<p class=\"voc-p\" style=\"\">Seg\u00fan las denuncias, el sujeto aprovechaba que los ni\u00f1os se aseaban al terminar la sesi\u00f3n deportiva. Hasta el momento, han sido localizadas cuatro v\u00edctimas, <strong>manipuladas emocional y psicol\u00f3gicamente<\/strong> desde muy corta edad. El arrestado, para gan\u00e1rselos y evitar que narraran los hechos, los colmaba de regalos y atenciones. Les daba un trato de favor con respecto a los otros alumnos.<\/p>\n<p class=\"voc-p\" style=\"\">Durante el registro efectuado en su domicilio los investigadores han procedido a la intervenci\u00f3n d<strong>e diez tel\u00e9fonos m\u00f3viles<\/strong>, un ordenador de mesa, una tablet y tres memorias USB, los cuales han sido remitidos al Grupo de Inform\u00e1tica Forense de la Brigada Provincial de Polic\u00eda Cient\u00edfica de M\u00e1laga para su volcado y emisi\u00f3n del correspondiente informe pericial.<\/p>\n<p>Reportar un error<\/p>\n","protected":false},"excerpt":{"rendered":"Las agresiones sexuales continuadas comenzaron en 2010 sobre cuatro menores a los que ten\u00eda como sus \u00abfavoritos\u00bb y&hellip;\n","protected":false},"author":2,"featured_media":81811,"comment_status":"","ping_status":"","sticky":false,"template":"","format":"standard","meta":{"footnotes":""},"categories":[5],"tags":[30950,447,988,17,18,987,8838,25,24,13,14,11,29608,19,20,30949,9,10,15,16,22839,23,12,21,22],"class_list":{"0":"post-81810","1":"post","2":"type-post","3":"status-publish","4":"format-standard","5":"has-post-thumbnail","7":"category-titulares","8":"tag-abusos","9":"tag-alumnos","10":"tag-anos","11":"tag-breaking-news","12":"tag-breakingnews","13":"tag-despues","14":"tag-detenido","15":"tag-es","16":"tag-espana","17":"tag-featured-news","18":"tag-featurednews","19":"tag-headlines","20":"tag-karate","21":"tag-latest-news","22":"tag-latestnews","23":"tag-narran","24":"tag-news","25":"tag-noticias","26":"tag-noticias-destacadas","27":"tag-noticiasdestacadas","28":"tag-profesor","29":"tag-spain","30":"tag-titulares","31":"tag-ultimas-noticias","32":"tag-ultimasnoticias"},"share_on_mastodon":{"url":"","error":""},"_links":{"self":[{"href":"https:\/\/www.europesays.com\/es\/wp-json\/wp\/v2\/posts\/81810","targetHints":{"allow":["GET"]}}],"collection":[{"href":"https:\/\/www.europesays.com\/es\/wp-json\/wp\/v2\/posts"}],"about":[{"href":"https:\/\/www.europesays.com\/es\/wp-json\/wp\/v2\/types\/post"}],"author":[{"embeddable":true,"href":"https:\/\/www.europesays.com\/es\/wp-json\/wp\/v2\/users\/2"}],"replies":[{"embeddable":true,"href":"https:\/\/www.europesays.com\/es\/wp-json\/wp\/v2\/comments?post=81810"}],"version-history":[{"count":0,"href":"https:\/\/www.europesays.com\/es\/wp-json\/wp\/v2\/posts\/81810\/revisions"}],"wp:featuredmedia":[{"embeddable":true,"href":"https:\/\/www.europesays.com\/es\/wp-json\/wp\/v2\/media\/81811"}],"wp:attachment":[{"href":"https:\/\/www.europesays.com\/es\/wp-json\/wp\/v2\/media?parent=81810"}],"wp:term":[{"taxonomy":"category","embeddable":true,"href":"https:\/\/www.europesays.com\/es\/wp-json\/wp\/v2\/categories?post=81810"},{"taxonomy":"post_tag","embeddable":true,"href":"https:\/\/www.europesays.com\/es\/wp-json\/wp\/v2\/tags?post=81810"}],"curies":[{"name":"wp","href":"https:\/\/api.w.org\/{rel}","templated":true}]}}