{"id":81821,"date":"2025-08-30T09:10:08","date_gmt":"2025-08-30T09:10:08","guid":{"rendered":"https:\/\/www.europesays.com\/es\/81821\/"},"modified":"2025-08-30T09:10:08","modified_gmt":"2025-08-30T09:10:08","slug":"sky-sports-asegura-que-el-united-acepta-la-oferta","status":"publish","type":"post","link":"https:\/\/www.europesays.com\/es\/81821\/","title":{"rendered":"Sky Sports asegura que el United acepta la oferta"},"content":{"rendered":"<p><img decoding=\"async\" src=\"https:\/\/www.europesays.com\/es\/wp-content\/uploads\/2025\/08\/antony-1.jpg\" loading=\"lazy\" class=\"img-fluid w-100 mx-auto \" title=\"Antony-Betis\" longdesc=\"data:text\/html;charset=utf-8;,%3C!DOCTYPE%20html%3E%3Chtml%3E%3Chead%3E%3Ctitle%3EAntony-Betis%3C\/title%3E%3C\/head%3E%3Cbody%3E%3Cp%3EInserci\u00f3n R\u00e1pida: antony (1).webp%3C\/body%3E%3C\/html%3E\"\/>    <\/p>\n<tr wp_automatic_readability=\"2\">\n<td width=\"*\" wp_automatic_readability=\"4\">    <img decoding=\"async\" src=\"https:\/\/www.europesays.com\/es\/wp-content\/uploads\/2025\/08\/1756545008_544_avatar-md.jpg\" border=\"0\" class=\"d-none d-md-inline-block\" style=\"margin-right:10px;\" alt=\"Carlos Vizca\u00edno\" title=\"Carlos Vizca\u00edno\"\/><\/p>\n<p><strong style=\"color:#e43d30\">Carlos Vizca\u00edno<\/strong> <br \/>29\/08\/2025<\/p>\n<\/td>\n<\/tr>\n<p data-start=\"582\" data-end=\"981\">El <a href=\"https:\/\/www.muchodeporte.com\/real-betis\" rel=\"nofollow noopener\" target=\"_blank\"><strong>Real Betis<\/strong><\/a> afronta las \u00faltimas horas de mercado con un nombre propio que acapara toda la atenci\u00f3n: <strong>Antony.<\/strong> El brasile\u00f1o, que dej\u00f3 un recuerdo imborrable en su paso por el Villamar\u00edn, se ha convertido en la gran prioridad de la direcci\u00f3n deportiva. Desde hace meses, <a href=\"https:\/\/www.muchodeporte.com\/real-betis\/86229\/el-betis-intensifica-las-negociaciones-con-el-united-por-antony\/\" rel=\"nofollow noopener\" target=\"_blank\">el club trabaja con paciencia en una operaci\u00f3n de enorme complejidad<\/a> que ha generado m\u00faltiples versiones e informaciones encontradas.<\/p>\n<p data-start=\"983\" data-end=\"1468\">Este viernes no fue la excepci\u00f3n. Durante la ma\u00f1ana circularon noticias contradictorias: algunas fuentes aseguraban que las partes hab\u00edan alcanzado un entendimiento, mientras que otras advert\u00edan de importantes diferencias que pod\u00edan poner en jaque la operaci\u00f3n. La situaci\u00f3n parec\u00eda enquistada hasta que por la tarde el prestigioso medio brit\u00e1nico <strong data-start=\"1331\" data-end=\"1350\">Sky Sports News<\/strong> asegur\u00f3 que el<strong> Manchester United<\/strong> habr\u00eda aceptado la propuesta verdiblanca para el traspaso definitivo del atacante. \u00bfSe acab\u00f3 el culebr\u00f3n?<\/p>\n<blockquote class=\"twitter-tweet\" wp_automatic_readability=\"2.4050632911392\"><p>&#13;<\/p>\n<p dir=\"ltr\" lang=\"en\"><a href=\"https:\/\/t.co\/2GE09XxqOR\" rel=\"nofollow\">pic.twitter.com\/2GE09XxqOR<\/a><\/p>\n<p>&#13;<br \/>\n\u2014 Sky Sports News (@SkySportsNews) <a href=\"https:\/\/twitter.com\/SkySportsNews\/status\/1961500017383833656?ref_src=twsrc%5Etfw\" rel=\"nofollow noopener\" target=\"_blank\">August 29, 2025<\/a><\/p><\/blockquote>\n<p data-start=\"1470\" data-end=\"1871\">Cabe recordar que el pasado 15 de junio <strong data-start=\"1510\" data-end=\"1526\">Muchodeporte<\/strong> ya adelant\u00f3 que el fichaje <a href=\"https:\/\/www.muchodeporte.com\/real-betis\/85110\/el-fichaje-de-antony-pasa-de-imposible-a-probable-a-cinco-millones-del-acuerdo\/?p\" rel=\"nofollow noopener\" target=\"_blank\"><strong>hab\u00eda pasado de \u00abimposible a probable\u00bb<\/strong><\/a>, abriendo la puerta a un desenlace positivo. En los \u00faltimos d\u00edas, el propio <strong>Joaqu\u00edn <\/strong>reconoci\u00f3 en la previa ante el Celta que \u00abtodo est\u00e1 abierto\u00bb y que la entidad trabaja hasta el final del mercado para reforzar la plantilla.<\/p>\n<p data-start=\"1873\" data-end=\"2256\">El inter\u00e9s del jugador ha sido determinante. <strong>Antony ha rechazado propuestas tanto de Arabia Saud\u00ed como de Turqu\u00eda<\/strong>, lo que refuerza la ilusi\u00f3n de la hinchada b\u00e9tica. Mientras tanto, Manu Fajardo, \u00c1lvaro Ladr\u00f3n de Guevara y Ram\u00f3n Alarc\u00f3n han encabezado las conversaciones en tierras brit\u00e1nicas esta semana, con la esperanza de que el regreso del extremo se confirme antes del cierre del mercado. Con la prudencia que hay que mantener en un mercado de fichajes, pero el deseado fichaje podr\u00eda estar cerca. La propuesta b\u00e9tica ser\u00eda de <strong>25 millones de euros por el 50% <\/strong>de los derechos del jugador. El Manchester United habr\u00eda dado el s\u00ed, siempre seg\u00fan las informaciones que proceden de Inglaterra, aunque en el Betis consideran que la operaci\u00f3n es de tal envergadura que todav\u00eda no hay que darla como definitiva, ya que quedan detalles y no menores por limar. De hecho, los compa\u00f1eros de ABC aseguran que hay un fleco ni m\u00e1s ni menos que de seis millones de eurios, una deuda del Manchester con el jugador que el club ingl\u00e9s pretende que o bien perdona el futbolista o bien lo asuma el Betis. No es un tema menor, porque el Betis ha llegado a su l\u00edmite, o eso dice, y el jugador tampoco quiere seguir cediendo.<\/p>\n<p>    <script async src=\"https:\/\/platform.twitter.com\/widgets.js\" charset=\"utf-8\"><\/script><\/p>\n","protected":false},"excerpt":{"rendered":"Carlos Vizca\u00edno 29\/08\/2025 El Real Betis afronta las \u00faltimas horas de mercado con un nombre propio que acapara&hellip;\n","protected":false},"author":2,"featured_media":81822,"comment_status":"","ping_status":"","sticky":false,"template":"","format":"standard","meta":{"footnotes":""},"categories":[268],"tags":[291,168,25,24,280,282,10286,286,281,23,167],"class_list":{"0":"post-81821","1":"post","2":"type-post","3":"status-publish","4":"format-standard","5":"has-post-thumbnail","7":"category-futbol","8":"tag-betis","9":"tag-deportes","10":"tag-es","11":"tag-espana","12":"tag-football","13":"tag-futbol","14":"tag-real-betis","15":"tag-real-betis-balompie","16":"tag-soccer","17":"tag-spain","18":"tag-sports"},"share_on_mastodon":{"url":"","error":""},"_links":{"self":[{"href":"https:\/\/www.europesays.com\/es\/wp-json\/wp\/v2\/posts\/81821","targetHints":{"allow":["GET"]}}],"collection":[{"href":"https:\/\/www.europesays.com\/es\/wp-json\/wp\/v2\/posts"}],"about":[{"href":"https:\/\/www.europesays.com\/es\/wp-json\/wp\/v2\/types\/post"}],"author":[{"embeddable":true,"href":"https:\/\/www.europesays.com\/es\/wp-json\/wp\/v2\/users\/2"}],"replies":[{"embeddable":true,"href":"https:\/\/www.europesays.com\/es\/wp-json\/wp\/v2\/comments?post=81821"}],"version-history":[{"count":0,"href":"https:\/\/www.europesays.com\/es\/wp-json\/wp\/v2\/posts\/81821\/revisions"}],"wp:featuredmedia":[{"embeddable":true,"href":"https:\/\/www.europesays.com\/es\/wp-json\/wp\/v2\/media\/81822"}],"wp:attachment":[{"href":"https:\/\/www.europesays.com\/es\/wp-json\/wp\/v2\/media?parent=81821"}],"wp:term":[{"taxonomy":"category","embeddable":true,"href":"https:\/\/www.europesays.com\/es\/wp-json\/wp\/v2\/categories?post=81821"},{"taxonomy":"post_tag","embeddable":true,"href":"https:\/\/www.europesays.com\/es\/wp-json\/wp\/v2\/tags?post=81821"}],"curies":[{"name":"wp","href":"https:\/\/api.w.org\/{rel}","templated":true}]}}