{"id":819,"date":"2025-07-24T23:17:07","date_gmt":"2025-07-24T23:17:07","guid":{"rendered":"https:\/\/www.europesays.com\/es\/819\/"},"modified":"2025-07-24T23:17:07","modified_gmt":"2025-07-24T23:17:07","slug":"trump-aprovecha-una-visita-a-la-fed-para-humillar-a-powell-yo-lo-despediria","status":"publish","type":"post","link":"https:\/\/www.europesays.com\/es\/819\/","title":{"rendered":"Trump aprovecha una visita a la Fed para humillar a Powell: \u00abYo lo despedir\u00eda\u00bb"},"content":{"rendered":"<p style=\"\"><strong>Invit\u00e1ndose a s\u00ed mismo<\/strong> a una visita a las obras de la Reserva Federal, en medio de presiones para que su presidente baje los tipos o dimita, <a href=\"https:\/\/www.abc.es\/noticias\/donald-trump\/\" data-voc-vtm-id=\"in-text-traffic\" title=\"Donald Trump\" data-mrf-link=\"www.abc.es\" rel=\"nofollow noopener\" target=\"_blank\">Donald Trump<\/a> se present\u00f3 este jueves con casco blanco y unos papeles en el bolsillo de  &#8230; la chaqueta. Jerome Powell, el anfitri\u00f3n a su pesar, lo fue guiando con cara de circunstancia y el aire de quien preferir\u00eda estar en cualquier otro sitio.<\/p>\n<p class=\"voc-p\" style=\"\">En plena visita, entre andamios y paneles de madera, Trump lanz\u00f3 una de sus habituales andanadas: le recrimin\u00f3 a Powell <strong>los sobrecostes de la obra<\/strong>. Le hablaba no solo como presidente, sino tambi\u00e9n como empresario de la construcci\u00f3n y, sobre todo, como estrella de la telerrealidad. De todas sus destrezas ech\u00f3 mano Trump en ese paseo por los pasillos en obras de la Fed.<\/p>\n<blockquote class=\"twitter-tweet\">\n<p lang=\"es\" dir=\"ltr\">Otro momento imperdible de Trump: se hace invitar por el presidente de la Reserva Federal para visitar la sede en obras. En plena campa\u00f1a de presi\u00f3n para que Powell dimita, va y, en su cara, le suelta que el sobrecoste de 3.100 millones es absurdo. Powell se indigna. Trump saca\u2026 <a href=\"https:\/\/t.co\/M58hoa2a6J\" rel=\"nofollow\">pic.twitter.com\/M58hoa2a6J<\/a><\/p>\n<p>\u2014 David Alandete (@alandete) <a href=\"https:\/\/twitter.com\/alandete\/status\/1948481064864981317?ref_src=twsrc%5Etfw\" rel=\"nofollow noopener\" target=\"_blank\">July 24, 2025<\/a><\/p><\/blockquote>\n<p class=\"voc-p\" style=\"\">La conversaci\u00f3n fue, por describirla de alg\u00fan modo, <strong>tensa<\/strong>. Powell, m\u00e1s bajo que Trump, m\u00e1s encogido en su traje y corbata oscuros, con su casco blanco calado, <strong>negaba con la cabeza<\/strong> visiblemente inc\u00f3modo.<\/p>\n<p class=\"voc-p\" style=\"\">Trump: Parece que son unos 3.100 millones de d\u00f3lares.<\/p>\n<p class=\"voc-p\" style=\"\">Powell: No tengo constancia de eso.<\/p>\n<p class=\"voc-p\" style=\"\">Trump: Acaba de salir.<\/p>\n<p class=\"voc-p\" style=\"\">Powell: Acaban de a\u00f1adir un tercer edificio.<\/p>\n<p class=\"voc-p\" style=\"\">Trump: Es un edificio que se est\u00e1 construyendo.<\/p>\n<p class=\"voc-p\" style=\"\">Powell: Se construy\u00f3 hace cinco a\u00f1os.<\/p>\n<p class=\"voc-p\" style=\"\">Para intentar zanjar la discusi\u00f3n, Trump <strong>se sac\u00f3 un documento con los sobrecostes<\/strong> del bolsillo y se lo entreg\u00f3 en mano. Powell se mantuvo en que no habr\u00eda sobrecostes.<\/p>\n<p class=\"voc-p\" style=\"\">La escena qued\u00f3 registrada por las c\u00e1maras: el presidente, con traje azul y gruesa corbata fucsia, <strong>enfrentado en directo<\/strong> a quien a\u00fan encabeza la pol\u00edtica monetaria del pa\u00eds. Powell, visiblemente inc\u00f3modo, sosten\u00eda sus propios papeles con cifras y trataba de mantener un tono t\u00e9cnico. Trump, en cambio, recurri\u00f3 a su manual de promotor inmobiliario: \u00ab\u00bfQu\u00e9 har\u00eda yo con un gestor que se pasa del presupuesto? Lo despedir\u00eda\u00bb, sentenci\u00f3, <strong>sin mirarle directamente<\/strong>.<\/p>\n<p class=\"voc-p\" style=\"\">La Reserva Federal est\u00e1 llevando a cabo una renovaci\u00f3n presupuestada inicialmente en 2.500 millones de d\u00f3lares en su sede central de Washington, que incluye el hist\u00f3rico edificio Eccles y otro en la Avenida de la Constituci\u00f3n. Las obras comenzaron en torno a 2022 y se prev\u00e9 que concluyan a finales de 2027. El proyecto, seg\u00fan Powell, <strong>busca modernizar unas instalaciones envejecidas<\/strong>, mejorar la seguridad y accesibilidad, y centralizar operaciones actualmente dispersas.<\/p>\n<p class=\"voc-p\" style=\"\">Entre los trabajos destacan la renovaci\u00f3n integral de sistemas el\u00e9ctricos, fontaner\u00eda, climatizaci\u00f3n y seguridad contra incendios, as\u00ed como la retirada de materiales contaminantes como asbesto y plomo. Tambi\u00e9n se realizan complejas obras subterr\u00e1neas, complicadas por las condiciones geol\u00f3gicas del terreno y las restricciones urban\u00edsticas de la capital. <strong>Una renovaci\u00f3n de fondo<\/strong> que, por ejemplo, no le vendr\u00eda mal a la propia Casa Blanca, a solo unas manzanas de distancia.<\/p>\n<p class=\"voc-p\" style=\"\">El coste ha generado cr\u00edticas, sobre todo de Trump, que acusa a la Fed <strong>de sobrecostes y mala gesti\u00f3n<\/strong>.<\/p>\n<p class=\"voc-p\" style=\"\">La escena, m\u00e1s propia de un episodio de telerrealidad pol\u00edtica que de una inspecci\u00f3n presidencial, refleja algo m\u00e1s profundo: l<a href=\"https:\/\/www.abc.es\/internacional\/trump-juega-posibilidad-movimiento-precedentes-despedir-presidente-20250716212907-nt.html\" data-voc-vtm-id=\"in-text-traffic\" title=\"a tensi\u00f3n latente\" data-mrf-link=\"www.abc.es\" rel=\"nofollow noopener\" target=\"_blank\">a tensi\u00f3n latente<\/a> entre la Casa Blanca y la Reserva Federal, justo cuando Trump presiona para una bajada urgente de los tipos de inter\u00e9s.<\/p>\n<p class=\"voc-p\" style=\"\">En su improvisada intervenci\u00f3n ante los periodistas, <strong>Trump declar\u00f3 que el proyecto<\/strong> \u00abprobablemente nunca debi\u00f3 empezar\u00bb y critic\u00f3 su lentitud: \u00abEsto va a tardar mucho m\u00e1s\u00bb.<\/p>\n<p class=\"voc-p\" style=\"\">Acto seguido, desvi\u00f3 la atenci\u00f3n hacia su pol\u00edtica comercial. Asegur\u00f3 que Jap\u00f3n <strong>acept\u00f3 invertir 550.000 millones de d\u00f3lares<\/strong> como parte de un nuevo acuerdo bilateral, al que llam\u00f3 \u00abdinero semilla\u00bb. Se atribuy\u00f3 haber conseguido tarifas del 0% para EE.UU. y del 15% para las exportaciones japonesas. Todo eso, justo antes de volver a mirar a Powell: \u00abEl pa\u00eds va muy bien\u2026 pero si bajaran los tipos, ir\u00eda a\u00fan mejor\u00bb.<\/p>\n<p class=\"voc-p\" style=\"\">Fue, en resumen, otro momento Trump. De los que logran, al menos por unas horas, que Washington deje de hablar <a href=\"https:\/\/www.abc.es\/internacional\/departamento-justicia-eeuu-informo-trump-mayo-nombre-20250723222048-nt.html\" data-voc-vtm-id=\"in-text-traffic\" title=\"del caso Epstein\" data-mrf-link=\"www.abc.es\" rel=\"nofollow noopener\" target=\"_blank\">del caso Epstein<\/a> y del bloqueo a la publicaci\u00f3n de sus archivos.<\/p>\n<p class=\"voc-p\" style=\"\">El mandato de Powell <strong>acaba en mayo de 2026<\/strong>.<\/p>\n<p><script async src=\"https:\/\/platform.twitter.com\/widgets.js\" charset=\"utf-8\"><\/script><\/p>\n","protected":false},"excerpt":{"rendered":"Invit\u00e1ndose a s\u00ed mismo a una visita a las obras de la Reserva Federal, en medio de presiones&hellip;\n","protected":false},"author":2,"featured_media":820,"comment_status":"","ping_status":"","sticky":false,"template":"","format":"standard","meta":{"footnotes":""},"categories":[80],"tags":[937,82,942,95,94,25,24,939,940,941,23,936,938],"class_list":["post-819","post","type-post","status-publish","format-standard","has-post-thumbnail","category-economia","tag-aprovecha","tag-business","tag-despediria","tag-economia","tag-economy","tag-es","tag-espana","tag-fed","tag-humillar","tag-powell","tag-spain","tag-trump","tag-visita"],"share_on_mastodon":{"url":"","error":""},"_links":{"self":[{"href":"https:\/\/www.europesays.com\/es\/wp-json\/wp\/v2\/posts\/819","targetHints":{"allow":["GET"]}}],"collection":[{"href":"https:\/\/www.europesays.com\/es\/wp-json\/wp\/v2\/posts"}],"about":[{"href":"https:\/\/www.europesays.com\/es\/wp-json\/wp\/v2\/types\/post"}],"author":[{"embeddable":true,"href":"https:\/\/www.europesays.com\/es\/wp-json\/wp\/v2\/users\/2"}],"replies":[{"embeddable":true,"href":"https:\/\/www.europesays.com\/es\/wp-json\/wp\/v2\/comments?post=819"}],"version-history":[{"count":0,"href":"https:\/\/www.europesays.com\/es\/wp-json\/wp\/v2\/posts\/819\/revisions"}],"wp:featuredmedia":[{"embeddable":true,"href":"https:\/\/www.europesays.com\/es\/wp-json\/wp\/v2\/media\/820"}],"wp:attachment":[{"href":"https:\/\/www.europesays.com\/es\/wp-json\/wp\/v2\/media?parent=819"}],"wp:term":[{"taxonomy":"category","embeddable":true,"href":"https:\/\/www.europesays.com\/es\/wp-json\/wp\/v2\/categories?post=819"},{"taxonomy":"post_tag","embeddable":true,"href":"https:\/\/www.europesays.com\/es\/wp-json\/wp\/v2\/tags?post=819"}],"curies":[{"name":"wp","href":"https:\/\/api.w.org\/{rel}","templated":true}]}}