{"id":81911,"date":"2025-08-30T10:09:10","date_gmt":"2025-08-30T10:09:10","guid":{"rendered":"https:\/\/www.europesays.com\/es\/81911\/"},"modified":"2025-08-30T10:09:10","modified_gmt":"2025-08-30T10:09:10","slug":"barcelona-ultima-la-salida-de-la-flotilla-que-tratara-de-romper-el-bloqueo-israeli-en-gaza-noticias-de-cataluna","status":"publish","type":"post","link":"https:\/\/www.europesays.com\/es\/81911\/","title":{"rendered":"Barcelona ultima la salida de la flotilla que tratar\u00e1 de romper el bloqueo israel\u00ed en Gaza | Noticias de Catalu\u00f1a"},"content":{"rendered":"<p class=\"\">Barcelona se convierte este fin de semana en un s\u00edmbolo mundial de la solidaridad con <a href=\"https:\/\/elpais.com\/noticias\/franja-gaza\/\" target=\"_self\" rel=\"nofollow noopener\" title=\"https:\/\/elpais.com\/noticias\/franja-gaza\/\">Gaza<\/a> con la partida desde el puerto de la ciudad de<a href=\"https:\/\/elpais.com\/noticias\/flota-libertad-gaza\/\" target=\"_self\" rel=\"nofollow noopener\" title=\"https:\/\/elpais.com\/noticias\/flota-libertad-gaza\/\"> la flotilla Global Sumud<\/a>. Una veintena de embarcaciones con alrededor de 500 personas a bordo zarpar\u00e1n el domingo hacia la Franja, en la que aspira a ser la misi\u00f3n internacional m\u00e1s ambiciosa hasta la fecha en apoyo del pueblo gazat\u00ed. <\/p>\n<p>M\u00e1s informaci\u00f3n<\/p>\n<p class=\"\">El prop\u00f3sito de la misi\u00f3n, en la que miles de voluntarios llevan semanas trabajando, es habilitar un corredor humanitario mar\u00edtimo y denunciar el \u201cgenocidio\u201d israel\u00ed en Gaza, que seg\u00fan <a href=\"https:\/\/elpais.com\/internacional\/2025-08-22\/ciudad-de-gaza-entra-oficialmente-en-hambruna-a-las-puertas-de-la-invasion-del-ejercito-de-israel.html\" target=\"_self\" rel=\"nofollow noopener\" title=\"https:\/\/elpais.com\/internacional\/2025-08-22\/ciudad-de-gaza-entra-oficialmente-en-hambruna-a-las-puertas-de-la-invasion-del-ejercito-de-israel.html\">Naciones Unidas se enfrenta ya a una situaci\u00f3n de hambruna<\/a> tras 22 meses de \u201casedio ilegal\u201d, en palabras de los organizadores. <\/p>\n<p class=\"\">A la veintena de embarcaciones que parten de Barcelona se sumar\u00e1n otras tantas de puertos italianos y otras dos decenas de barcos que saldr\u00e1n de T\u00fanez, que se encontrar\u00e1n en alta mar para intentar alcanzar Gaza y \u201cromper el bloqueo\u201d que impide la entrada de ayuda humanitaria, explic\u00f3 a EL PA\u00cdS Saif Abukeshek, portavoz y miembro del grupo de coordinaci\u00f3n de la Global Sumud Flotilla. <\/p>\n<p><img alt=\"Saif Abukeshek, activista hispano-palestino y uno de los organizadores de la flotilla Global Sumud, fotografiado en el Moll de la Fusta del puerto de Barcelona.  \" decoding=\"auto\" class=\"_re lazyload a_m-h\" height=\"276\"  width=\"414\"  src=\"https:\/\/www.europesays.com\/es\/wp-content\/uploads\/2025\/08\/XQSO6H55VJD23JUDSUKHRJFYZA.jpg\" loading=\"lazy\"\/>Saif Abukeshek, activista hispano-palestino y uno de los organizadores de la flotilla Global Sumud, fotografiado en el Moll de la Fusta del puerto de Barcelona.  massimiliano minocri<\/p>\n<p class=\"\">La activista<a href=\"https:\/\/elpais.com\/noticias\/greta-thunberg-ernman\/\" target=\"_self\" rel=\"nofollow noopener\" title=\"https:\/\/elpais.com\/noticias\/greta-thunberg-ernman\/\"> Greta Thunberg<\/a> se embarcar\u00e1 el domingo en Barcelona y figuras internacionales como la actriz <a href=\"https:\/\/elpais.com\/noticias\/susan-sarandon\/\" target=\"_self\" rel=\"nofollow noopener\" title=\"https:\/\/elpais.com\/noticias\/susan-sarandon\/\">Susan Sarandon<\/a> y el actor de Juego de Tronos<a href=\"https:\/\/elpais.com\/cultura\/2016\/10\/12\/television\/1476288048_543730.html\" target=\"_self\" rel=\"nofollow noopener\" title=\"https:\/\/elpais.com\/cultura\/2016\/10\/12\/television\/1476288048_543730.html\"> Liam Cunningham<\/a> dar\u00e1n apoyo a la flotilla en el puerto. La <a href=\"https:\/\/elpais.com\/espana\/catalunya\/2025-08-27\/ada-colau-formara-parte-de-la-flotilla-que-saldra-el-31-de-agosto-de-barcelona-hacia-gaza.html\" target=\"_self\" rel=\"nofollow noopener\" title=\"https:\/\/elpais.com\/espana\/catalunya\/2025-08-27\/ada-colau-formara-parte-de-la-flotilla-que-saldra-el-31-de-agosto-de-barcelona-hacia-gaza.html\">exalcaldesa de Barcelona Ada Colau tambi\u00e9n navegar\u00e1<\/a> en una de las embarcaciones, que se prev\u00e9 que se unan el 4 de septiembre a las que salgan de otros puntos del Mediterr\u00e1neo para continuar juntas la traves\u00eda hasta la Franja.<\/p>\n<p class=\"\">El tejido asociativo de la ciudad se ha volcado con la misi\u00f3n. Asociaciones, ONG y sindicatos han apoyado a la organizaci\u00f3n cediendo espacios de reuni\u00f3n, alojamiento y preparando comida para los voluntarios, llegados de 44 pa\u00edses. Al menos 26.000 personas de todo el mundo se ofrecieron voluntarias para ir a bordo de la flota. \u201cLa sociedad civil de Barcelona se ha puesto en pie. Nos han ofrecido 500 casas, polideportivos, centros sociales\u201d, enumera Abukeshek, hispanopalestino llegado hace 23 a\u00f1os a Espa\u00f1a.<\/p>\n<p class=\"\">El presidente de la Generalitat, <a href=\"https:\/\/elpais.com\/noticias\/salvador-illa-roca\/\" target=\"_self\" rel=\"nofollow noopener\" title=\"https:\/\/elpais.com\/noticias\/salvador-illa-roca\/\">Salvador Illa<\/a>, celebr\u00f3 ayer que la flotilla parta desde la capital catalana: \u201cCreo que dice mucho de la sociedad catalana el conjunto de movilizaciones que se est\u00e1n preparando este fin de semana, con un conjunto de barcos que saldr\u00e1n del Puerto de Barcelona, justamente para mostrar la solidaridad y condenar ese genocidio que existe en Gaza\u201d, se\u00f1al\u00f3 antes de empezar la reuni\u00f3n del Govern en Arnes (Tarragona).<\/p>\n<p><img alt=\"El actvista Thiago \u00c1vila, durante la jornada del viernes previa a la salida de la flotilla.\" decoding=\"auto\" class=\"_re lazyload a_m-h\" height=\"277\"  width=\"414\"  src=\"https:\/\/www.europesays.com\/es\/wp-content\/uploads\/2025\/08\/7NN37V6MV5ELDJIWU2MAN7B6ZU.jpg\" loading=\"lazy\"\/>El actvista Thiago \u00c1vila, durante la jornada del viernes previa a la salida de la flotilla.massimiliano minocri<\/p>\n<p class=\"\">La noci\u00f3n de que lo que ocurre en Gaza constituye un genocidio gana peso en varios pa\u00edses europeos, y con especial fuerza en Espa\u00f1a, lo que ha contribuido a que el puerto elegido para la salida de la flotilla sea Barcelona. Abukeshek afirm\u00f3 tambi\u00e9n que los puertos \u201cdeben dejar de ser lugar de tr\u00e1nsito para las armas y defender los derechos humanos\u201d, en referencia al hecho de que buques que forman parte de rutas de transporte de material militar de EE UU a Israel <a href=\"https:\/\/elpais.com\/espana\/catalunya\/2025-06-30\/comuns-reclama-al-gobierno-impedir-que-un-buque-con-carga-para-una-armera-israeli-atraque-en-barcelona.html\" target=\"_self\" rel=\"nofollow noopener\" title=\"https:\/\/elpais.com\/espana\/catalunya\/2025-06-30\/comuns-reclama-al-gobierno-impedir-que-un-buque-con-carga-para-una-armera-israeli-atraque-en-barcelona.html\">hayan hecho escala en la ciudad<\/a>.<\/p>\n<p class=\"\">Una intensa agenda de actividades culturales, pol\u00edticas y manifestaciones preceder\u00e1n a la salida de la flotilla este fin de semana, con el objetivo de amplificar el mensaje de la campa\u00f1a. El Moll de la Fusta acoge de viernes a domingo las \u201cJornadas por Palestina\u201d, que incluyen conciertos gratuitos el s\u00e1bado de artistas como el palestino Marwan y Macaco. <\/p>\n<p class=\"\">Con una pancarta en la que se le\u00eda \u201cCatalunya amb Palestina\u201d, Paula Segarra, de 63 a\u00f1os, acudi\u00f3 con varias amigas al Moll de la Fusta el viernes al inicio de las jornadas. \u201cEs importante salir a la calle a decir que no estamos de acuerdo con el genocidio. Les est\u00e1n matando de hambre con total impunidad\u201d, dec\u00eda.<\/p>\n<p class=\"\">Abukeshek explic\u00f3 que la flotilla empez\u00f3 a organizarse hace dos meses, cuando se hizo evidente que era necesario aumentar la presi\u00f3n internacional sobre Israel. \u201cCuando callan los pol\u00edticos, cuando fracasan en su papel de defender los derechos b\u00e1sicos de las personas, la sociedad civil tiene que levantarse\u201d, afirm\u00f3. \u201cCuando han ocurrido desastres naturales como terremotos, todo el mundo se pone en marcha para ayudar. Y aqu\u00ed estamos asistiendo a una cat\u00e1strofe provocada por personas y el mundo se queda mirando. \u00bfC\u00f3mo es posible que ninguna autoridad sea capaz de mandar sus barcos armados y decir \u2018basta ya\u2019?\u201c, se preguntaba. <\/p>\n<p class=\"\">La flota inicia la traves\u00eda por el Mediterr\u00e1neo en un momento delicado en <a href=\"https:\/\/elpais.com\/noticias\/conflicto-arabe-israeli\/\" target=\"_self\" rel=\"nofollow noopener\" title=\"https:\/\/elpais.com\/noticias\/conflicto-arabe-israeli\/\">los 22 meses de asedio israel\u00ed a Gaza<\/a>. El Ej\u00e9rcito prev\u00e9 tomar el control de Ciudad de Gaza en los pr\u00f3ximos d\u00edas, pero antes debe expulsar del territorio a las multitudes que malviven en campamentos improvisados que han ido surgiendo entre los escombros. Las tropas israel\u00edes han estado concentrando a la poblaci\u00f3n gazat\u00ed en un territorio cada vez m\u00e1s reducido a lo largo de la costa mediterr\u00e1nea que no supera el 14% de la extensi\u00f3n de la Franja, seg\u00fan c\u00e1lculos de las agencias de la ONU. El resto est\u00e1 ocupado por las tropas o declarado por Israel como zona de combate. El desplazamiento forzoso de centenares de miles de personas reducir\u00e1 el espacio disponible y aumentar\u00e1 todav\u00eda m\u00e1s la concentraci\u00f3n de poblaci\u00f3n.<\/p>\n<p class=\"\">Los activistas que viajan a bordo de la flotilla -junto con periodistas que informar\u00e1n de lo que suceda durante la traves\u00eda- han participado en jornadas de formaci\u00f3n este jueves y viernes en Barcelona para saber c\u00f3mo reaccionar ante un probable abordaje de las embarcaciones por parte de las autoridades israel\u00edes. Los integrantes de la Flotilla de la Libertad -entre ellos, Thunberg-, que intentaron llevar ayuda humanitaria a Gaza en junio pasado, han ayudado a formar a los activistas que se embarcan este domingo. <\/p>\n<p class=\"\">La Flotilla de la Libertad<a href=\"https:\/\/elpais.com\/internacional\/2025-06-08\/israel-ordena-a-su-ejercito-que-tome-todas-las-medidas-necesarias-para-frenar-el-barco-con-ayuda-para-gaza-en-el-que-viaja-greta-thunberg.html\" rel=\"nofollow noopener\" title=\"https:\/\/elpais.com\/internacional\/2025-06-08\/israel-ordena-a-su-ejercito-que-tome-todas-las-medidas-necesarias-para-frenar-el-barco-con-ayuda-para-gaza-en-el-que-viaja-greta-thunberg.html\" target=\"_blank\"> fue interceptada el 8 de junio por el ej\u00e9rcito israel\u00ed<\/a>. De los 12 activistas que viajaban a bordo del Madleen, el buque que lideraba la expedici\u00f3n, cuatro, entre ellos la activista sueca, <a href=\"https:\/\/elpais.com\/internacional\/2025-06-10\/los-activistas-de-la-flotilla-de-la-libertad-son-deportados-a-sus-paises.html\" rel=\"nofollow noopener\" title=\"https:\/\/elpais.com\/internacional\/2025-06-10\/los-activistas-de-la-flotilla-de-la-libertad-son-deportados-a-sus-paises.html\" target=\"_blank\">aceptaron ser deportados<\/a> inmediatamente. El resto de los activistas -entre ellos <a href=\"https:\/\/elpais.com\/internacional\/2025-06-12\/el-activista-thiago-avila-tras-ser-deportado-por-israel-planeo-volver-con-la-flotilla-de-la-libertad-para-llevar-ayuda-a-gaza.html\" target=\"_self\" rel=\"nofollow noopener\" title=\"https:\/\/elpais.com\/internacional\/2025-06-12\/el-activista-thiago-avila-tras-ser-deportado-por-israel-planeo-volver-con-la-flotilla-de-la-libertad-para-llevar-ayuda-a-gaza.html\">Thiago \u00c1vila, que cont\u00f3 su experiencia a este diario<\/a> y vuelve a embarcarse el domingo- rechazaron firmar su deportaci\u00f3n voluntaria y fueron detenidos y llevados ante un tribunal para que ratificara las \u00f3rdenes de expulsi\u00f3n, ya que bajo la ley israel\u00ed, cuando una persona recibe \u00f3rdenes de deportaci\u00f3n queda detenida durante 72 horas o m\u00e1s antes de ser expulsada del pa\u00eds.<\/p>\n<p class=\"\">El n\u00famero de v\u00edctimas gazat\u00edes desde los atentados del 7 de octubre de 2023 se eleva a 62.895, seg\u00fan el Ministerio de Sanidad de Gaza, controlado por Ham\u00e1s. Los ataques del Ej\u00e9rcito israel\u00ed han destruido ya, total o parcialmente,<a href=\"https:\/\/elpais.com\/planeta-futuro\/2025-08-26\/corteme-la-pierna-por-el-amor-de-dios-no-puedo-mas-el-hospital-nasser-bombardeado-por-israel-es-la-imagen-del-colapso-sanitario-gazati.html\" rel=\"nofollow noopener\" title=\"https:\/\/elpais.com\/planeta-futuro\/2025-08-26\/corteme-la-pierna-por-el-amor-de-dios-no-puedo-mas-el-hospital-nasser-bombardeado-por-israel-es-la-imagen-del-colapso-sanitario-gazati.html\" target=\"_blank\">el 94% de los hospitales<\/a>, seg\u00fan la Organizaci\u00f3n Mundial de la Salud (OMS).<\/p>\n","protected":false},"excerpt":{"rendered":"Barcelona se convierte este fin de semana en un s\u00edmbolo mundial de la solidaridad con Gaza con la&hellip;\n","protected":false},"author":2,"featured_media":81912,"comment_status":"","ping_status":"","sticky":false,"template":"","format":"standard","meta":{"footnotes":""},"categories":[8],"tags":[210,17,18,1980,68,71,2262,25,24,13,14,73,75,11,74,19,20,9,10,15,16,77,76,13347,23,12,21,22],"class_list":{"0":"post-81911","1":"post","2":"type-post","3":"status-publish","4":"format-standard","5":"has-post-thumbnail","7":"category-espana","8":"tag-barcelona","9":"tag-breaking-news","10":"tag-breakingnews","11":"tag-cataluna","12":"tag-conflicto-arabe-israeli","13":"tag-conflictos-armados","14":"tag-crisis-humanitaria","15":"tag-es","16":"tag-espana","17":"tag-featured-news","18":"tag-featurednews","19":"tag-franja-gaza","20":"tag-hamas","21":"tag-headlines","22":"tag-israel","23":"tag-latest-news","24":"tag-latestnews","25":"tag-news","26":"tag-noticias","27":"tag-noticias-destacadas","28":"tag-noticiasdestacadas","29":"tag-oriente-proximo","30":"tag-palestina","31":"tag-salvador-illa","32":"tag-spain","33":"tag-titulares","34":"tag-ultimas-noticias","35":"tag-ultimasnoticias"},"share_on_mastodon":{"url":"","error":""},"_links":{"self":[{"href":"https:\/\/www.europesays.com\/es\/wp-json\/wp\/v2\/posts\/81911","targetHints":{"allow":["GET"]}}],"collection":[{"href":"https:\/\/www.europesays.com\/es\/wp-json\/wp\/v2\/posts"}],"about":[{"href":"https:\/\/www.europesays.com\/es\/wp-json\/wp\/v2\/types\/post"}],"author":[{"embeddable":true,"href":"https:\/\/www.europesays.com\/es\/wp-json\/wp\/v2\/users\/2"}],"replies":[{"embeddable":true,"href":"https:\/\/www.europesays.com\/es\/wp-json\/wp\/v2\/comments?post=81911"}],"version-history":[{"count":0,"href":"https:\/\/www.europesays.com\/es\/wp-json\/wp\/v2\/posts\/81911\/revisions"}],"wp:featuredmedia":[{"embeddable":true,"href":"https:\/\/www.europesays.com\/es\/wp-json\/wp\/v2\/media\/81912"}],"wp:attachment":[{"href":"https:\/\/www.europesays.com\/es\/wp-json\/wp\/v2\/media?parent=81911"}],"wp:term":[{"taxonomy":"category","embeddable":true,"href":"https:\/\/www.europesays.com\/es\/wp-json\/wp\/v2\/categories?post=81911"},{"taxonomy":"post_tag","embeddable":true,"href":"https:\/\/www.europesays.com\/es\/wp-json\/wp\/v2\/tags?post=81911"}],"curies":[{"name":"wp","href":"https:\/\/api.w.org\/{rel}","templated":true}]}}