{"id":81951,"date":"2025-08-30T10:34:10","date_gmt":"2025-08-30T10:34:10","guid":{"rendered":"https:\/\/www.europesays.com\/es\/81951\/"},"modified":"2025-08-30T10:34:10","modified_gmt":"2025-08-30T10:34:10","slug":"el-rocasa-gran-canaria-a-estrenarse-en-la-liga-con-triunfo-ante-el-kh-7-granollers","status":"publish","type":"post","link":"https:\/\/www.europesays.com\/es\/81951\/","title":{"rendered":"El Rocasa Gran Canaria, a estrenarse en la liga con triunfo ante el KH-7 Granollers"},"content":{"rendered":"<p><a class=\"v-mdl-ath__fig-a\" href=\"https:\/\/www.canarias7.es\/autor\/canarias7-6545.html\" title=\"CANARIAS7\" rel=\"nofollow noopener\" target=\"_blank\"><br \/>\n<img decoding=\"async\" class=\"v-mdl-ath__img\" src=\"https:\/\/www.europesays.com\/es\/wp-content\/uploads\/2025\/08\/1754689268_701_autor-6545-foto-1.png\" alt=\"CANARIAS7\"\/><br \/>\n<\/a><\/p>\n<p class=\"v-mdl-ath__p v-mdl-ath__p--6\">\nViernes, 29 de agosto 2025, 18:14<\/p>\n<p class=\"v-p\">El Rocasa Gran Canaria cuenta las horas para su estreno en la Liga Guerreras Iberdrola 2025\/2026 y lo hace con el ambicioso objetivo de conquistar el triunfo en la pista de un correoso KH-7 Granollers, este s\u00e1bado 30 de agosto a las 15:15 horas, y con el respaldo y la confianza que proporcionan la notable pretemporada que ha realizado el equipo de Las Remudas.<\/p>\n<p class=\"v-p\">La conquista de dos t\u00edtulos, el II Memorial Julio Gilsanz en Galicia y el IV Torneo Internacional Gran Canaria Isla Europea del Deporte, y un esperanzador balance de seis victorias, dos ante el BM Porri\u00f1o, otras dos ante el Zonzamas Plus Car Lanzarote, una ante el Boden Handball y otra m\u00e1s ante el AC Braga y tan solo una derrota, ante el CICAR Lanzarote Ciudad de Arrecife en la Copa Gobierno de Canarias, otorgan a las grancanarias la posibilidad real de iniciar la competici\u00f3n de la mejor manera posible: \u00abLa temporada ha sido muy positiva y estamos animadas y preparadas para comenzar la temporada. No es f\u00e1cil jugar fuera de casa el primer partido, pero empieza ya la diversi\u00f3n y es muy motivador saber que podemos traernos los dos primeros puntos para casa\u00bb, asever\u00f3 la portera grancanaria, \u00abLul\u00fa\u00bb Guerra.<\/p>\n<p class=\"v-p\">Por su parte, el m\u00e1ximo responsable t\u00e9cnico del equipo teldense, Carlos Herrera, se mostr\u00f3 optimista en relaci\u00f3n a la posibilidad de estrenar la Liga con victoria a domicilio: \u00abEl equipo ha hecho una buena pretemporada y esta semana hemos subido un pelda\u00f1o en los entrenamientos. Afrontamos el primero de los muchos partidos complicados de esta temporada con ganas, deseo y ambici\u00f3n por traernos los dos puntos\u00bb, asegur\u00f3, sin olvidar el potencial del conjunto catal\u00e1n: \u00abEs un equipo muy complicado de superar. Les he visto en pretemporada y es dif\u00edcil generarles ocasiones de gol por su buena defensa, adem\u00e1s de que corren mucho y desgastan a sus rivales. Ya la pasada temporada hicieron un buen papel y, este a\u00f1o, con los refuerzos, tienen un plus mayor de calidad\u00bb, destac\u00f3.<\/p>\n<p><img decoding=\"async\" loading=\"lazy\" src=\"https:\/\/www.europesays.com\/es\/wp-content\/uploads\/2025\/08\/rocasa3-kNUD--748x524@Canarias7.jpg\" class=\"v-a-img\" width=\"748\" height=\"524\" alt=\"\" data-voc-vtm-id=\"in-text-traffic\"\/><\/p>\n<p>C7<\/p>\n<p><img loading=\"lazy\" decoding=\"async\" src=\"https:\/\/www.europesays.com\/es\/wp-content\/uploads\/2025\/08\/rocasa3-kNUD--748x524@Canarias7.jpg\" class=\"v-mdl__img-z\" width=\"748\" height=\"524\" alt=\"\"\/><\/p>\n<p class=\"v-p\">El Rocasa Gran Canaria pondr\u00e1 rumbo a Barcelona en la tarde de hoy con toda la plantilla disponible en una convocatoria formada por 14 jugadoras, entre las que est\u00e1n las tres caras nuevas, Mar\u00eda Gonz\u00e1lez, Maja Portillo y \u00abMika\u00bb Paz.<\/p>\n<p class=\"v-p\">El equipo dirigido por el barcelon\u00e9s Robert Cuesta ha cuajado una buena pretemporada con cinco victorias en seis partidos y cuenta con refuerzos de lujo como Raquel More, Judith Vizuete, Itziar Mart\u00ednez, Mireia Torr\u00e1s y Nayla de Andr\u00e9s: \u00abPara ganar, tendremos que competir con intensidad y estar muy concentradas durante los sesenta minutos ante un rival de entidad que ha incorporado a jugadoras de mucho nivel\u00bb, asegur\u00f3 el ex t\u00e9cnico del Rocasa Gran Canaria.<\/p>\n<p class=\"v-p\">El partido se disputar\u00e1 ma\u00f1ana s\u00e1bado, 30 de agosto, en el Palacio de los Deportes de Granollers, a partir de las 15:15 horas, con el arbitraje de los catalanes Jordi Aus\u00e1s y Miquel Florenza.<\/p>\n<p>Comenta<\/p>\n<p>Reporta un error<\/p>\n","protected":false},"excerpt":{"rendered":"Viernes, 29 de agosto 2025, 18:14 El Rocasa Gran Canaria cuenta las horas para su estreno en la&hellip;\n","protected":false},"author":2,"featured_media":81952,"comment_status":"","ping_status":"","sticky":false,"template":"","format":"standard","meta":{"footnotes":""},"categories":[278],"tags":[1575,376,7221,168,25,24,30999,3956,21313,375,31000,1044,4493,23,167,2886],"class_list":{"0":"post-81951","1":"post","2":"type-post","3":"status-publish","4":"format-standard","5":"has-post-thumbnail","7":"category-balonmano","8":"tag-ante","9":"tag-balonmano","10":"tag-canaria","11":"tag-deportes","12":"tag-es","13":"tag-espana","14":"tag-estrenarse","15":"tag-gran","16":"tag-granollers","17":"tag-handball","18":"tag-kh7","19":"tag-liga","20":"tag-rocasa","21":"tag-spain","22":"tag-sports","23":"tag-triunfo"},"share_on_mastodon":{"url":"","error":""},"_links":{"self":[{"href":"https:\/\/www.europesays.com\/es\/wp-json\/wp\/v2\/posts\/81951","targetHints":{"allow":["GET"]}}],"collection":[{"href":"https:\/\/www.europesays.com\/es\/wp-json\/wp\/v2\/posts"}],"about":[{"href":"https:\/\/www.europesays.com\/es\/wp-json\/wp\/v2\/types\/post"}],"author":[{"embeddable":true,"href":"https:\/\/www.europesays.com\/es\/wp-json\/wp\/v2\/users\/2"}],"replies":[{"embeddable":true,"href":"https:\/\/www.europesays.com\/es\/wp-json\/wp\/v2\/comments?post=81951"}],"version-history":[{"count":0,"href":"https:\/\/www.europesays.com\/es\/wp-json\/wp\/v2\/posts\/81951\/revisions"}],"wp:featuredmedia":[{"embeddable":true,"href":"https:\/\/www.europesays.com\/es\/wp-json\/wp\/v2\/media\/81952"}],"wp:attachment":[{"href":"https:\/\/www.europesays.com\/es\/wp-json\/wp\/v2\/media?parent=81951"}],"wp:term":[{"taxonomy":"category","embeddable":true,"href":"https:\/\/www.europesays.com\/es\/wp-json\/wp\/v2\/categories?post=81951"},{"taxonomy":"post_tag","embeddable":true,"href":"https:\/\/www.europesays.com\/es\/wp-json\/wp\/v2\/tags?post=81951"}],"curies":[{"name":"wp","href":"https:\/\/api.w.org\/{rel}","templated":true}]}}