{"id":81955,"date":"2025-08-30T10:39:12","date_gmt":"2025-08-30T10:39:12","guid":{"rendered":"https:\/\/www.europesays.com\/es\/81955\/"},"modified":"2025-08-30T10:39:12","modified_gmt":"2025-08-30T10:39:12","slug":"como-puedo-ver-el-final-de-etapa-de-la-vuelta-ciclista-en-valdezcaray","status":"publish","type":"post","link":"https:\/\/www.europesays.com\/es\/81955\/","title":{"rendered":"\u00bfC\u00f3mo puedo ver el final de etapa de la Vuelta Ciclista en Valdezcaray?"},"content":{"rendered":"<p class=\"v-mdl-ath__p v-mdl-ath__p--6\">\nS\u00e1bado, 30 de agosto 2025, 11:03<\/p>\n<p>| Actualizado 12:09h.<\/p>\n<p class=\"v-p\">Hay varias formas de poder disfrutar ma\u00f1ana de la etapa riojana de La Vuelta. La m\u00e1s evidente es por la televisi\u00f3n, con TVE y Eurosport como opciones a elegir para ver los 195,5 kil\u00f3metros que recorrer\u00e1n los ciclistas desde la salida en Alfaro hasta la llegada en la estaci\u00f3n de esqu\u00ed de Valdezcaray.<\/p>\n<p><img decoding=\"async\" id=\"g-ezcaraypuerto-XS-img\" class=\"g-ezcaraypuerto-XS-img g-aiImg\" alt=\"\" src=\"https:\/\/www.europesays.com\/es\/wp-content\/uploads\/2025\/08\/ezcaraypuerto-XS.jpg\"\/><\/p>\n<p class=\"g-pstyle0\">D\u00f3nde ver el final de la etapa riojana<\/p>\n<p class=\"g-pstyle4\">El acceso a Valdezcaray desde la LR-415 permanecer\u00e1 cerrado desde el s\u00e1bado a las 17:00 horas. Los coches que entren antes de esa hora deber\u00e1n aparcar en las tres zonas habilitadas<\/p>\n<p class=\"g-pstyle5\">Se podr\u00e1 subir al puerto a trav\u00e9s de un acceso desde el Sendero desde el Camping de Ezcaray<\/p>\n<p><img decoding=\"async\" id=\"g-ezcaraypuerto-S-img\" class=\"g-ezcaraypuerto-S-img g-aiImg\" alt=\"\" src=\"https:\/\/www.europesays.com\/es\/wp-content\/uploads\/2025\/08\/ezcaraypuerto-S.jpg\"\/><\/p>\n<p class=\"g-pstyle0\">D\u00f3nde ver el final de la etapa riojana<\/p>\n<p class=\"g-pstyle4\">El acceso a Valdezcaray desde la LR-415 permanecer\u00e1 cerrado desde el s\u00e1bado a las 17:00 horas. Los coches que entren antes de esa hora deber\u00e1n aparcar en las tres zonas habilitadas<\/p>\n<p class=\"g-pstyle5\">Se podr\u00e1 subir al puerto a trav\u00e9s de un acceso desde el Sendero desde el Camping de Ezcaray<\/p>\n<p><img decoding=\"async\" id=\"g-ezcaraypuerto-M-img\" class=\"g-ezcaraypuerto-M-img g-aiImg\" alt=\"\" src=\"https:\/\/www.europesays.com\/es\/wp-content\/uploads\/2025\/08\/ezcaraypuerto-M.jpg\"\/><\/p>\n<p class=\"g-pstyle0\">D\u00f3nde ver el final de la etapa riojana<\/p>\n<p class=\"g-pstyle5\">El acceso a Valdezcaray desde la LR-415 permanecer\u00e1 cerrado desde el s\u00e1bado a las 17:00 horas. Los coches que entren antes de esa hora deber\u00e1n aparcar en las tres zonas habilitadas<\/p>\n<p class=\"g-pstyle6\">Se podr\u00e1 subir al puerto a trav\u00e9s de un acceso desde el Sendero desde el Camping de Ezcaray<\/p>\n<p class=\"v-p\">Esta f\u00f3rmula, estampa singular t\u00edpica veraniega (cu\u00e1ntas largas sobremesas con el Tour de Francia y la Vuelta a Espa\u00f1a, acompa\u00f1adas a veces por sus consiguientes siestas, han protagonizado las tardes de asueto vacacional), es la m\u00e1s sencilla, pero desde luego no es la m\u00e1s atractiva para los aficionados al ciclismo.<\/p>\n<p class=\"v-p\">Porque lo que llena a los amantes de buen ciclismo es acompa\u00f1ar en su esfuerzo a sus esforzados \u00eddolos y animarles a pie de calle. Y los riojanos tendr\u00e1n la oportunidad en una etapa larga que recorrer\u00e1 27 localidades riojanas. <\/p>\n<p>\nLa carretera LR-416 y el acceso a Valdezcaray desde la LR-415 se cortar\u00e1n esta misma tarde a partir de las 17.00 horas\n<\/p>\n<p class=\"v-p\">Ahora bien, aquellos que quieran vivir la prueba de cerca deber\u00e1n tener en cuenta los condicionantes que este tipo de eventos conlleva a la hora de desplazarse y tendr\u00e1n que ajustar sus horarios a los marcados por la organizaci\u00f3n y a las restricciones a la hora de desplazarse por las carreteras por donde transcurre la prueba.<\/p>\n<p class=\"v-p\">La salida desde Alfaro est\u00e1 fijada para las 12.37 horas, mientras que la llegada a Valdezcaray est\u00e1 prevista para un poco m\u00e1s tarde de las 17.30 horas.<\/p>\n<p><a href=\"http:\/\/www.larioja.com\/deportes\/ciclismo\/vuelta-espana\/etapas-vuelta-ciclista-espana--rioja-20250830213029-nt.html#vtm_modulosEngag=mod-rel:deportes:noticia:1:cmp:1-not\" class=\"v-a-link\" aria-label=\"Imagen\" rel=\"nofollow noopener\" target=\"_blank\"><\/p>\n<p><img decoding=\"async\" loading=\"lazy\" src=\"https:\/\/www.europesays.com\/es\/wp-content\/uploads\/2025\/08\/108045474-kFuB--366x256@La Rioja.jpg\" class=\"v-a-img\" width=\"258\" height=\"180\" alt=\"\" data-voc-vtm-id=\"in-text-traffic\"\/><\/p>\n<p><\/a><\/p>\n<p class=\"v-p\">En la localidad riojabaje\u00f1a quedar\u00e1 prohibido aparcar desde hoy a las 22.00 horas en la zona de la estaci\u00f3n de autobuses, las avenidas de Cruz Roja y Zaragoza y las calles San Ant\u00f3n, Tudela y Gonzalo de Berceo. Estar\u00e1 prohibida la circulaci\u00f3n en estas mismas calles ma\u00f1ana, desde las 08.00 hasta las 15.00 horas<\/p>\n<p class=\"v-p\">Hay que tener en cuenta que la carretera LR-416 y el acceso a Valdezcaray desde la LR-415 se cortar\u00e1n esta misma tarde a partir de las 17.00 horas hasta las 08.00, cuando se volver\u00e1 a abrir hasta las 12.00 horas. Adem\u00e1s, est\u00e1n previstos los cortes de las carreteras por las que discurre La Vuelta unos 45 minutos antes del paso de la carrera.<\/p>\n<p class=\"v-p\">El Ayuntamiento de Ezcaray ha anunciado que se ha limpiado el sendero desde el camping de Ezcaray, situado en la LR-415, hasta las primeras curvas del puerto. Tambi\u00e9n ha habilitado varios aparcamientos en diversas pistas forestales como la de Sagastia, en Monte Mayor y en Cobetia (en la parte alta de Valdezcaray, en la antigua carretera ahora convertida en pista, hacia el Alto de las Tres Cruces).<\/p>\n<p>Comenta<\/p>\n<p>Reporta un error<\/p>\n","protected":false},"excerpt":{"rendered":"S\u00e1bado, 30 de agosto 2025, 11:03 | Actualizado 12:09h. Hay varias formas de poder disfrutar ma\u00f1ana de la&hellip;\n","protected":false},"author":2,"featured_media":81956,"comment_status":"","ping_status":"","sticky":false,"template":"","format":"standard","meta":{"footnotes":""},"categories":[273],"tags":[31001,20176,18791,313,1757,312,168,25,24,314,5215,13556,23,167,26297,1357],"class_list":{"0":"post-81955","1":"post","2":"type-post","3":"status-publish","4":"format-standard","5":"has-post-thumbnail","7":"category-ciclismo","8":"tag-accesos","9":"tag-alfaro","10":"tag-carretera","11":"tag-ciclismo","12":"tag-ciclista","13":"tag-cycling","14":"tag-deportes","15":"tag-es","16":"tag-espana","17":"tag-etapa","18":"tag-kilometros","19":"tag-rioja","20":"tag-spain","21":"tag-sports","22":"tag-valdezcaray","23":"tag-vuelta"},"share_on_mastodon":{"url":"","error":""},"_links":{"self":[{"href":"https:\/\/www.europesays.com\/es\/wp-json\/wp\/v2\/posts\/81955","targetHints":{"allow":["GET"]}}],"collection":[{"href":"https:\/\/www.europesays.com\/es\/wp-json\/wp\/v2\/posts"}],"about":[{"href":"https:\/\/www.europesays.com\/es\/wp-json\/wp\/v2\/types\/post"}],"author":[{"embeddable":true,"href":"https:\/\/www.europesays.com\/es\/wp-json\/wp\/v2\/users\/2"}],"replies":[{"embeddable":true,"href":"https:\/\/www.europesays.com\/es\/wp-json\/wp\/v2\/comments?post=81955"}],"version-history":[{"count":0,"href":"https:\/\/www.europesays.com\/es\/wp-json\/wp\/v2\/posts\/81955\/revisions"}],"wp:featuredmedia":[{"embeddable":true,"href":"https:\/\/www.europesays.com\/es\/wp-json\/wp\/v2\/media\/81956"}],"wp:attachment":[{"href":"https:\/\/www.europesays.com\/es\/wp-json\/wp\/v2\/media?parent=81955"}],"wp:term":[{"taxonomy":"category","embeddable":true,"href":"https:\/\/www.europesays.com\/es\/wp-json\/wp\/v2\/categories?post=81955"},{"taxonomy":"post_tag","embeddable":true,"href":"https:\/\/www.europesays.com\/es\/wp-json\/wp\/v2\/tags?post=81955"}],"curies":[{"name":"wp","href":"https:\/\/api.w.org\/{rel}","templated":true}]}}