{"id":81984,"date":"2025-08-30T10:58:13","date_gmt":"2025-08-30T10:58:13","guid":{"rendered":"https:\/\/www.europesays.com\/es\/81984\/"},"modified":"2025-08-30T10:58:13","modified_gmt":"2025-08-30T10:58:13","slug":"antonio-puerta-cehegin-antonio-puerta-celebra-su-decimo-aniversario-de-alternativa","status":"publish","type":"post","link":"https:\/\/www.europesays.com\/es\/81984\/","title":{"rendered":"Antonio Puerta Ceheg\u00edn | Antonio Puerta celebra su d\u00e9cimo aniversario de alternativa"},"content":{"rendered":"<p class=\"ft-text\">Corr\u00eda septiembre del a\u00f1o 2015 cuando la hija del empresario de la Plaza de Toros de Murcia, Roc\u00edo Bernal, tras leer los comentarios y art\u00edculos que se hab\u00edan publicado en redes sociales acerca de qui\u00e9n deb\u00eda sustituir la baja de Talavante para la corrida del d\u00eda 14 de ese mes, <strong>llamaba a<\/strong><a href=\"https:\/\/www.laopiniondemurcia.es\/municipios\/cehegin\/\" class=\"ft-link ft-link--decoration\" rel=\"nofollow noopener\" target=\"_blank\"><strong> Antonio Puerta<\/strong><\/a><strong> para ofrec\u00e9rsela a \u00e9l, organiz\u00e1ndole as\u00ed su alternativa con El Juli de padrino y Perera de testigo<\/strong>.<\/p>\n<blockquote class=\"ft-mol-quote ft-mol-quote--basic\" data-aida-cite=\"\"><p>Esa tarde cort\u00f3 tres orejas, saliendo por la Puerta Grande junto a El Juli<\/p><\/blockquote>\n<p class=\"ft-text\">Esa tarde <strong>cort\u00f3 tres orejas, saliendo por la Puerta Grande<\/strong> junto a El Juli, y siendo acartelado en otras dos ocasiones m\u00e1s por la v\u00eda de la sustituci\u00f3n con los Bernal, cosechando grandes actuaciones. \u00c9se fue el comienzo en una historia que comenzaba a escribirse con letras de oro, pero que poco a poco fue mostrando su cara m\u00e1s dura, la que un torero no quiere conocer, pero que sabe que es inevitable.\u00a0<\/p>\n<p><img decoding=\"async\" src=\"https:\/\/www.europesays.com\/es\/wp-content\/uploads\/2025\/08\/8c26fe3e-7940-433a-882f-73bbfca33c21_alta-libre-aspect-ratio_default_0.jpg\" width=\"1200\" height=\"900\" alt=\"Antonio Puerta celebra su d\u00e9cimo aniversario de alternativa como matador de toros en un emocionante y elegante acto organizado por el Club Taurino de Ceheg\u00edn\" class=\"ft-helper-img-rd\" loading=\"lazy\" hasdataaida=\"true\"\/><\/p>\n<p class=\"ft-helper-fontColor-quaternary ft-helper-fontSize-body-S ft-helper-spacer-t-xxs\">Antonio Puerta celebra su d\u00e9cimo aniversario de alternativa como matador de toros en un emocionante y elegante acto organizado por el Club Taurino de Ceheg\u00edn  \/ La Opini\u00f3n<\/p>\n<p class=\"ft-text\">Diez a\u00f1os ha necesitado para alcanzar las treinta corridas, lo que muestra <strong>el camino pedregoso por el que ha transitado<\/strong>, con cambio de apoderados incluido, con los que ha tenido suerte dispar. Pero quiz\u00e1 esta dureza s\u00f3lo sea para quien pueda soportarla, y Antonio Puerta puede. \u201cNunca me permitir\u00eda una duda sobre m\u00ed\u201d, afirma el matador, quien est\u00e1 muy ilusionado con la corrida del pr\u00f3ximo 14 de septiembre (la primera de la temporada para \u00e9l) en Ceheg\u00edn, junto a Talavante y Perera, que se celebrar\u00e1 en honor a la Patrona, la Virgen de las Maravillas, por el 300 Aniversario de su llegada a la localidad.<\/p>\n<blockquote class=\"ft-mol-quote ft-mol-quote--basic\" data-aida-cite=\"\"><p>Puerta est\u00e1 muy ilusionado con la corrida del pr\u00f3ximo 14 de septiembre en Ceheg\u00edn, junto a Talavante y Perera<\/p><\/blockquote>\n<p class=\"ft-text\">Puerta, quien fue padre hace unos meses, ha confesado al director del evento, Julio Antonio D\u00edaz, de Onda Cero Noroeste, que <strong>su familia ha sido el pilar en el que se ha apoyado siempre, y que le ha dado fuerzas para seguir mirando hacia su objetivo<\/strong>, que no es otro que ser figura del toreo. Y \u00e9ste pasa por volver a Madrid, cuya confirmaci\u00f3n de alternativa ha estado cerca en varias ocasiones, cay\u00e9ndose en el \u00faltimo momento.<\/p>\n<p class=\"ft-text\">El maestro sabe de la importancia que tiene <strong>la corrida del 14 de septiembre<\/strong>, ya que el empresario de Las Ventas, Sim\u00f3n Casas, estar\u00e1 en el callej\u00f3n, siendo el \u00fanico y mejor escaparate que tiene para mostrar su toreo y demostrar el arte que se est\u00e1 perdiendo el \u2018respetable\u2019. \u00a1Qui\u00e9n sabe si de ah\u00ed podr\u00eda salir una oportunidad que cambiara de una vez el rumbo de Antonio Puerta!<\/p>\n<p>\u00abMirando al futuro\u00bb<img decoding=\"async\" src=\"https:\/\/www.europesays.com\/es\/wp-content\/uploads\/2025\/08\/383e450c-b88b-4457-a68e-44968ac20c3e_alta-libre-aspect-ratio_default_0.jpg\" width=\"1200\" height=\"900\" alt=\"Durante la charla\" class=\"ft-helper-img-rd\" loading=\"lazy\" hasdataaida=\"true\"\/><\/p>\n<p class=\"ft-helper-fontColor-quaternary ft-helper-fontSize-body-S ft-helper-spacer-t-xxs\">Durante la charla  \/ La Opini\u00f3n<\/p>\n<p class=\"ft-text\">Lo que \u00e9ste tiene claro es que no se va a rendir, que hay torero para rato y que a\u00fan no ha dicho su \u00faltima palabra. De hecho, se ha ofrecido a torear el pr\u00f3ximo a\u00f1o la corrida del 125 Aniversario de la Plaza de Toros de Ceheg\u00edn, en la que podr\u00eda volver el maestro Pep\u00edn Liria, siendo \u00e9sta \u201cuna de las ilusiones m\u00e1s grandes de mi vida\u201d, ha confesado.<\/p>\n<p class=\"ft-text\">Aunque <strong>define su trayectoria profesional con \u201cm\u00e1s sombras que luces, de momento\u201d, sabe de lo afortunado que es por llevar cosida a su piel una afici\u00f3n que le sigue desde hace veinte a\u00f1os<\/strong>, all\u00e1 donde se vista de luces o de corto. \u201cEl d\u00eda que fui a Madrid con novillos de Nazario Ib\u00e1\u00f1ez llen\u00e9 siete autobuses de personas que quer\u00edan verme\u201d, ha relatado emocionado.<\/p>\n<p class=\"ft-text\">Y es que la gente quiere a Antonio Puerta, y quiere verlo triunfar, porque ser\u00eda un triunfo que har\u00eda justicia a su entrega irreprochable y a su forma de interpretar el toreo que tan pocos matadores tienen. Todo lo tiene, s\u00f3lo falta ese momento que cambie la deriva de los acontecimientos, y que seguro que llegar\u00e1.<\/p>\n<p class=\"ft-text\"><a class=\"ft-link ft-link--decoration\" href=\"https:\/\/www.elperiodico.com\/es\/loteria-del-nino\/\" rel=\"nofollow noopener\" target=\"_blank\">El ni\u00f1o<\/a> del Barrio de San Juan que se saltaba las clases del instituto para pedir las llaves de la plaza al alcalde para poder entrenar de sal\u00f3n,<strong> se ha acordado de mucha gente que le apoy\u00f3 desde sus inicios,<\/strong> y que todav\u00eda est\u00e1n con \u00e9l y siguen creyendo que esto tiene un final feliz. Y eso a nadie le cabe duda. El <a href=\"https:\/\/www.laopiniondemurcia.es\/tags\/toros\/\" class=\"ft-link ft-link--decoration\" rel=\"nofollow noopener\" target=\"_blank\">corrid\u00f3n<\/a> del d\u00eda 14 de septiembre ser\u00e1 con toda seguridad el punto de inflexi\u00f3n en su carrera, alarg\u00e1ndola al menos otros diez a\u00f1os, y volviendo el Club Taurino a reunir a todo el mundo en su sede para tal efem\u00e9ride.<\/p>\n<p class=\"ft-text\">Amigos, familiares, aficionados, profesionales y autoridades se han dado cita en esta sensacional charla-coloquio, que comenzaba con el tradicional herradero (Antonio Puerta, con el hierro de Vitoriano del R\u00edo; el periodista Julio Antonio D\u00edaz, con Daniel Ruiz; y el presidente de la Hermandad de la Virgen de las Maravillas, Tom\u00e1s Noguerol, con La Palmosilla), y que acababa con el anuncio, por parte del presidente del club taurino,\u00a0\u00a0de la instalaci\u00f3n en el patio de caballos de la plaza de un azulejo conmemorativo del aniversario del torero, que se destapar\u00e1 el d\u00eda de la corrida (entradas a la venta en\u00a0www.tauromagia.es\u00a0y en la tienda Zapatando, en Carretera de Murcia, 37, de Ceheg\u00edn, o en el tel\u00e9fono 601995797).<\/p>\n<p class=\"ft-text\">Entre aplausos se desped\u00eda la noche, en la que<strong> Antonio Puerta se acordaba del insigne Felipe de Paco \u2018Cala\u00f1\u00e9s\u2019<\/strong>, que nos dej\u00f3 en el a\u00f1o 2021, pero que sigue presente en el \u00e1mbito taurino. Asimismo, agradeci\u00f3 las palabras de apoyo y cari\u00f1o que tuvieron con \u00e9l el director de Asuntos Taurinos de la Regi\u00f3n de Murcia, Francisco Abril, la alcaldesa de Ceheg\u00edn, Alicia del Amor, el presidente de la Hermandad, Tom\u00e1s Noguerol, y el presidente del Club Taurino, Pedro Moreno. Tambi\u00e9n estuvieron presentes en el acto concejales de PP, Psoe y X Ceheg\u00edn, el torero Antonio <a class=\"ft-link ft-link--decoration\" href=\"https:\/\/www.laopiniondemurcia.es\/tags\/jose-lopez\/\" rel=\"nofollow noopener\" target=\"_blank\">Jos\u00e9 L\u00f3pez<\/a> P\u00e9rez \u2018El Rubio\u2019, el novillero Salvador Ruiz \u2018El Marqu\u00e9s\u2019, el empresario de la plaza, Pepe Mu\u00f1oz, y el medio de comunicaci\u00f3n TV Ceheg\u00edn, entre <a href=\"https:\/\/tauromagia.es\" class=\"ft-link ft-link--decoration\" rel=\"nofollow noopener\" target=\"_blank\">otros<\/a>.<\/p>\n","protected":false},"excerpt":{"rendered":"Corr\u00eda septiembre del a\u00f1o 2015 cuando la hija del empresario de la Plaza de Toros de Murcia, Roc\u00edo&hellip;\n","protected":false},"author":2,"featured_media":81985,"comment_status":"","ping_status":"","sticky":false,"template":"","format":"standard","meta":{"footnotes":""},"categories":[277],"tags":[9807,1247,31011,373,13457,6951,1798,31010,168,25,24,740,23,167,374,2487,444],"class_list":{"0":"post-81984","1":"post","2":"type-post","3":"status-publish","4":"format-standard","5":"has-post-thumbnail","7":"category-toreo","8":"tag-aniversario","9":"tag-antonio","10":"tag-antonio-puerta","11":"tag-bullfighting","12":"tag-cehegin","13":"tag-celebra","14":"tag-club","15":"tag-decimo","16":"tag-deportes","17":"tag-es","18":"tag-espana","19":"tag-puerta","20":"tag-spain","21":"tag-sports","22":"tag-toreo","23":"tag-toreros","24":"tag-toros"},"share_on_mastodon":{"url":"","error":""},"_links":{"self":[{"href":"https:\/\/www.europesays.com\/es\/wp-json\/wp\/v2\/posts\/81984","targetHints":{"allow":["GET"]}}],"collection":[{"href":"https:\/\/www.europesays.com\/es\/wp-json\/wp\/v2\/posts"}],"about":[{"href":"https:\/\/www.europesays.com\/es\/wp-json\/wp\/v2\/types\/post"}],"author":[{"embeddable":true,"href":"https:\/\/www.europesays.com\/es\/wp-json\/wp\/v2\/users\/2"}],"replies":[{"embeddable":true,"href":"https:\/\/www.europesays.com\/es\/wp-json\/wp\/v2\/comments?post=81984"}],"version-history":[{"count":0,"href":"https:\/\/www.europesays.com\/es\/wp-json\/wp\/v2\/posts\/81984\/revisions"}],"wp:featuredmedia":[{"embeddable":true,"href":"https:\/\/www.europesays.com\/es\/wp-json\/wp\/v2\/media\/81985"}],"wp:attachment":[{"href":"https:\/\/www.europesays.com\/es\/wp-json\/wp\/v2\/media?parent=81984"}],"wp:term":[{"taxonomy":"category","embeddable":true,"href":"https:\/\/www.europesays.com\/es\/wp-json\/wp\/v2\/categories?post=81984"},{"taxonomy":"post_tag","embeddable":true,"href":"https:\/\/www.europesays.com\/es\/wp-json\/wp\/v2\/tags?post=81984"}],"curies":[{"name":"wp","href":"https:\/\/api.w.org\/{rel}","templated":true}]}}