{"id":82101,"date":"2025-08-30T12:11:07","date_gmt":"2025-08-30T12:11:07","guid":{"rendered":"https:\/\/www.europesays.com\/es\/82101\/"},"modified":"2025-08-30T12:11:07","modified_gmt":"2025-08-30T12:11:07","slug":"condenan-al-dueno-de-un-perro-que-provoco-la-caida-de-un-ciclista-en-navarra","status":"publish","type":"post","link":"https:\/\/www.europesays.com\/es\/82101\/","title":{"rendered":"Condenan al due\u00f1o de un perro que provoc\u00f3 la ca\u00edda de un ciclista en Navarra"},"content":{"rendered":"<p>Un <strong>ciclista<\/strong> que sufri\u00f3 fracturas en pelvis y clav\u00edcula al irse al suelo por la<strong> irrupci\u00f3n de un perro <\/strong>cuando circulaba la altura de <strong>Zabalza <\/strong>ser\u00e1 indemnizado con <strong>15.704 euros <\/strong>por el propietario del animal. La Secci\u00f3n Tercera de la Audiencia ha confirmado la condena y mantiene que la ca\u00edda se produjo por la <strong>\u201cirrupci\u00f3n sorpresiva\u201d <\/strong>del animal, sin que su propietario adoptara medidas.<\/p>\n<p>El accidente se produjo a las 16.39 horas del 19 de febrero de 2021 en la carretera NA-7015 (Zizur Mayor-Belascoain). El primero de los tres ciclistas que circulaban en grupo esquiv\u00f3 al can, pero no as\u00ed los otros dos: uno sufri\u00f3 contusiones y rasgu\u00f1os por el asfalto y otro sali\u00f3 peor parado, con<strong> sendas fracturas.<\/strong> Este \u00faltimo demand\u00f3 al due\u00f1o del perro por los da\u00f1os sufridos, pero este se opuso a la reclamaci\u00f3n. Argumenta que <strong>el perro no era suyo.<\/strong>\n<\/p>\n<p>Primero el Juzgado de Primera Instancia n\u00ba 5 y ahora la Audiencia han visto probado que s\u00ed lo era. La defensa del ciclista, ejercida por Diego Gast\u00f3n, de ADM Abogados, aport\u00f3 una fotograf\u00eda tomada al d\u00eda siguiente en la que se ve al perro en la finca del demandante. Avis\u00f3 a <strong>Polic\u00eda Foral,<\/strong> pero los agentes no pudieron identificarlo con microchip porque <strong>intent\u00f3 morderles<\/strong>. No obstante, era el mismo perro que en 2019 hab\u00eda protagonizado otro incidente y entonces el demandado s\u00ed reconoci\u00f3 ser el titular.<\/p>\n","protected":false},"excerpt":{"rendered":"Un ciclista que sufri\u00f3 fracturas en pelvis y clav\u00edcula al irse al suelo por la irrupci\u00f3n de un&hellip;\n","protected":false},"author":2,"featured_media":82102,"comment_status":"","ping_status":"","sticky":false,"template":"","format":"standard","meta":{"footnotes":""},"categories":[273],"tags":[4357,313,12720,312,168,4393,25,24,8515,18313,23,167],"class_list":{"0":"post-82101","1":"post","2":"type-post","3":"status-publish","4":"format-standard","5":"has-post-thumbnail","7":"category-ciclismo","8":"tag-caida","9":"tag-ciclismo","10":"tag-condenan","11":"tag-cycling","12":"tag-deportes","13":"tag-dueno","14":"tag-es","15":"tag-espana","16":"tag-perro","17":"tag-provocar","18":"tag-spain","19":"tag-sports"},"share_on_mastodon":{"url":"","error":""},"_links":{"self":[{"href":"https:\/\/www.europesays.com\/es\/wp-json\/wp\/v2\/posts\/82101","targetHints":{"allow":["GET"]}}],"collection":[{"href":"https:\/\/www.europesays.com\/es\/wp-json\/wp\/v2\/posts"}],"about":[{"href":"https:\/\/www.europesays.com\/es\/wp-json\/wp\/v2\/types\/post"}],"author":[{"embeddable":true,"href":"https:\/\/www.europesays.com\/es\/wp-json\/wp\/v2\/users\/2"}],"replies":[{"embeddable":true,"href":"https:\/\/www.europesays.com\/es\/wp-json\/wp\/v2\/comments?post=82101"}],"version-history":[{"count":0,"href":"https:\/\/www.europesays.com\/es\/wp-json\/wp\/v2\/posts\/82101\/revisions"}],"wp:featuredmedia":[{"embeddable":true,"href":"https:\/\/www.europesays.com\/es\/wp-json\/wp\/v2\/media\/82102"}],"wp:attachment":[{"href":"https:\/\/www.europesays.com\/es\/wp-json\/wp\/v2\/media?parent=82101"}],"wp:term":[{"taxonomy":"category","embeddable":true,"href":"https:\/\/www.europesays.com\/es\/wp-json\/wp\/v2\/categories?post=82101"},{"taxonomy":"post_tag","embeddable":true,"href":"https:\/\/www.europesays.com\/es\/wp-json\/wp\/v2\/tags?post=82101"}],"curies":[{"name":"wp","href":"https:\/\/api.w.org\/{rel}","templated":true}]}}