{"id":82119,"date":"2025-08-30T12:21:07","date_gmt":"2025-08-30T12:21:07","guid":{"rendered":"https:\/\/www.europesays.com\/es\/82119\/"},"modified":"2025-08-30T12:21:07","modified_gmt":"2025-08-30T12:21:07","slug":"real-madrid-y-athletic-empiezan-en-casa-barca-atletico-y-villarreal-fuera","status":"publish","type":"post","link":"https:\/\/www.europesays.com\/es\/82119\/","title":{"rendered":"Real Madrid y Athletic empiezan en casa; Bar\u00e7a, Atl\u00e9tico y Villarreal fuera"},"content":{"rendered":"<p class=\"mb-4 text-lg md:leading-8 break-words\">Madrid, 30 ago (EFE).- El Real Madrid y el Athletic empezar\u00e1n la Liga de Campeones 2025\/26 como locales ante el Marsella y el Arsenal, respectivamente, mientras que el Barcelona visitar\u00e1 al Newcastle, el Atl\u00e9tico de Madrid al Liverpool y el Villarreal al Tottenham.<\/p>\n<p class=\"mb-4 text-lg md:leading-8 break-words\">El Athletic ser\u00e1 el primer equipo espa\u00f1ol en entrar en liza, al jugar frente a los &#8216;gunners&#8217; en San Mam\u00e9s a las 18:45 del martes 16 de septiembre, d\u00eda en el que se estrenar\u00e1n Real Madrid y Villarreal a las 21.00.<\/p>\n<p class=\"mb-4 text-lg md:leading-8 break-words\">El Atl\u00e9tico de Madrid jugar\u00e1 en Anfield a las 21.00 del mi\u00e9rcoles 17 y el Barcelona en St. James Park a esa misma hora, pero del jueves 18.<\/p>\n<p class=\"mb-4 text-lg md:leading-8 break-words\">(c) Agencia EFE<\/p>\n","protected":false},"excerpt":{"rendered":"Madrid, 30 ago (EFE).- El Real Madrid y el Athletic empezar\u00e1n la Liga de Campeones 2025\/26 como locales&hellip;\n","protected":false},"author":2,"featured_media":82120,"comment_status":"","ping_status":"","sticky":false,"template":"","format":"standard","meta":{"footnotes":""},"categories":[93],"tags":[5031,2182,3409,210,168,995,25,24,1238,205,6521,3048,23,167,21139,10560],"class_list":{"0":"post-82119","1":"post","2":"type-post","3":"status-publish","4":"format-standard","5":"has-post-thumbnail","7":"category-deportes","8":"tag-arsenal","9":"tag-athletic","10":"tag-atletico-de-madrid","11":"tag-barcelona","12":"tag-deportes","13":"tag-efe","14":"tag-es","15":"tag-espana","16":"tag-liverpool","17":"tag-madrid","18":"tag-marsella","19":"tag-real-madrid","20":"tag-spain","21":"tag-sports","22":"tag-tottenham","23":"tag-villarreal"},"share_on_mastodon":{"url":"","error":""},"_links":{"self":[{"href":"https:\/\/www.europesays.com\/es\/wp-json\/wp\/v2\/posts\/82119","targetHints":{"allow":["GET"]}}],"collection":[{"href":"https:\/\/www.europesays.com\/es\/wp-json\/wp\/v2\/posts"}],"about":[{"href":"https:\/\/www.europesays.com\/es\/wp-json\/wp\/v2\/types\/post"}],"author":[{"embeddable":true,"href":"https:\/\/www.europesays.com\/es\/wp-json\/wp\/v2\/users\/2"}],"replies":[{"embeddable":true,"href":"https:\/\/www.europesays.com\/es\/wp-json\/wp\/v2\/comments?post=82119"}],"version-history":[{"count":0,"href":"https:\/\/www.europesays.com\/es\/wp-json\/wp\/v2\/posts\/82119\/revisions"}],"wp:featuredmedia":[{"embeddable":true,"href":"https:\/\/www.europesays.com\/es\/wp-json\/wp\/v2\/media\/82120"}],"wp:attachment":[{"href":"https:\/\/www.europesays.com\/es\/wp-json\/wp\/v2\/media?parent=82119"}],"wp:term":[{"taxonomy":"category","embeddable":true,"href":"https:\/\/www.europesays.com\/es\/wp-json\/wp\/v2\/categories?post=82119"},{"taxonomy":"post_tag","embeddable":true,"href":"https:\/\/www.europesays.com\/es\/wp-json\/wp\/v2\/tags?post=82119"}],"curies":[{"name":"wp","href":"https:\/\/api.w.org\/{rel}","templated":true}]}}