{"id":82179,"date":"2025-08-30T12:58:11","date_gmt":"2025-08-30T12:58:11","guid":{"rendered":"https:\/\/www.europesays.com\/es\/82179\/"},"modified":"2025-08-30T12:58:11","modified_gmt":"2025-08-30T12:58:11","slug":"plena-pintos-el-uruguayo-invicto-en-mma-que-viaja-a-miami-sonando-con-llegar-a-la-ufc","status":"publish","type":"post","link":"https:\/\/www.europesays.com\/es\/82179\/","title":{"rendered":"Plena Pintos, el uruguayo invicto en MMA que viaja a Miami so\u00f1ando con llegar a la UFC"},"content":{"rendered":"<p class=\"firma_periodista\"><img decoding=\"async\" src=\"https:\/\/www.europesays.com\/es\/wp-content\/uploads\/2025\/08\/722267.jpg\" class=\"autor\"\/> <strong>Por Jos\u00e9 Luis Calvete<\/strong><br \/><a class=\"mizq\" href=\"https:\/\/twitter.com\/joselocalvete\" target=\"_blank\" rel=\"nofollow noopener\">joselocalvete<\/a><\/p>\n<p><strong>Gustavo Pintos<\/strong> es uno de los tantos peleadores <strong>uruguayos <\/strong>que incursion\u00f3 en un deporte de combate y se fue volcando hacia las artes marciales mixtas, so\u00f1ando con llegar a la jaula m\u00e1s famosa del mundo. Arranc\u00f3 con el kickboxing a los 20 a\u00f1os, y hoy con 33 est\u00e1 invicto en<br \/>\nsus nueve combates en <strong>MMA<\/strong>, y le apunta de lleno a la <strong>UFC<\/strong>.<\/p>\n<p>\u201cArranqu\u00e9 con kickboxing y estuve haciendo K-1, que es otra modalidad. Luego hice muay thai\u201d, narr\u00f3 <strong>el<\/strong> <strong>Plena<\/strong>, como lo conocen todos en el ambiente desde 2013 gracias a la imaginaci\u00f3n de <strong>Sergio Borges<\/strong>, su primer entrenador. \u201cSiempre me gust\u00f3 bailar y escuchar plena y<br \/>\nm\u00fasica tropical, y en la emoci\u00f3n por haber ganado una pelea me puse a bailar<br \/>\narriba del <strong>ring<\/strong>. Sergio, con quien hoy me une una relaci\u00f3n de amistad, se<br \/>\nenter\u00f3 de que bailaba bien y me puso \u2018<strong>el Plena<\/strong>\u2019. Y me qued\u00f3 para siempre\u201d,<br \/>\nrecord\u00f3.<\/p>\n<p>Cuando se pas\u00f3 al profesionalismo opt\u00f3 por<strong> K-1<\/strong> y <strong>muay thai<\/strong>, \u201ccon rodillas y codos\u201d, y se coron\u00f3 campe\u00f3n uruguayo y sudamericano. \u201cEn 2019, que fue uno de los a\u00f1os en los que gan\u00e9 m\u00e1s t\u00edtulos, tuve peleas por t\u00edtulos de <strong>kickboxing<\/strong> y un Panamericano de muay thai ac\u00e1, en el Radisson. Despu\u00e9s, hice cantidad de peleas\u201d, cont\u00f3 Pintos, quien despu\u00e9s de la pandemia de covid-19 empez\u00f3 a dedicarse de lleno a las artes marciales mixtas, a las que empez\u00f3 a vincularse incluso antes de imaginarlo.<\/p>\n<p>\t\t<img decoding=\"async\" itemprop=\"image\" src=\"https:\/\/www.europesays.com\/es\/wp-content\/uploads\/2025\/08\/929966.jpg\"  alt=\"Fotos: Difusi\u00f3n Plena Pintos\"\/><\/p>\n<p class=\"caption\">Fotos: Difusi\u00f3n Plena Pintos<\/p>\n<p>\u201c<strong>Gustavo el Samurai<\/strong> <strong>Alfonso<\/strong>, uno de los pioneros ac\u00e1 en <strong>Uruguay<\/strong>, siempre me insisti\u00f3 para que hiciera <strong>MMA<\/strong>, me ayudaba y me entrenaba. Yo, como con el piso no estaba muy af\u00edn por la parte del<strong> jiu jitsu<\/strong>, estaba en duda porque mi fuerte son los pies y el<br \/>\nstriking, que es lo que m\u00e1s me gusta\u201d, relat\u00f3 el Plena, quien finalmente se<br \/>\nanim\u00f3 a subirse al oct\u00f3gono.<\/p>\n<p>\u201cLas oportunidades en <strong>MMA <\/strong>son m\u00e1s claras a nivel mundial y el deporte est\u00e1 m\u00e1s establecido en todos lados. De <strong>kickboxing <\/strong>o <strong>muay thai<\/strong> hay peleas, pero no termin\u00e1s de hacer carrera. Fui a Chile, estuve en Argentina y pele\u00e9 contra paraguayos, pero siempre volv\u00e9s a lo<br \/>\nmismo. En <strong>MMA <\/strong>se pueden abrir otras puertas a nivel profesional para llegar a<br \/>\nlas grandes ligas, que es el sue\u00f1o de todo peleador\u201d, narr\u00f3.<\/p>\n<p>Apost\u00f3 a las <strong>artes marciales mixtas<\/strong>, se sinti\u00f3 a gusto y hoy es en lo \u00fanico que compite. En mayo de 2022, tuvo su primera pelea y gan\u00f3, como las ocho restantes. Cinco fueron ante luchadores argentinos, uno contra un peruano y las restantes frente a uruguayos. Hoy, avizora<br \/>\nel horizonte fuera de fronteras y se ilusiona en grande.<\/p>\n<p>\u201cLa \u00faltima pelea, contra un argentino, iba a ser con un ecuatoriano, pero se baj\u00f3. El tema es que ac\u00e1 en <strong>Uruguay <\/strong>he peleado contra todos. Dentro de lo que se puede, se buscan rivales, y casi siempre son argentinos. Me he medido con brasile\u00f1os y chilenos, y por eso<br \/>\ntambi\u00e9n es la decisi\u00f3n de viajar, para crecer. No quiero estancarme en el mismo<br \/>\nnivel\u201d, reconoci\u00f3.<\/p>\n<p>\u201cSiento que estoy en el momento clave para dar el paso. Ahora estoy planeando un viaje a <strong>Estados Unidos<\/strong> para entrenar, competir y tratar de ir a buscar las oportunidades. Quiero entrenar all\u00e1 y creo que pueden salir peleas. Estando ah\u00ed puede darse m\u00e1s r\u00e1pido. Mi<br \/>\nidea es llegar al UFC, que es la meca del MMA\u201d, cont\u00f3 con visible entusiasmo.<\/p>\n<p>Si bien sus resultados en la <strong>categor\u00eda pluma<\/strong> (hasta 66 kilos) est\u00e1n siendo positivos, con un r\u00e9cord de 9-0, sabe que el empuj\u00f3n que le falta requiere viajar. \u201cEn el deporte, si no hay contactos, se hace dif\u00edcil. Llegar estando ac\u00e1, en un pa\u00eds tan chico, es<br \/>\ndif\u00edcil. La idea es estar all\u00e1 entrenando con peleadores top y ser m\u00e1s visible<br \/>\npara que las oportunidades lleguen\u201d, dijo.<\/p>\n<p>Convencido de ir a buscar esas chances, har\u00e1 una apuesta econ\u00f3mica para perseguir el sue\u00f1o. \u201cSi bien somos profesionales desde el hecho de ser aplicados, no se gana bien, tenemos muchos gastos y es muy exigente. Los gastos corren por cuenta de nosotros\u201d, coment\u00f3 el<br \/>\n<strong>Plena<\/strong>, quien partir\u00e1 con destino a <strong>Miami <\/strong>el pr\u00f3ximo 13 de setiembre.<\/p>\n<p>\t\t<img decoding=\"async\" itemprop=\"image\" src=\"https:\/\/www.europesays.com\/es\/wp-content\/uploads\/2025\/08\/929967.jpg\"  alt=\"Foto: Difusi\u00f3n Plena Pintos\"\/><\/p>\n<p class=\"caption\">Foto: Difusi\u00f3n Plena Pintos<\/p>\n<p>\u201cAhora me voy a costear todo yo. Tengo algunos sponsors que me van a ayudar, pero la idea es ir y arriesgar, pagar entrenamientos hasta que alguien me vea\u201d, relat\u00f3 <strong>Pintos<\/strong>, cuyo sustento econ\u00f3mico diario est\u00e1 vinculado directamente a su pasi\u00f3n, aunque desde el rol de<br \/>\nentrenador en el Diamond Project, m\u00e1s conocido como Team Plena.<\/p>\n<p>\u201cYo soy <strong>peleador profesional<\/strong>, pero no peleamos tan seguido como para estabilizarnos c\u00f3modamente y dedicarnos 100% a esto. Mi estabilidad me la dan las clases de combate. En mi <strong>gimnasio <\/strong>tengo un equipo de peleadores y damos clases de boxeo, K-1 y muay thai\u201d, cont\u00f3 Pintos,<br \/>\nquien se prepara para cada pelea con <strong>Agust\u00edn Zas<\/strong> en el Azeta Team.<\/p>\n<p>Hoy no tiene una pelea fijada como la pr\u00f3xima, porque el foco lo puso en el viaje y reconoce estar \u201cen la edad l\u00edmite para llegar a una buena franquicia, porque por lo general hasta los 39 a\u00f1os se puede pelear\u201d, m\u00e1s all\u00e1 de que \u201cdepende del rendimiento y el f\u00edsico de<br \/>\ncada uno\u201d, y \u00e9l se siente \u201cjoven y sin lesiones\u201d. Por tanto, cree que podr\u00e1 \u201cpelear<br \/>\nhasta los 38 a\u00f1os\u201d.<\/p>\n<p>Su \u00faltimo combate, ganado por nocaut ante el argentino <strong>Eduardo Cajal<\/strong> el pasado 17 de agosto, por el t\u00edtulo del <strong>Samurai Fight House<\/strong>, le dio el envi\u00f3n an\u00edmico que necesitaba antes de lanzarse por su sue\u00f1o. \u201cEs ahora, porque despu\u00e9s se va el tren. Ya tengo los<br \/>\npasajes y voy a <strong>Miami <\/strong>al menos tres o cuatro meses, lo que me permita la visa,<br \/>\npara crecer all\u00e1 y buscar alguna buena oportunidad\u201d, cont\u00f3 <strong>Gustavo Pintos<\/strong>,<br \/>\nquien mueve los pu\u00f1os a ritmo de plena y con ganas de m\u00e1s.<\/p>\n<p class=\"firma_periodista\"><img decoding=\"async\" src=\"https:\/\/www.europesays.com\/es\/wp-content\/uploads\/2025\/08\/722267.jpg\" class=\"autor\"\/> <strong>Por Jos\u00e9 Luis Calvete<\/strong><br \/><a class=\"mizq\" href=\"https:\/\/twitter.com\/joselocalvete\" target=\"_blank\" rel=\"nofollow noopener\">joselocalvete<\/a><\/p>\n<p itemprop=\"name\">F\u00fatbolUy &#8211; Montevideo Portal<\/p>\n<p>                                         <script async src=\"https:\/\/platform.twitter.com\/widgets.js\" charset=\"utf-8\"><\/script><\/p>\n","protected":false},"excerpt":{"rendered":"Por Jos\u00e9 Luis Calvetejoselocalvete Gustavo Pintos es uno de los tantos peleadores uruguayos que incursion\u00f3 en un deporte&hellip;\n","protected":false},"author":2,"featured_media":82180,"comment_status":"","ping_status":"","sticky":false,"template":"","format":"standard","meta":{"footnotes":""},"categories":[276],"tags":[168,25,24,23,167,343],"class_list":{"0":"post-82179","1":"post","2":"type-post","3":"status-publish","4":"format-standard","5":"has-post-thumbnail","7":"category-ufc","8":"tag-deportes","9":"tag-es","10":"tag-espana","11":"tag-spain","12":"tag-sports","13":"tag-ufc"},"share_on_mastodon":{"url":"","error":""},"_links":{"self":[{"href":"https:\/\/www.europesays.com\/es\/wp-json\/wp\/v2\/posts\/82179","targetHints":{"allow":["GET"]}}],"collection":[{"href":"https:\/\/www.europesays.com\/es\/wp-json\/wp\/v2\/posts"}],"about":[{"href":"https:\/\/www.europesays.com\/es\/wp-json\/wp\/v2\/types\/post"}],"author":[{"embeddable":true,"href":"https:\/\/www.europesays.com\/es\/wp-json\/wp\/v2\/users\/2"}],"replies":[{"embeddable":true,"href":"https:\/\/www.europesays.com\/es\/wp-json\/wp\/v2\/comments?post=82179"}],"version-history":[{"count":0,"href":"https:\/\/www.europesays.com\/es\/wp-json\/wp\/v2\/posts\/82179\/revisions"}],"wp:featuredmedia":[{"embeddable":true,"href":"https:\/\/www.europesays.com\/es\/wp-json\/wp\/v2\/media\/82180"}],"wp:attachment":[{"href":"https:\/\/www.europesays.com\/es\/wp-json\/wp\/v2\/media?parent=82179"}],"wp:term":[{"taxonomy":"category","embeddable":true,"href":"https:\/\/www.europesays.com\/es\/wp-json\/wp\/v2\/categories?post=82179"},{"taxonomy":"post_tag","embeddable":true,"href":"https:\/\/www.europesays.com\/es\/wp-json\/wp\/v2\/tags?post=82179"}],"curies":[{"name":"wp","href":"https:\/\/api.w.org\/{rel}","templated":true}]}}