{"id":82195,"date":"2025-08-30T13:17:09","date_gmt":"2025-08-30T13:17:09","guid":{"rendered":"https:\/\/www.europesays.com\/es\/82195\/"},"modified":"2025-08-30T13:17:09","modified_gmt":"2025-08-30T13:17:09","slug":"resena-de-libros-de-monika-kim-a-gabriela-mistral","status":"publish","type":"post","link":"https:\/\/www.europesays.com\/es\/82195\/","title":{"rendered":"Rese\u00f1a de libros: de Monika Kim a Gabriela Mistral"},"content":{"rendered":"<p><img alt=\"\" class=\"global-image\" decoding=\"async\"  src=\"https:\/\/www.europesays.com\/es\/wp-content\/uploads\/2025\/08\/72PMZSKSF5AAXERDVSWE63C4KI.jpg\"  fetchpriority=\"low\" loading=\"lazy\"\/>Los Ojos son la Mejor Parte, de Monika Kim (Seix Barral)<\/p>\n<p class=\"article-body__paragraph\">Todo comienza con una cena. Umma, la madre, ha preparado pescado. \u201cUmma dice que los ojos son la mejor parte\u201d, dice Ji-won, la narradora. Umma naci\u00f3 en Corea, en una familia muy pobre; ella dice que comer los ojos del pescado da buena suerte, y que ella lo necesita, sobre todo despu\u00e9s de que el padre se fue con otra mujer. Al principio Ji-won, la hija universitaria, siente escr\u00fapulos, pero ella quiere hacer sentir bien a su madre y decide probar. \u201cQu\u00e9 asco\u201d, dice Ji-yhun, la hermana menor Desconsolada por la partida de su esposo, tambi\u00e9n coreano, umma se refugia en George, un americano blanco, ex militar en cuya camioneta luce una pegatina: \u201cSoy republicano porque el Estado de bienestar no puede cubrirnos a todos\u201d. George es arrogante y Ji-won no lo soporta, sobre todo por sus miradas lascivas. De pronto Ji-won comienza a tener pesadillas con los ojos y cae en cuenta que los ojos azules del pescado son id\u00e9nticos a los aguados ojos azules de George. La novela gira entonces y adquiere la forma de un thriller inesperado, novedoso y sangriento. Un debut sorprendente.<\/p>\n<p><img alt=\"\" class=\"global-image\" decoding=\"async\"  src=\"https:\/\/www.europesays.com\/es\/wp-content\/uploads\/2025\/08\/HSQAVUV7UFCZFCDEJKSN2WTTVE.jpg\"  fetchpriority=\"low\" loading=\"lazy\"\/>\u4100\u6e00\u6100\u2002\u4700\u7200\u6900\uf100\uf300\u6e00 Fechas que Hicieron Historia, de Patrick Boucheron (Anagrama)<\/p>\n<p class=\"article-body__paragraph\">\u201cNo s\u00e9 qu\u00e9 es una fecha importante. Lo que s\u00ed s\u00e9 es lo que la memoria puede hacer de ella\u201d, dice Patrick Boucheron. Autor del bestseller Histoire mondiale de la France, Boucheron es un divulgador y renovador de la historia europea. Este volumen se basa en una serie documental que realiz\u00f3 para televisi\u00f3n. Desde las pinturas rupestres de la cueva de Lascaux, de 18 mil a\u00f1os, a la liberaci\u00f3n de Nelson Mandela en 1990, selecciona 30 hitos cargados de resonancias culturales y simb\u00f3licas. Para Boucheron, la historia puede leerse como un conjunto de islas secretamente conectadas. Y \u201cas\u00ed el descubrimiento de Lascaux nos habla de la historia contempor\u00e1nea y la liberaci\u00f3n de Mandela, de la largu\u00edsima historia de las colonizaciones\u201d. Recodar siempre es interpretar, dice. Entre otras fechas, su recorrido va desde el a\u00f1o 33 de nuestra era, la crucifixi\u00f3n de Jes\u00fas; el juicio de S\u00f3crates, en el 399 a.C.; 1492 y Col\u00f3n; Hiroshima, 1945, hasta el 11 de septiembre de 1973 en Chile, un hito a\u00fan cargado de dolor que nos sigue interrogando.<\/p>\n<p><img alt=\"\" class=\"global-image\" decoding=\"async\"  src=\"https:\/\/www.europesays.com\/es\/wp-content\/uploads\/2025\/08\/EKVAZ5BJVFF7RARLH57AN5SMGA.jpg\"  fetchpriority=\"low\" loading=\"lazy\"\/>Verso, Vida &amp; Viento, de \u00c1ngeles Quinteros y Rafael Gumucio (Hueders)<\/p>\n<p class=\"article-body__paragraph\">Naci\u00f3 en un peque\u00f1o pueblo rodeado por treinta cerros. Fue feliz corriendo entre ellos y cuando sali\u00f3 de Elqui, se llev\u00f3 consigo el amor a la tierra y una creatividad po\u00e9tica que se form\u00f3 en ese valle. \u00c1ngeles Quinteros y Rafael Gumucio convirtieron la biograf\u00eda de Gabriela Mistral en un atractivo y din\u00e1mico c\u00f3mic, que cuenta con notables ilustraciones de Rodrigo Elgueta. Desde sus amores y dolores, las dificultades que enfrent\u00f3, las amistades, los viajes, los libros, la tragedia de Yin-Yin hasta la obtenci\u00f3n del Nobel, los autores seleccionaron los aspectos m\u00e1s significativos de la vida de la poeta. Bas\u00e1ndose en sus poemas y textos, le dan voz a la Mistral y sus preocupaciones en torno a la ni\u00f1ez, la pobreza, su vocaci\u00f3n americanista, as\u00ed como a los convulsionados tiempos que vivi\u00f3, entre el surgimiento de los fascismos y la Segunda Guerra Mundial. Una poeta que recorri\u00f3 el mundo y cuya personalidad y destino \u201cqued\u00f3 para siempre decidido entre estos treinta cerros donde crec\u00ed\u201d.<\/p>\n","protected":false},"excerpt":{"rendered":"Los Ojos son la Mejor Parte, de Monika Kim (Seix Barral) Todo comienza con una cena. Umma, la&hellip;\n","protected":false},"author":2,"featured_media":82196,"comment_status":"","ping_status":"","sticky":false,"template":"","format":"standard","meta":{"footnotes":""},"categories":[172],"tags":[224,12327,146,147,25,24,31053,225,31052,31054,23],"class_list":{"0":"post-82195","1":"post","2":"type-post","3":"status-publish","4":"format-standard","5":"has-post-thumbnail","7":"category-libros","8":"tag-books","9":"tag-culto","10":"tag-entertainment","11":"tag-entretenimiento","12":"tag-es","13":"tag-espana","14":"tag-gabriela-mistral","15":"tag-libros","16":"tag-monika-kim","17":"tag-patrick-boucheron","18":"tag-spain"},"share_on_mastodon":{"url":"","error":""},"_links":{"self":[{"href":"https:\/\/www.europesays.com\/es\/wp-json\/wp\/v2\/posts\/82195","targetHints":{"allow":["GET"]}}],"collection":[{"href":"https:\/\/www.europesays.com\/es\/wp-json\/wp\/v2\/posts"}],"about":[{"href":"https:\/\/www.europesays.com\/es\/wp-json\/wp\/v2\/types\/post"}],"author":[{"embeddable":true,"href":"https:\/\/www.europesays.com\/es\/wp-json\/wp\/v2\/users\/2"}],"replies":[{"embeddable":true,"href":"https:\/\/www.europesays.com\/es\/wp-json\/wp\/v2\/comments?post=82195"}],"version-history":[{"count":0,"href":"https:\/\/www.europesays.com\/es\/wp-json\/wp\/v2\/posts\/82195\/revisions"}],"wp:featuredmedia":[{"embeddable":true,"href":"https:\/\/www.europesays.com\/es\/wp-json\/wp\/v2\/media\/82196"}],"wp:attachment":[{"href":"https:\/\/www.europesays.com\/es\/wp-json\/wp\/v2\/media?parent=82195"}],"wp:term":[{"taxonomy":"category","embeddable":true,"href":"https:\/\/www.europesays.com\/es\/wp-json\/wp\/v2\/categories?post=82195"},{"taxonomy":"post_tag","embeddable":true,"href":"https:\/\/www.europesays.com\/es\/wp-json\/wp\/v2\/tags?post=82195"}],"curies":[{"name":"wp","href":"https:\/\/api.w.org\/{rel}","templated":true}]}}