{"id":82310,"date":"2025-08-30T14:40:07","date_gmt":"2025-08-30T14:40:07","guid":{"rendered":"https:\/\/www.europesays.com\/es\/82310\/"},"modified":"2025-08-30T14:40:07","modified_gmt":"2025-08-30T14:40:07","slug":"imagenes-fotos-monzon-vibra-con-la-salida-de-la-octava-etapa-de-la-vuelta-heraldo-es","status":"publish","type":"post","link":"https:\/\/www.europesays.com\/es\/82310\/","title":{"rendered":"Im\u00e1genes: Fotos | Monz\u00f3n vibra con la salida de la octava etapa de la Vuelta &#8211; heraldo.es"},"content":{"rendered":"<ol>\n<li><a href=\"https:\/\/news.google.com\/rss\/articles\/CBMiuAFBVV95cUxOWk5QM2dhZ3VSTG82TTBxZzFjNTBDNzVTcThveXAxS180NGVvUjZoMWJQNDlYcjhGTlFlNXdYeGF5Z1B0OGVpaHpQVy04X2YxZGZmTVhDWmMtY051Yy1yMC0xd0U5NzFnX0xfNzI0Qm01YVA0bXlrMjVtT0MwZ0htY2NNZDZNR3IyR3pMRllFSC1ONWhfUjFDSGk1V2pGU243VURwLThMSndKREE1VFB4WUhzVzlZR3Vf?oc=5\" target=\"_blank\" rel=\"nofollow noopener\">Im\u00e1genes: Fotos | Monz\u00f3n vibra con la salida de la octava etapa de la Vuelta<\/a>&nbsp;&nbsp;heraldo.es<\/li>\n<li><a href=\"https:\/\/news.google.com\/rss\/articles\/CBMiwgFBVV95cUxQdDNaNWdmSzBzazdPOHBKcnhKUzl3SUhtRzVTWjM4YkQ1LVQ4RWU1WGU4bXBnQkt2cF84cXQtT08xNkxRaGNnakhxRm9hNE9kR01FVWdOQ0lDMlVBcDZBRXBXVDlWZEgxbnBJSkVBdmEtLWstMUZwQjBNTzZNeG85ZHdybTBSNlRwTzZvLWw5LUpKTEc3Ym5weXJaS1AyNW1wd1ZoQkNfaEgtMGZpMTVtTkNqRUpOanYxZy1nZE1pSlNSQdIB1gFBVV95cUxNNUVLN2htUGk4djNkdW52LWlUVXd0VGNRd1Z0N1Q5Wm53ZGNvRU5PSUJrWXNHbENLYXc1STdHMnJUR2hjTnVZZmdGUXFrMmtJal91ekEwNXhHalRDbFFxRmM5RU1IZXF4NVd6VHV5dkhobTU2LU9vSWZIdGU5cThaQ3Rqc0E1SEVVTXFPd2ZLMUFFOVR0Yl9iUVVzVXNFWENIcjktSE1ESXctVi1xcWFnUExpSkNvMU1nYnAyZXhua1lYSzdsSXBLUWFsNzRPTGtvaTdobERn?oc=5\" target=\"_blank\" rel=\"nofollow noopener\">Vuelta a Espa\u00f1a 2025 hoy, en directo: Etapa 8, en vivo online|Monz\u00f3n Templario- Zaragoza<\/a>&nbsp;&nbsp;Diario AS<\/li>\n<li><a href=\"https:\/\/news.google.com\/rss\/articles\/CBMisAFBVV95cUxORktXenBMSnJLa2Y3b3QyQWZValhjNDBtNWRwQXJ6S21lcFJuZFgzQWFyYWVLMnIyR09xWTMyT2JteDdIZVlIekpIQWk4U1FudHdXWEdJX3BMeERpSUtTRUNsR3cwZTJHUzFEYTlFUFVKNW9jZUJYM0VMRzJTeTJfTWIwMTZhZUcxUk81RnpsWWdnVXNMOVl1UVZpYzRsNTcwTHVPb3FoaDJSZkpWMnFNNtIBsAFBVV95cUxNR2ZLUlVTd2JDUElEMDg4c2FaR1BfeGFGS0NXSEJDU3M2S21xb3d3d3VQakhxM1RaX05lQW95Y1lfU1RXM29CcEQteW4ydGcwMjZVaGRuVXp6aHZLS2pLRmlzT2taWkJVamdDOC1YaDdPRXFzMmRLSk9lX1hSdFhXVUZER0JObnctTkpCV1dNSWIyM19yWkFMZUkxSzFjX05OVXQxc3hOd2FRUW5xMUw3WA?oc=5\" target=\"_blank\" rel=\"nofollow noopener\">Perfil, recorrido, hora y d\u00f3nde ver la Etapa 8 de la Vuelta a Espa\u00f1a entre Monz\u00f3n y Zaragoza<\/a>&nbsp;&nbsp;RTVE.es<\/li>\n<li><a href=\"https:\/\/news.google.com\/rss\/articles\/CBMiYkFVX3lxTFAwR1Nsc3dDSGdRN0tHWG5zODBzTFBjVHFvT1ZYOTFCYlRsUkRJN05VNWZIdlYzbzV6ZDBnMnVFcDFBR3VCdFU4cUU2WngwOG1Pdm9GdHNwY1plek9KR0szazZB?oc=5\" target=\"_blank\" rel=\"nofollow noopener\">Todo listo para recibir a la Vuelta en Zaragoza con un espectacular circuito que recorrer\u00e1 32 km antes de meta<\/a>&nbsp;&nbsp;Ayuntamiento de Zaragoza<\/li>\n<li><a href=\"https:\/\/news.google.com\/rss\/articles\/CBMi7gFBVV95cUxPbWVKZ0xyRUVUei1UZUlFQXZpa1UwOHhybXpuNEwyZXY1aDlGUVoxU2JPelI5MFliRGlaeVRkb2JlUDQtaFlMUi1Ea2pLU1BLTXFNenBYeHRvcVF1d0E3ckYybW1BNVNFM09Hd19Oc3FHY2tNaGpzb05MMUx0TGFFUjF0OEhRTlhGbmcxYnVLUEduaTN5akdiYl9iZ2pPQU1MMGp2eE5EUzBmQlZwZFN5X2Y3dFNCbXFlM2lhZ3kxdXo0MS11Yk1SS1NfSmw3SWZ2UnBEbHRmTlpucElkbnNySEYydXVKZURCMmpRQ3Bn0gHzAUFVX3lxTE1tMTc3NGItWjlhcU9RSU03Z0Q3T0Zma2kyaG5TcmNKZFlwMTdsU2lIandna3E0LXdWVkdGeVR1MDBzeUtDdHZUYUN0REdBNHFuc3AyN2ZSOFBoSE1BZVcxaTgxT2VwS2t2WGpKZmY0aDgyNmotdnhOQ2JzajZnRzVkLWRiZTFYelNUcWhjS0NyLUplVmtQMlpoVk50VFJrNmZTeTlQR0NJYXBjdnZWVE1BdkF1Z0JmV0dXb1Y1RzlFb0RGQjQwZUZTU2NLWUF2YloyOFFvMHJiWFhKOGNrVWplX25Xbm1NcWJQaF92Um5vWWJGSQ?oc=5\" target=\"_blank\" rel=\"nofollow noopener\">Chueca resalta que la capital aragonesa \u201ctiene un circuito urbano muy especial para mostrarse al mundo\u201d<\/a>&nbsp;&nbsp;La Vanguardia<\/li>\n<\/ol>\n","protected":false},"excerpt":{"rendered":"Im\u00e1genes: Fotos | Monz\u00f3n vibra con la salida de la octava etapa de la Vuelta&nbsp;&nbsp;heraldo.es Vuelta a Espa\u00f1a&hellip;\n","protected":false},"author":2,"featured_media":82311,"comment_status":"","ping_status":"","sticky":false,"template":"","format":"standard","meta":{"footnotes":""},"categories":[273],"tags":[313,312,168,25,24,314,29426,15406,1965,23,167,1357],"class_list":{"0":"post-82310","1":"post","2":"type-post","3":"status-publish","4":"format-standard","5":"has-post-thumbnail","7":"category-ciclismo","8":"tag-ciclismo","9":"tag-cycling","10":"tag-deportes","11":"tag-es","12":"tag-espana","13":"tag-etapa","14":"tag-monzon","15":"tag-octava","16":"tag-salida","17":"tag-spain","18":"tag-sports","19":"tag-vuelta"},"share_on_mastodon":{"url":"","error":""},"_links":{"self":[{"href":"https:\/\/www.europesays.com\/es\/wp-json\/wp\/v2\/posts\/82310","targetHints":{"allow":["GET"]}}],"collection":[{"href":"https:\/\/www.europesays.com\/es\/wp-json\/wp\/v2\/posts"}],"about":[{"href":"https:\/\/www.europesays.com\/es\/wp-json\/wp\/v2\/types\/post"}],"author":[{"embeddable":true,"href":"https:\/\/www.europesays.com\/es\/wp-json\/wp\/v2\/users\/2"}],"replies":[{"embeddable":true,"href":"https:\/\/www.europesays.com\/es\/wp-json\/wp\/v2\/comments?post=82310"}],"version-history":[{"count":0,"href":"https:\/\/www.europesays.com\/es\/wp-json\/wp\/v2\/posts\/82310\/revisions"}],"wp:featuredmedia":[{"embeddable":true,"href":"https:\/\/www.europesays.com\/es\/wp-json\/wp\/v2\/media\/82311"}],"wp:attachment":[{"href":"https:\/\/www.europesays.com\/es\/wp-json\/wp\/v2\/media?parent=82310"}],"wp:term":[{"taxonomy":"category","embeddable":true,"href":"https:\/\/www.europesays.com\/es\/wp-json\/wp\/v2\/categories?post=82310"},{"taxonomy":"post_tag","embeddable":true,"href":"https:\/\/www.europesays.com\/es\/wp-json\/wp\/v2\/tags?post=82310"}],"curies":[{"name":"wp","href":"https:\/\/api.w.org\/{rel}","templated":true}]}}