{"id":82343,"date":"2025-08-30T15:13:21","date_gmt":"2025-08-30T15:13:21","guid":{"rendered":"https:\/\/www.europesays.com\/es\/82343\/"},"modified":"2025-08-30T15:13:21","modified_gmt":"2025-08-30T15:13:21","slug":"mas-de-un-millon-de-personas-en-espana-toman-un-farmaco-contra-el-infarto-que-no-necesitan-la-voz-de-galicia","status":"publish","type":"post","link":"https:\/\/www.europesays.com\/es\/82343\/","title":{"rendered":"M\u00e1s de un mill\u00f3n de personas en Espa\u00f1a toman un f\u00e1rmaco contra el infarto que no necesitan &#8211; La Voz de Galicia"},"content":{"rendered":"<ol>\n<li><a href=\"https:\/\/news.google.com\/rss\/articles\/CBMi1wFBVV95cUxPQW5rSzRzYzdYcXBVazJVN1FQQVN4bXNHNGM3TURTc1F0YmlETW1uSXBZNzRGY2RmUkJrN1FWT0JWZmNLc1lPOFBhRTVwTVFQZC1vMVhBMG9rRWVKNm5sQ1lieUM4N0pQTlp3R1BUSEk4bldIV2U5V1pPaXplNzNRQ2pUNGdFRzM4ZHEzZTYzRFl2MjQtUDBTMV9JSnV0YUdIVlVmYS1IOUwwWW5sdEt1ZDNjaXhzdDQ0TG1lT0lKUU5NNXFLLWZZbzRqZHdkMTFOZHpLWmNORQ?oc=5\" target=\"_blank\" rel=\"nofollow noopener\">M\u00e1s de un mill\u00f3n de personas en Espa\u00f1a toman un f\u00e1rmaco contra el infarto que no necesitan<\/a>&nbsp;&nbsp;La Voz de Galicia<\/li>\n<li><a href=\"https:\/\/news.google.com\/rss\/articles\/CBMi5wFBVV95cUxNanJ5MG9tUTNBN2hHZFZ6dTBuQTYzRGhKUzJjWUFPbHhwNmQxNGlWenpYTzBmYlEtbThuTzktY3VKRlhGRkxQUFdpTHVnTnNpcVhFVlpWcklCal9hc09yaDdMZTFyVm5ObDJhUlVEQi1JM3pyVjBYaWI5bGVUYXlnVHNkekJWTWdWc3kzbEhIcXhiNFh3c1JRZEhPZWd5N1JDMHR0OEt5LXlCQ0RNejZlbl9EX1lmc1h4ZUZEMlhOZXR4VzNxNEcwMVc3Y2VXYTRoMnVaRVZIaWdjRUdoYVltb2RGZVAxTnc?oc=5\" target=\"_blank\" rel=\"nofollow noopener\">M\u00e1s de un mill\u00f3n de personas en Espa\u00f1a toman cada d\u00eda un tratamiento contra el infarto que no sirve para nada<\/a>&nbsp;&nbsp;EL PA\u00cdS<\/li>\n<li><a href=\"https:\/\/news.google.com\/rss\/articles\/CBMijgFBVV95cUxNT2RuQ1VlUkwyQ2JaTzhWeUVnRWZ2Mnoyb2NoZVFPbGlDa0paVmhvUlVreXZRdWlkaWY3QTlrY3J0ekJWMW5hQ2lRTWlYMWpqZ2FQOFdpLXlPeTdMQUpEQkNlZE0xNjU2R0RiVFM3V3pWZGd2SGZoSXJjM0xLWFpYRDFnaTJwN0xUZFZRaGpn0gGOAUFVX3lxTE9YbDBEc2k4Z014cFJFT1p0c3Z1YTliWFNySExsbVpNYlVTV0QwS0wzVlEzWEpaMkljelV1YVFPeVJSQll0V1dPT1ExaHlLM0xIaUtUb2Y4S3VZODhNQjJTQzR4Y1psSnpmRllaX3Q4YmluNl9IR2FDQllMbmd1bUNyZmxWT3VWeU94WDU1OWc?oc=5\" target=\"_blank\" rel=\"nofollow noopener\">Una investigaci\u00f3n espa\u00f1ola cambia la forma de tratar los infartos y desbanca una pr\u00e1ctica utilizada desde hace m\u00e1s de 40 a\u00f1os<\/a>&nbsp;&nbsp;El Mundo<\/li>\n<li><a href=\"https:\/\/news.google.com\/rss\/articles\/CBMiqgFBVV95cUxQU0F4TzVOck04QTZGOF9TcHpHX2Ntc0cwVFVjeXJZRjhJbEdOUndKWjM0UlpRMGFfU0h5Wlo0RzJIMno0QzNnR3kxXzZDQkJNLUNfY3REeG1iTmFLS1RySE44amdGY0VkcVA3eFlkQ2YzRG9NOS14V2dVU1FNUmRQZ3MzYmE4TkEzYlFfeW9zQllvOTFRcTZxOGJzQ1ZhYTJHdmFMR1J0cnVsZw?oc=5\" target=\"_blank\" rel=\"nofollow noopener\">Una investigaci\u00f3n espa\u00f1ola revoluciona el tratamiento del infarto y pone fin a una pr\u00e1ctica utilizada desde hace cuatro d\u00e9cadas<\/a>&nbsp;&nbsp;ABC<\/li>\n<li><a href=\"https:\/\/news.google.com\/rss\/articles\/CBMivgFBVV95cUxOSHozYldaaXhYU2w5bGpmdi04NTJaM0Z1TVpLOEtYaW5hQmN6WXVkZi12VjFROEpUNWllME5wR3lmR0MxcXk2UFRSaXVoeEM2Qkl6SGdIWDBFYndEQnpfNGwwb2gxNFV3S25hd3gzVWp2a0FCdlBqVG44UVl0ZGZRLUxUdXdycnVfT19pZ0dHYUNRbFdGNWlVTEM0czFiaDB2RUJnQU5BbWg2b1FTdWgzRS02NklDa0pKbXNZQVhB?oc=5\" target=\"_blank\" rel=\"nofollow noopener\">Un estudio revela que los tratamientos con betabloqueantes elevan el riesgo de muerte o reinfarto en las mujeres<\/a>&nbsp;&nbsp;RTVE.es<\/li>\n<\/ol>\n","protected":false},"excerpt":{"rendered":"M\u00e1s de un mill\u00f3n de personas en Espa\u00f1a toman un f\u00e1rmaco contra el infarto que no necesitan&nbsp;&nbsp;La Voz&hellip;\n","protected":false},"author":2,"featured_media":82344,"comment_status":"","ping_status":"","sticky":false,"template":"","format":"standard","meta":{"footnotes":""},"categories":[5],"tags":[17,18,25,24,13,14,11,10578,19,20,9,10,15,16,23,12,21,22],"class_list":{"0":"post-82343","1":"post","2":"type-post","3":"status-publish","4":"format-standard","5":"has-post-thumbnail","7":"category-titulares","8":"tag-breaking-news","9":"tag-breakingnews","10":"tag-es","11":"tag-espana","12":"tag-featured-news","13":"tag-featurednews","14":"tag-headlines","15":"tag-infarto","16":"tag-latest-news","17":"tag-latestnews","18":"tag-news","19":"tag-noticias","20":"tag-noticias-destacadas","21":"tag-noticiasdestacadas","22":"tag-spain","23":"tag-titulares","24":"tag-ultimas-noticias","25":"tag-ultimasnoticias"},"share_on_mastodon":{"url":"","error":""},"_links":{"self":[{"href":"https:\/\/www.europesays.com\/es\/wp-json\/wp\/v2\/posts\/82343","targetHints":{"allow":["GET"]}}],"collection":[{"href":"https:\/\/www.europesays.com\/es\/wp-json\/wp\/v2\/posts"}],"about":[{"href":"https:\/\/www.europesays.com\/es\/wp-json\/wp\/v2\/types\/post"}],"author":[{"embeddable":true,"href":"https:\/\/www.europesays.com\/es\/wp-json\/wp\/v2\/users\/2"}],"replies":[{"embeddable":true,"href":"https:\/\/www.europesays.com\/es\/wp-json\/wp\/v2\/comments?post=82343"}],"version-history":[{"count":0,"href":"https:\/\/www.europesays.com\/es\/wp-json\/wp\/v2\/posts\/82343\/revisions"}],"wp:featuredmedia":[{"embeddable":true,"href":"https:\/\/www.europesays.com\/es\/wp-json\/wp\/v2\/media\/82344"}],"wp:attachment":[{"href":"https:\/\/www.europesays.com\/es\/wp-json\/wp\/v2\/media?parent=82343"}],"wp:term":[{"taxonomy":"category","embeddable":true,"href":"https:\/\/www.europesays.com\/es\/wp-json\/wp\/v2\/categories?post=82343"},{"taxonomy":"post_tag","embeddable":true,"href":"https:\/\/www.europesays.com\/es\/wp-json\/wp\/v2\/tags?post=82343"}],"curies":[{"name":"wp","href":"https:\/\/api.w.org\/{rel}","templated":true}]}}