{"id":82356,"date":"2025-08-30T15:22:09","date_gmt":"2025-08-30T15:22:09","guid":{"rendered":"https:\/\/www.europesays.com\/es\/82356\/"},"modified":"2025-08-30T15:22:09","modified_gmt":"2025-08-30T15:22:09","slug":"pellegrini-aconseja-a-pablo-garcia","status":"publish","type":"post","link":"https:\/\/www.europesays.com\/es\/82356\/","title":{"rendered":"Pellegrini aconseja a Pablo Garc\u00eda"},"content":{"rendered":"<p><img decoding=\"async\" src=\"https:\/\/www.europesays.com\/es\/wp-content\/uploads\/2025\/08\/pablo-garcia-elche.jpg\" loading=\"lazy\" class=\"img-fluid w-100 mx-auto \" title=\"RAPID: Pablo Garc\u00eda, Elche.jpeg\" longdesc=\"data:text\/html;charset=utf-8;,%3C!DOCTYPE%20html%3E%3Chtml%3E%3Chead%3E%3Ctitle%3ERAPID: Pablo Garc\u00eda, Elche.jpeg%3C\/title%3E%3C\/head%3E%3Cbody%3E%3Cp%3EInserci\u00f3n R\u00e1pida: Pablo Garc\u00eda, Elche.jpeg%3C\/body%3E%3C\/html%3E\"\/>    <\/p>\n<tr wp_automatic_readability=\"2\">\n<td width=\"*\" wp_automatic_readability=\"4\">    <img decoding=\"async\" src=\"https:\/\/www.europesays.com\/es\/wp-content\/uploads\/2025\/08\/1756567329_581_avatar-md.jpg\" border=\"0\" class=\"d-none d-md-inline-block\" style=\"margin-right:10px;\" alt=\"Jos\u00e9 Antonio Jim\u00e9nez\" title=\"Jos\u00e9 Antonio Jim\u00e9nez\"\/><\/p>\n<p><strong style=\"color:#e43d30\">Jos\u00e9 Antonio Jim\u00e9nez<\/strong> <br \/>30\/08\/2025<\/p>\n<\/td>\n<\/tr>\n<p>No pod\u00eda ser de otra manera, <strong>Manuel Pellegrini tambi\u00e9n tuvo tiempo durante su rueda de prensa de este viernes de hablar del partido ante el Athletic<\/strong> y de valorar la posibilidad de que a su tropa le pase factura el gasto del encuentro del pasado mi\u00e9rcoles ante el Celta de Vigo en tierras gallegas.<\/p>\n<p>\u00abVamos a ver ma\u00f1ana el once inicial, el partido con el Celta a mitad de semana estuvo de m\u00e1s, entre comillas, porque da ventaja a los otros equipos que jugaron tres partidos y no cuatro llegando de pretemporada. <strong>Se adelant\u00f3 una fecha por la Europa League, para m\u00ed se tiene que adelantar la fecha completa para que no haya ventajas<\/strong>. Tres puntos son muy importantes en una temporada. Ya nos toc\u00f3 jugar y ahora hay que tratar de mantener el nivel ma\u00f1ana y no buscar excusas por jugar cuatro partidos, hay que salir a ganar y ojal\u00e1 lo logremos\u00bb, afirmaba sin esconder a rengl\u00f3n seguido que <strong>\u00abtodos los partidos son muy dif\u00edciles, es un rival de Champions League con jugadores muy desequilibrantes. Hay que salir a ganar, haciendo un partido completo de defensa a ataque\u00bb.<\/strong><\/p>\n<p>Relevante fueron sus palabras al ser cuestinado por el prometedor <strong>Pablo Garc\u00eda<\/strong>.\u00a0\u00abEs un jugador joven, <strong>debe mejorar en todas sus prestaciones<\/strong>. <strong>Le pega bien al bal\u00f3n, puede jugar en ambas bandas<\/strong>. No hay un problema de ubicaci\u00f3n, ir\u00e1 juntando sus condiciones t\u00e9cnicas y f\u00edsicas con experiencia que le haga mejorar su rendimiento con el paso de los partidos\u00bb, argumentaba sobre el canterano.<\/p>\n<p>Acababa hablando de lo beneficioso de un futbolista del perfil de <strong>Andr\u00e9s Guardado<\/strong> para un vestuario, que estos d\u00edas se deja ver en los entrenos de su exequipo. \u00abEse perfil de experiencia te lo da una carrera, como la suya. Tambi\u00e9n la carrera de Ricardo. Se llama jerarqu\u00eda. <strong>El papel que hac\u00eda Guardado es dif\u00edcil de reemplazar por su liderazgo en el vestuario\u00bb<\/strong>, rubricaba en relaci\u00f3n al mexicano.<\/p>\n","protected":false},"excerpt":{"rendered":"Jos\u00e9 Antonio Jim\u00e9nez 30\/08\/2025 No pod\u00eda ser de otra manera, Manuel Pellegrini tambi\u00e9n tuvo tiempo durante su rueda&hellip;\n","protected":false},"author":2,"featured_media":82357,"comment_status":"","ping_status":"","sticky":false,"template":"","format":"standard","meta":{"footnotes":""},"categories":[268],"tags":[291,168,25,24,280,282,10286,286,281,23,167],"class_list":{"0":"post-82356","1":"post","2":"type-post","3":"status-publish","4":"format-standard","5":"has-post-thumbnail","7":"category-futbol","8":"tag-betis","9":"tag-deportes","10":"tag-es","11":"tag-espana","12":"tag-football","13":"tag-futbol","14":"tag-real-betis","15":"tag-real-betis-balompie","16":"tag-soccer","17":"tag-spain","18":"tag-sports"},"share_on_mastodon":{"url":"","error":""},"_links":{"self":[{"href":"https:\/\/www.europesays.com\/es\/wp-json\/wp\/v2\/posts\/82356","targetHints":{"allow":["GET"]}}],"collection":[{"href":"https:\/\/www.europesays.com\/es\/wp-json\/wp\/v2\/posts"}],"about":[{"href":"https:\/\/www.europesays.com\/es\/wp-json\/wp\/v2\/types\/post"}],"author":[{"embeddable":true,"href":"https:\/\/www.europesays.com\/es\/wp-json\/wp\/v2\/users\/2"}],"replies":[{"embeddable":true,"href":"https:\/\/www.europesays.com\/es\/wp-json\/wp\/v2\/comments?post=82356"}],"version-history":[{"count":0,"href":"https:\/\/www.europesays.com\/es\/wp-json\/wp\/v2\/posts\/82356\/revisions"}],"wp:featuredmedia":[{"embeddable":true,"href":"https:\/\/www.europesays.com\/es\/wp-json\/wp\/v2\/media\/82357"}],"wp:attachment":[{"href":"https:\/\/www.europesays.com\/es\/wp-json\/wp\/v2\/media?parent=82356"}],"wp:term":[{"taxonomy":"category","embeddable":true,"href":"https:\/\/www.europesays.com\/es\/wp-json\/wp\/v2\/categories?post=82356"},{"taxonomy":"post_tag","embeddable":true,"href":"https:\/\/www.europesays.com\/es\/wp-json\/wp\/v2\/tags?post=82356"}],"curies":[{"name":"wp","href":"https:\/\/api.w.org\/{rel}","templated":true}]}}