{"id":82451,"date":"2025-08-30T16:42:29","date_gmt":"2025-08-30T16:42:29","guid":{"rendered":"https:\/\/www.europesays.com\/es\/82451\/"},"modified":"2025-08-30T16:42:29","modified_gmt":"2025-08-30T16:42:29","slug":"torrent-una-influencer-compra-el-palacete-mas-emblematico-del-centro-de-torrent","status":"publish","type":"post","link":"https:\/\/www.europesays.com\/es\/82451\/","title":{"rendered":"Torrent| Una influencer compra el palacete m\u00e1s emblem\u00e1tico del centro de Torrent"},"content":{"rendered":"<p class=\"ft-text ft-helper-closenews\">Uno de los palacetes m\u00e1s emblem\u00e1ticos del centro de <a class=\"ft-link ft-link--decoration\" href=\"https:\/\/www.levante-emv.com\/tags\/torrent\/\" target=\"_blank\" rel=\"nofollow noopener\">Torrent,<\/a> a escaso<strong>s 20 metros de la <\/strong><a class=\"ft-link ft-link--decoration\" href=\"https:\/\/www.levante-emv.com\/horta\/2024\/05\/07\/torrent-restaura-torre-abrirla-publico-101996576.html\" target=\"_blank\" rel=\"nofollow noopener\"><strong>Torre<\/strong><\/a><strong>,<\/strong> ya tiene due\u00f1a. Y no una cualquiera. Cristina Gilabert<strong>, una influencer con 2,9 millones de seguidores en su cuenta de Instagram,<\/strong> ha aprovechado precisamente esta red social para anunciar que ha adquirido el edificio conocido como<strong> C\u00e0 El Parat, en la plaza Colom 1.<\/strong> La compra de este inmueble, contemplado dentro del cat\u00e1logo de Protecciones de Torrent, se produjo en noviembre a trav\u00e9s de la empresa propiedad de la influencer, con sede en Alborache, destinada al asesoramiento nutricional, f\u00edsico y coaching deportivo.<a class=\"ft-link ft-link--decoration\" href=\"https:\/\/www.levante-emv.com\/horta\/2025\/08\/24\/patrimonio-peligro-torrent-casas-cascotes-120845980.html\" target=\"_blank\" rel=\"nofollow noopener\"> Esta joya patrimonial en peligro, <\/a>que desde el a\u00f1o pasado cuenta con una malla protectora para evitar la ca\u00edda de cascotes de su fachada, protegida, ser\u00e1 reformada po<strong>r el arquitecto Juanjo Rojo, de<\/strong><a class=\"ft-link ft-link--decoration\" href=\"https:\/\/basicfactorystudio.com\/?fbclid=PAZXh0bgNhZW0CMTEAAac6m_SIjQBn20_vq5OOEJKmLvQqyFjOABF5ZowKBuUEIxNh42DjDhD6o6u40A_aem_H59UikTj3mllyv72rqRt7A\" target=\"_blank\" rel=\"nofollow noopener\"><strong> Basic Factory Studio<\/strong><\/a><strong>, <\/strong>estudio de arquitectura y<strong> dise\u00f1o con sede en Murcia,\u00a0<\/strong>que lleva a cabo proyectos residenciales, culturales, corporativos y p\u00fablicos tanto a nivel nacional como internacional.<\/p>\n<p class=\"ft-text\">Fueron ellos dos, la conocida en redes como<strong> <\/strong><a class=\"ft-link ft-link--decoration\" href=\"https:\/\/www.instagram.com\/criscanaria\/\" target=\"_blank\" rel=\"nofollow noopener\"><strong>\u00ab@criscanaria5<\/strong><\/a><strong> y Juanjo Rojo<\/strong> los encargados de anunciar la adquisici\u00f3n en Instagram,con un v\u00eddeo delante del palacete. \u00abPor fin os puedo presentar a Juanjo Rojo, mi arquitecto de confianza, para anunciaros un s\u00faper proyecto, uno de los m\u00e1s grandes de mi vida. Estoy muy nerviosa por empezar y saber el paso a paso\u00bb. \u00abEs un proyecto, una cosa compleja que hay que ir paso a paso, porque hay que hablar con <strong>ayuntamiento, Generalitat, Patrimonio y tenemos una fachada protegida\u00bb, apuntaba Rojo.<\/strong><\/p>\n<p><img decoding=\"async\" src=\"https:\/\/www.europesays.com\/es\/wp-content\/uploads\/2025\/08\/9097b047-5eb2-4394-9108-e37aef9c6d98_alta-libre-aspect-ratio_default_0.jpg\" width=\"1200\" height=\"1089\" alt=\"Juanjo Rojo y Cristina Gilabert, arquitecto y propietaria de C\u00e0l PArat.\" class=\"ft-helper-img-rd\" loading=\"lazy\" hasdataaida=\"true\"\/><\/p>\n<p class=\"ft-helper-fontColor-quaternary ft-helper-fontSize-body-S ft-helper-spacer-t-xxs\">Juanjo Rojo y Cristina Gilabert, arquitecto y propietaria de C\u00e0l PArat.  \/ L-EMV<\/p>\n<p class=\"ft-text\">Precisamente Gilabert se\u00f1alaba que la fachada \u00abes algo de lo que yo me enamor\u00e9\u00bb, destacando en ella y que asegura que va a poner en valor, el retablo cer\u00e1mico eucar\u00edstico sobre la puerta de acceso a las plantas superiores, a la altura del primer piso, en \u00e9l que aparece representada una custodia con la frase<strong> \u00abAlavado sea el Sant\u00edsimo Sacramento\u00bb, <\/strong>que fue colocado en la edificaci\u00f3n en el momento de su construcci\u00f3n, hacia 1930, coincidiendo con un momento de gran fervor cat\u00f3lico en Torrent.\u00a0\u00abTenemos ah\u00ed una virgencita, que tambi\u00e9n est\u00e1 protegida -es un BRL-, y le voy a poner su buen enmarcado y sus lucecitas\u00bb, apuntaba la influencer.<\/p>\n<p>Inspirada en el Banco Urquijo de Madrid<\/p>\n<p class=\"ft-text\">C\u00e0 El Parat, tambi\u00e9n conocida como el Faro, esuna construcci\u00f3n de planta baja y dos alturas y cubierta plana, ubicada en la plaza Colom 1, en una de las esquinas m\u00e1s prominentes del entorno de protecci\u00f3n de la torre andalus\u00ed del <strong>siglo XI<\/strong>. Esta casa es de<strong> estilo tardoeclecticista <\/strong>neobarroco, el cual queda patente en sus frontones curvos con volutas, y tambi\u00e9n va acompa\u00f1ada de elementos decorativos Art D\u00e9co. La edificaci\u00f3n fue promovida hacia 1930 por el torrentino\u00a0<strong>Vicent Ros Paes,\u00a0<\/strong>casado con\u00a0<strong>Emilia Veguer Carratal\u00e1,\u00a0<\/strong>quien, tal como nos record\u00f3 su nieto, al quedar fascinado por un edificio de Madrid en una visita que hizo a aquella ciudad, encarg\u00f3 a un arquitecto o maestro de obras valenciano el dise\u00f1o de esta construcci\u00f3n, basada en la mencionada edificaci\u00f3n de la capital, para remodelar una casa anterior que ten\u00eda en este mismo lugar. El edificio concreto de Madrid que sirvi\u00f3 de modelo, podr\u00eda ser el antiguo<a class=\"ft-link ft-link--decoration\" href=\"https:\/\/www.levante-emv.com\/economia\/2010\/09\/24\/sabadell-muda-ex-sede-urquijo-13117480.html\" target=\"_blank\" rel=\"nofollow noopener\"><strong> Banco Urquijo <\/strong><\/a><strong>de la calle de Alcal\u00e1 47<\/strong>, actual sede de la CNMC, una obra que proyect\u00f3 en 1923 el arquitecto bilba\u00edno Ricardo Bastida, ya que a pesar de la diferencia de tama\u00f1o con el de Torrent, comparte con \u00e9ste ciertas caracter\u00edsticas y resulta similar en determinados elementos.<\/p>\n<p><img decoding=\"async\" src=\"https:\/\/www.europesays.com\/es\/wp-content\/uploads\/2025\/08\/3664df29-59af-4879-9bdc-f6904da44cba_alta-libre-aspect-ratio_default_0.jpg\" width=\"1200\" height=\"1438\" alt=\"El retablo cer\u00e1mica que figura sobre la puerta de C\u00e0l Parat.\" class=\"ft-helper-img-rd\" loading=\"lazy\" hasdataaida=\"true\"\/><\/p>\n<p class=\"ft-helper-fontColor-quaternary ft-helper-fontSize-body-S ft-helper-spacer-t-xxs\">El retablo cer\u00e1mico que figura sobre la puerta de C\u00e0l Parat.  \/ L-EMV<\/p>\n<p class=\"ft-text\">El resultado,\u00a0<strong>trasladado a la Pla\u00e7a de Torrent<\/strong>, fue un singular edificio sobre el cual estaba previsto disponer un remate superior con forma de faro, al estilo de los bloques de viviendas racionalistas de la Val\u00e8ncia de la \u00e9poca, pero que no se lleg\u00f3 a ejecutar y que es donde<strong>\u00a0se encuentra el origen de su nombre<\/strong>.<\/p>\n<p class=\"ft-text\">Cristina Gilabert es consciente de que se trata de un edificio especial, que requiere de <strong>una reforma importante, <\/strong>respetando los elementos de la fachada. \u00abPor eso he contado con Juanjo (Rojo), con una trayectoria incre\u00edble, con unos dise\u00f1os brutales, ya que yo no s\u00e9 ni por donde empezar. No tengo ni idea en este sector y por eso he contratado al mejor\u00bb, apuntaba.<\/p>\n<p>Arquitecto del Starlite de Marbella<\/p>\n<p class=\"ft-text\">Basic Factory Studio, tiene entre sus proyectos m\u00e1s destacados, la reforma del Club Na\u00fatico Lo Pag\u00e1n, de Murcia, donde tienen su sede, pero tambi\u00e9n es autor de proyectos tan novedosos como el festival de m\u00fasica<a class=\"ft-link ft-link--decoration\" href=\"https:\/\/www.levante-emv.com\/vida-y-estilo\/gente\/2025\/08\/05\/will-smith-apasionado-flamenco-sarao-marbella-120366719.html\" target=\"_blank\" rel=\"nofollow noopener\"><strong> Starlite Marbella<\/strong><\/a><strong> 2014 o el espacio de ocio nocturno Oh My Club en Madrid,<\/strong> todos de estilo vanguardista. Entre sus trabajos, sin embargo, no figura ninguna reforma de un elemento patrimonial como C\u00e0 El Parat, lo que sin duda supondr\u00e1 un reto tambi\u00e9n para los arquitectos murcianos.<\/p>\n<p><img decoding=\"async\" src=\"https:\/\/www.europesays.com\/es\/wp-content\/uploads\/2025\/08\/2cfb4664-bbc1-4b6b-ab12-9e1e4dd34bc4_alta-libre-aspect-ratio_default_0.jpg\" width=\"1200\" height=\"1971\" alt=\"Con la malla para proteger la fachada.\" class=\"ft-helper-img-rd\" loading=\"lazy\" hasdataaida=\"true\"\/><\/p>\n<p class=\"ft-helper-fontColor-quaternary ft-helper-fontSize-body-S ft-helper-spacer-t-xxs\">Con la malla para proteger la fachada.  \/ Tom\u00e1s Rosell\u00f3<\/p>\n<p>Se dio a conocer en 2020 en televisi\u00f3n<\/p>\n<p class=\"ft-text\">En cuanta Cristina Gilabert, es natural de <strong>Fuerteventura,<\/strong> estudi\u00f3 auxiliar de enfermer\u00eda y est\u00e9tica y tiene una cl\u00ednica de belleza en Valencia, ciudad a l<strong>a que se mud\u00f3 con 17 a\u00f1os. <\/strong>En 2020 salt\u00f3 a la palestra por ser novia de un concursante de Ferre, participante del reality televisivo <strong>Supervivientes.<\/strong> La pareja despu\u00e9s particip\u00f3 en otro reality,<a class=\"ft-link ft-link--decoration\" href=\"https:\/\/www.levante-emv.com\/ocio\/tv\/2020\/11\/30\/aurah-ruiz-nueva-concursante-casa-25760968.html\" target=\"_blank\" rel=\"nofollow noopener\"> La Casa Fuerte,<\/a> pero poco despu\u00e9s rompieron su relaci\u00f3n. Desde entonces la modelo canaria, se ha mantenido alejada de los medios de comunicaci\u00f3n y muy centrada en su carrera como<strong>\u00a0influencer en redes sociales.\u00a0<\/strong>Actualmente compatibiliza su faceta de empresaria con la de modelo fitness, haciendo hincapi\u00e9 en los trabajos de gl\u00fateos y que la han hecho incluso cruzar el charco hasta <strong>M\u00e9xico.<\/strong><\/p>\n<p data-close=\"closedContent\" class=\"subscribeHideForDisplay\">Suscr\u00edbete para seguir leyendo<\/p>\n<p><script async src=\"\/\/www.instagram.com\/embed.js\"><\/script><\/p>\n","protected":false},"excerpt":{"rendered":"Uno de los palacetes m\u00e1s emblem\u00e1ticos del centro de Torrent, a escasos 20 metros de la Torre, ya&hellip;\n","protected":false},"author":2,"featured_media":82452,"comment_status":"","ping_status":"","sticky":false,"template":"","format":"standard","meta":{"footnotes":""},"categories":[91],"tags":[31121,385,6364,31122,146,147,25,24,31123,1397,23,5344],"class_list":{"0":"post-82451","1":"post","2":"type-post","3":"status-publish","4":"format-standard","5":"has-post-thumbnail","7":"category-entretenimiento","8":"tag-ca-el-parat","9":"tag-casa","10":"tag-compra","11":"tag-cristina-gilbert","12":"tag-entertainment","13":"tag-entretenimiento","14":"tag-es","15":"tag-espana","16":"tag-palacete","17":"tag-patrimonio","18":"tag-spain","19":"tag-torre"},"share_on_mastodon":{"url":"","error":""},"_links":{"self":[{"href":"https:\/\/www.europesays.com\/es\/wp-json\/wp\/v2\/posts\/82451","targetHints":{"allow":["GET"]}}],"collection":[{"href":"https:\/\/www.europesays.com\/es\/wp-json\/wp\/v2\/posts"}],"about":[{"href":"https:\/\/www.europesays.com\/es\/wp-json\/wp\/v2\/types\/post"}],"author":[{"embeddable":true,"href":"https:\/\/www.europesays.com\/es\/wp-json\/wp\/v2\/users\/2"}],"replies":[{"embeddable":true,"href":"https:\/\/www.europesays.com\/es\/wp-json\/wp\/v2\/comments?post=82451"}],"version-history":[{"count":0,"href":"https:\/\/www.europesays.com\/es\/wp-json\/wp\/v2\/posts\/82451\/revisions"}],"wp:featuredmedia":[{"embeddable":true,"href":"https:\/\/www.europesays.com\/es\/wp-json\/wp\/v2\/media\/82452"}],"wp:attachment":[{"href":"https:\/\/www.europesays.com\/es\/wp-json\/wp\/v2\/media?parent=82451"}],"wp:term":[{"taxonomy":"category","embeddable":true,"href":"https:\/\/www.europesays.com\/es\/wp-json\/wp\/v2\/categories?post=82451"},{"taxonomy":"post_tag","embeddable":true,"href":"https:\/\/www.europesays.com\/es\/wp-json\/wp\/v2\/tags?post=82451"}],"curies":[{"name":"wp","href":"https:\/\/api.w.org\/{rel}","templated":true}]}}