{"id":82481,"date":"2025-08-30T16:59:09","date_gmt":"2025-08-30T16:59:09","guid":{"rendered":"https:\/\/www.europesays.com\/es\/82481\/"},"modified":"2025-08-30T16:59:09","modified_gmt":"2025-08-30T16:59:09","slug":"breve-historia-de-la-oscuridad-un-libro-para-volver-a-los-cines","status":"publish","type":"post","link":"https:\/\/www.europesays.com\/es\/82481\/","title":{"rendered":"Breve historia de la oscuridad: un libro para volver a los cines"},"content":{"rendered":"<p>Breve historia de la oscuridad, el libro de Vicente Monroy (Toledo, 35 a\u00f1os), abre con dos citas. Una es de Kafka: \u201cCon una luz cegadora se puede disolver el mundo\u201d. La otra es del cineasta chileno Ra\u00fal Ruiz: \u201c\u00a1Luz, m\u00e1s luz!, dijo Goethe en su lecho de muerte. Menos luz, menos luz, repet\u00eda Orson Welles en un plat\u00f3 de cine la \u00fanica vez que lo vi. En el cine actual (y en el mundo) hay demasiada luz. Es hora de volver a las tinieblas, as\u00ed que \u00a1media vuelta y a las cavernas!\u201d<\/p>\n<p>        <a href=\"https:\/\/www.rionegro.com.ar\/lecton\/resena-el-pequeno-gatsby-los-apuntes-imprescindibles-de-rodrigo-fresan-sobre-el-gran-clasico-de-la-literatura\/\" title=\"Rese\u00f1a: \u00abEl peque\u00f1o Gatsby\u00bb, los apuntes imprescindibles de Rodrigo Fres\u00e1n sobre el gran cl\u00e1sico de la literatura\" class=\"recomendation__link\" rel=\"nofollow noopener\" target=\"_blank\"><br \/>\n            <img decoding=\"async\" src=\"https:\/\/www.europesays.com\/es\/wp-content\/uploads\/2025\/08\/rodrigo-fresan.jpg\" alt=\"Imagen de Rese\u00f1a: \u00abEl peque\u00f1o Gatsby\u00bb, los apuntes imprescindibles de Rodrigo Fres\u00e1n sobre el gran cl\u00e1sico de la literatura\" loading=\"lazy\"\/><br \/>\n                    <\/a><\/p>\n<p>El libro, editado en la colecci\u00f3n Nuevos Cuadernos Anagrama es peque\u00f1o, de apenas 95 p\u00e1ginas, pero tiene tantas ideas, an\u00e1lisis, an\u00e9cdotas, historias y disparadores que es, como los buenos libros, un aperitivo: despierta el hambre y la curiosidad.<\/p>\n<p>La arquitectura es un dato fundamental del libro. Frente a la historia moderna del cristal, que parece obsesionada con sus construcciones transparentes, Monroy reivindica los espacios oscuros como lugares de resistencia. Las salas de cine, dice, fueron durante d\u00e9cadas n\u00facleos de sombra en el centro de las ciudades, refugios donde se gestaban memorias \u00edntimas y colectivas. Monroy habla de la arquitectura de esos espacios -las salas de cine- que ahora nos parecen naturales aunque cada vez haya menos, pero que debieron concebirse muy especialmente para que sean como son, para que una pantalla proyecte la luz, para que muchos espectadores se sientan atrapados por lo que ocurre y se cuenta all\u00ed.<\/p>\n<p>Y a\u00fan as\u00ed, no hay nostalgia. Monroy evita idealizar los palacios cinematogr\u00e1ficos del siglo XX y se concentra en lo que est\u00e1 en juego: la desaparici\u00f3n de los espacios de encuentro, la fragmentaci\u00f3n de la atenci\u00f3n, la conversi\u00f3n del cine en flujo publicitario.  \u201cConsumimos m\u00e1s flujo visual que nunca, pero menos im\u00e1genes que nunca\u201d, advierte, se\u00f1alando que la memoria se construye en la penumbra, no en la sobreexposici\u00f3n.<\/p>\n<p><img fetchpriority=\"high\" decoding=\"async\" height=\"720\" width=\"432\" src=\"https:\/\/www.europesays.com\/es\/wp-content\/uploads\/2025\/08\/dc58d8159c3b7c2e89eae2596f2b53460049b1e4_bdc717.jpg\" alt=\"\" class=\"wp-image-4272335\"  \/><\/p>\n<p>Monroy habla del cine, pero no enumera directores o pel\u00edculas; hace foco en esa relaci\u00f3n \u00fanica que se establece entre las pel\u00edculas y los que asisten a una funci\u00f3n. Habla del espectador. \u201cRealmente, lo importante del cine es el espectador. Creo que el problema que tiene el cine contempor\u00e1neo, tanto el cine industrial como el cine de autor, todos los cines, es que han perdido de vista al espectador. El cine est\u00e1 perdiendo la dimensi\u00f3n humana y creo que es fundamental recuperar eso. Es fundamental luchar por recuperarlo. Yo abogo por un cine que tenga en cuenta siempre la dimensi\u00f3n humana. Que est\u00e9 hecho a la altura, si puede ser grabado a la altura de los ojos, mejor, que tenga en cuenta cu\u00e1les son nuestros espacios, nuestra manera de vivir y nuestra forma de vivir. Y claro, la sala de cine es un espacio que est\u00e1 totalmente dise\u00f1ado y perfeccionado para adaptarse al cuerpo humano, para adaptarse a la sensibilidad humana. Esa oscuridad que parece que nos abraza, que nos toca, ese sonido que nos envuelve, esa manera que tienen las salas de cine de seducirnos\u201d, dice durante la entrevista.<\/p>\n<p>Como escribe en uno de los cap\u00edtulos: \u201cLos cin\u00e9filos de todas las \u00e9pocas han compartido el placer de perderse en la oscuridad para evadirse durante un par de horas de los escenarios de su vida cotidiana. Mientras los grandes cineastas buscaban desarrollar un lenguaje capaz de conquistar a los p\u00fablicos de todo el mundo, un esperanto universal, las salas tambi\u00e9n aspiraban a su propia universalidad: en Los \u00c1ngeles o Katmand\u00fa, aquel que se sentaba en una butaca abandonaba su gris realidad para convertirse en ciudadano de un quim\u00e9rico pa\u00eds de tinieblas (\u2026) un lugar para todos aquellos que buscaban en palabras de Alexandre Kluge, \u201cuna patria fuera de lo real\u201d (\u2026)<\/p>\n<p>        <a href=\"https:\/\/www.rionegro.com.ar\/lecton\/hinde-pomeraniec-ver-y-leer-para-contarla\/\" title=\"Hinde Pomeraniec: ver y leer para contarla\" class=\"recomendation__link\" rel=\"nofollow noopener\" target=\"_blank\"><br \/>\n            <img decoding=\"async\" src=\"https:\/\/www.europesays.com\/es\/wp-content\/uploads\/2025\/08\/1756573149_662_0f8b5c92-e8f2-41e9-94fa-e91b8dd2de5d.jpg\" alt=\"Imagen de Hinde Pomeraniec: ver y leer para contarla\" loading=\"lazy\"\/><br \/>\n                    <\/a><\/p>\n<p>O como dice despu\u00e9s: \u201cRecordemos la necesidad de mantener territorios en sombras en nuestras vidas y nuestro derecho a cerrar los ojos. No para ignorar la realidad, sino para tomar distancia e imaginar otros mundos posibles\u201d.<\/p>\n<p>Lo dicho: el libro es peque\u00f1o. Pero deja ganas de volver al cine. De volver a sus tinieblas. \u00a1Media vuelta y a las cavernas!<\/p>\n<p>\t\t\t\t\t\t\t\t\t<br class=\"clear\"\/><\/p>\n","protected":false},"excerpt":{"rendered":"Breve historia de la oscuridad, el libro de Vicente Monroy (Toledo, 35 a\u00f1os), abre con dos citas. Una&hellip;\n","protected":false},"author":2,"featured_media":82482,"comment_status":"","ping_status":"","sticky":false,"template":"","format":"standard","meta":{"footnotes":""},"categories":[172],"tags":[224,177,146,147,25,24,225,671,23],"class_list":{"0":"post-82481","1":"post","2":"type-post","3":"status-publish","4":"format-standard","5":"has-post-thumbnail","7":"category-libros","8":"tag-books","9":"tag-cine","10":"tag-entertainment","11":"tag-entretenimiento","12":"tag-es","13":"tag-espana","14":"tag-libros","15":"tag-literatura","16":"tag-spain"},"share_on_mastodon":{"url":"","error":""},"_links":{"self":[{"href":"https:\/\/www.europesays.com\/es\/wp-json\/wp\/v2\/posts\/82481","targetHints":{"allow":["GET"]}}],"collection":[{"href":"https:\/\/www.europesays.com\/es\/wp-json\/wp\/v2\/posts"}],"about":[{"href":"https:\/\/www.europesays.com\/es\/wp-json\/wp\/v2\/types\/post"}],"author":[{"embeddable":true,"href":"https:\/\/www.europesays.com\/es\/wp-json\/wp\/v2\/users\/2"}],"replies":[{"embeddable":true,"href":"https:\/\/www.europesays.com\/es\/wp-json\/wp\/v2\/comments?post=82481"}],"version-history":[{"count":0,"href":"https:\/\/www.europesays.com\/es\/wp-json\/wp\/v2\/posts\/82481\/revisions"}],"wp:featuredmedia":[{"embeddable":true,"href":"https:\/\/www.europesays.com\/es\/wp-json\/wp\/v2\/media\/82482"}],"wp:attachment":[{"href":"https:\/\/www.europesays.com\/es\/wp-json\/wp\/v2\/media?parent=82481"}],"wp:term":[{"taxonomy":"category","embeddable":true,"href":"https:\/\/www.europesays.com\/es\/wp-json\/wp\/v2\/categories?post=82481"},{"taxonomy":"post_tag","embeddable":true,"href":"https:\/\/www.europesays.com\/es\/wp-json\/wp\/v2\/tags?post=82481"}],"curies":[{"name":"wp","href":"https:\/\/api.w.org\/{rel}","templated":true}]}}