{"id":82493,"date":"2025-08-30T17:05:08","date_gmt":"2025-08-30T17:05:08","guid":{"rendered":"https:\/\/www.europesays.com\/es\/82493\/"},"modified":"2025-08-30T17:05:08","modified_gmt":"2025-08-30T17:05:08","slug":"karla-sofia-gascon-en-el-festival-de-venecia-a-las-personas-trans-solo-nos-quieren-en-la-sombra-cultura","status":"publish","type":"post","link":"https:\/\/www.europesays.com\/es\/82493\/","title":{"rendered":"Karla Sof\u00eda Gasc\u00f3n, en el festival de Venecia: \u201cA las personas trans solo nos quieren en la sombra\u201d | Cultura"},"content":{"rendered":"<p class=\"\"><a href=\"https:\/\/elpais.com\/noticias\/karla-sofia-gascon\/\" target=\"_self\" rel=\"nofollow noopener\" title=\"https:\/\/elpais.com\/noticias\/karla-sofia-gascon\/\">Karla Sof\u00eda Gasc\u00f3n ya hab\u00eda estado en Venecia<\/a>, pero nunca en el festival de cine. \u201cEs una maravilla, incre\u00edble que me den un premio aqu\u00ed\u201d, apunt\u00f3 hoy s\u00e1bado justo antes de entrar a la sala donde se presentaban ella y los otros ganadores de los Kin\u00e9o. Un galard\u00f3n no organizado por la Mostra. <a href=\"https:\/\/elpais.com\/cultura\/cine\/2025-08-29\/karla-sofia-gascon-recogera-un-premio-en-venecia-en-paralelo-al-festival-de-cine.html\" target=\"_blank\" rel=\"nofollow noopener\" title=\"https:\/\/elpais.com\/cultura\/cine\/2025-08-29\/karla-sofia-gascon-recogera-un-premio-en-venecia-en-paralelo-al-festival-de-cine.html\">Pero entregado en el coraz\u00f3n del festival de cine m\u00e1s antiguo del mundo<\/a>. Y despu\u00e9s del a\u00f1o alucinante que ha vivido la int\u00e9rprete, con un doble salto: al estrellato, y luego, hasta el fondo del pozo y el ostracismo. \u201cObviamente ha sido todo un show para sacar a una persona. Las personas trans no podemos ser un ejemplo para los hijos de nadie, as\u00ed que ten\u00edan que sacar de alguna manera porque solo nos quieren en la sombra\u201d, agreg\u00f3 en Venecia. <\/p>\n<p>M\u00e1s informaci\u00f3n<\/p>\n<p class=\"\">As\u00ed que la actriz de Alcobendas suma otro cap\u00edtulo in\u00e9dito a una vida llena de cambios. En el \u00faltimo a\u00f1o, han incluso acelerado. Primero, encarn\u00f3 a un narcotraficante que emprende una transici\u00f3n de g\u00e9nero, <a href=\"https:\/\/elpais.com\/cultura\/2024-12-05\/emilia-perez-un-delirio-con-momentos-de-talento-de-jacques-audiard.html\" target=\"_blank\" rel=\"nofollow noopener\" title=\"https:\/\/elpais.com\/cultura\/2024-12-05\/emilia-perez-un-delirio-con-momentos-de-talento-de-jacques-audiard.html\">como la que ella misma afront\u00f3, en Emilia P\u00e9rez<\/a>, de Jacques Audiard. Recibi\u00f3 una candidatura al Oscar por su trabajo, segunda int\u00e9rprete espa\u00f1ola en la historia, despu\u00e9s de su conciudadana Pen\u00e9lope Cruz. Pero, luego, reaparecieron unos viejos mensajes ofensivos y racistas de sus redes sociales. De inmediato, se convirti\u00f3 en persona non grata para medio mundo del cine. Hasta el equipo del filme le dio la espalda, entre otros muchos. <a href=\"https:\/\/elpais.com\/cultura\/premios-oscar\/2025-03-03\/karla-sofia-gascon-y-la-noche-que-no-fue-los-oscar-ponen-el-agrio-punto-final-al-cuento-de-hadas.html\" target=\"_blank\" rel=\"nofollow noopener\" title=\"https:\/\/elpais.com\/cultura\/premios-oscar\/2025-03-03\/karla-sofia-gascon-y-la-noche-que-no-fue-los-oscar-ponen-el-agrio-punto-final-al-cuento-de-hadas.html\">A punto estuvo de no poder acudir a la gala de los Oscar donde era nominada<\/a>. \u201cUna pel\u00edcula en espa\u00f1ol extranjera, con un personaje de un narcotraficante que se cambia de sexo, interpretado por una actriz trans, que pod\u00eda ganar el Oscar. Nadie lo quer\u00eda\u201d, reflexionaba hoy Gasc\u00f3n. <\/p>\n<p class=\"\">Hollywood suele adorar las historias de ascenso y ca\u00edda pero esta le gust\u00f3 menos. Los mensajes de la actriz criticaban el islam o George Floyd, un hombre fallecido a manos de la polic\u00eda <a href=\"https:\/\/elpais.com\/noticias\/movimiento-black-lives-matter\/\" target=\"_blank\" rel=\"nofollow noopener\" title=\"https:\/\/elpais.com\/noticias\/movimiento-black-lives-matter\/\">cuya muerte dio comienzo al movimiento Black Lives Matter<\/a>. La int\u00e9rprete ha pedido perd\u00f3n en varias ocasiones aunque, a la vez, nunca ha asumido como propios esos mensajes. Finalmente, en todo caso, Gasc\u00f3n fue perdonada y poco a poco est\u00e1 volviendo a la normalidad. Otra distinta, eso s\u00ed, la de ser famosa. Ha rodado el w\u00e9stern Trinidad, de Paz Vega; y participar\u00e1 en Las malas, adaptaci\u00f3n del c\u00e9lebre libro de Camila Sosa, donde interpretar\u00e1 el papel central de Encarna. Y de recoger el premio Kin\u00e9o. <\/p>\n<p>M\u00e1s informaci\u00f3n<\/p>\n<p class=\"\">La propia web de los galardones los define como un \u201cevento especial colateral\u201d al festival: no pertenecen a ninguna de sus secciones oficiales, o paralelas. La int\u00e9rprete, premiada como mejor actriz internacional, figura entre los 18 ganadores, <a href=\"https:\/\/elpais.com\/cultura\/2024-12-20\/conclave-la-intriga-funciona-pero-el-final-es-un-disparate.html\" rel=\"nofollow noopener\" title=\"https:\/\/elpais.com\/cultura\/2024-12-20\/conclave-la-intriga-funciona-pero-el-final-es-un-disparate.html\" target=\"_blank\">junto al filme C\u00f3nclave, de Edward Berger<\/a>, entre otros. Son otorgados por la asociaci\u00f3n cultural sin \u00e1nimo de lucro hom\u00f3nima. Fundada en 2002, con la misi\u00f3n de promover el cine italiano, cre\u00f3 unos reconocimientos \u201cque dieran voz al p\u00fablico de las salas cinematogr\u00e1ficas, determinantes para la vida de la industria del sector, del ejercicio y, por tanto, de la vida del cine\u201d, seg\u00fan su web. Ese mismo a\u00f1o, en Venecia, se present\u00f3 la primera edici\u00f3n de los galardones, celebrada en 2003. <\/p>\n<p class=\"\">La gala de esta noche premiar\u00e1 a la actriz espa\u00f1ola. Aunque no es su primer reconocimiento tras el esc\u00e1ndalo: <a href=\"https:\/\/elpais.com\/cultura\/2025-03-10\/karla-sofia-gascon-recibe-un-premio-de-la-union-de-actores-y-actrices-en-su-reaparicion-en-espana-tras-la-polemica.html\" target=\"_blank\" rel=\"nofollow noopener\" title=\"https:\/\/elpais.com\/cultura\/2025-03-10\/karla-sofia-gascon-recibe-un-premio-de-la-union-de-actores-y-actrices-en-su-reaparicion-en-espana-tras-la-polemica.html\">en marzo ya fue galardonada por la Uni\u00f3n de Actores y Actrices<\/a>. \u201cLo que me da rabia es que el arte tiene que condenar las barbaridades que ocurren en el mundo y estar muy implicados en la pol\u00edtica. Pero cuando la pol\u00edtica se mete en el arte, ah\u00ed es cuando vamos mal. Hay mucha gente empe\u00f1ada en decirnos lo que se puede o no hacer, los artistas que son v\u00e1lidos o no, lo que es v\u00e1lido en general, y corremos un peligro muy grande\u201d, se\u00f1al\u00f3 en Venecia Gasc\u00f3n. <\/p>\n<p class=\"\">De paso, la actriz ha aprovechado su paso por Italia para entrevistarse con los medios locales. Y ha dejado su lista de directores con los que le encantar\u00eda trabajar: Almod\u00f3var, Tarantino, Spielberg, Garrone, Sorrentino o Villeneuve. Nada mal, est\u00e1 claro que a la espa\u00f1ola no le falta ambici\u00f3n. Avisados quedan los cineastas. <\/p>\n","protected":false},"excerpt":{"rendered":"Karla Sof\u00eda Gasc\u00f3n ya hab\u00eda estado en Venecia, pero nunca en el festival de cine. \u201cEs una maravilla,&hellip;\n","protected":false},"author":2,"featured_media":82494,"comment_status":"","ping_status":"","sticky":false,"template":"","format":"standard","meta":{"footnotes":""},"categories":[91],"tags":[1014,177,209,146,147,25,24,14652,30785,753,644,23],"class_list":{"0":"post-82493","1":"post","2":"type-post","3":"status-publish","4":"format-standard","5":"has-post-thumbnail","7":"category-entretenimiento","8":"tag-actores","9":"tag-cine","10":"tag-cultura","11":"tag-entertainment","12":"tag-entretenimiento","13":"tag-es","14":"tag-espana","15":"tag-festival-venecia","16":"tag-karla-sofia-gascon","17":"tag-peliculas","18":"tag-polemicas","19":"tag-spain"},"share_on_mastodon":{"url":"","error":""},"_links":{"self":[{"href":"https:\/\/www.europesays.com\/es\/wp-json\/wp\/v2\/posts\/82493","targetHints":{"allow":["GET"]}}],"collection":[{"href":"https:\/\/www.europesays.com\/es\/wp-json\/wp\/v2\/posts"}],"about":[{"href":"https:\/\/www.europesays.com\/es\/wp-json\/wp\/v2\/types\/post"}],"author":[{"embeddable":true,"href":"https:\/\/www.europesays.com\/es\/wp-json\/wp\/v2\/users\/2"}],"replies":[{"embeddable":true,"href":"https:\/\/www.europesays.com\/es\/wp-json\/wp\/v2\/comments?post=82493"}],"version-history":[{"count":0,"href":"https:\/\/www.europesays.com\/es\/wp-json\/wp\/v2\/posts\/82493\/revisions"}],"wp:featuredmedia":[{"embeddable":true,"href":"https:\/\/www.europesays.com\/es\/wp-json\/wp\/v2\/media\/82494"}],"wp:attachment":[{"href":"https:\/\/www.europesays.com\/es\/wp-json\/wp\/v2\/media?parent=82493"}],"wp:term":[{"taxonomy":"category","embeddable":true,"href":"https:\/\/www.europesays.com\/es\/wp-json\/wp\/v2\/categories?post=82493"},{"taxonomy":"post_tag","embeddable":true,"href":"https:\/\/www.europesays.com\/es\/wp-json\/wp\/v2\/tags?post=82493"}],"curies":[{"name":"wp","href":"https:\/\/api.w.org\/{rel}","templated":true}]}}