{"id":82517,"date":"2025-08-30T17:21:08","date_gmt":"2025-08-30T17:21:08","guid":{"rendered":"https:\/\/www.europesays.com\/es\/82517\/"},"modified":"2025-08-30T17:21:08","modified_gmt":"2025-08-30T17:21:08","slug":"antonio-lopez-ensalza-a-frida-kahlo-a-traves-de-la-obra-de-rosana-largo","status":"publish","type":"post","link":"https:\/\/www.europesays.com\/es\/82517\/","title":{"rendered":"Antonio L\u00f3pez ensalza a Frida Kahlo a trav\u00e9s de la obra de Rosana Largo"},"content":{"rendered":"<p><a class=\"v-mdl-ath__fig-a\" href=\"https:\/\/www.elnortedecastilla.es\/autor\/esther-bengoechea-836.html\" title=\"Esther Bengoechea\" rel=\"nofollow noopener\" target=\"_blank\"><br \/>\n<img decoding=\"async\" class=\"v-mdl-ath__img\" src=\"https:\/\/www.europesays.com\/es\/wp-content\/uploads\/2025\/08\/autor-836-foto-1.jpeg\" alt=\"Esther Bengoechea\"\/><br \/>\n<\/a><\/p>\n<p class=\"v-mdl-ath__p v-mdl-ath__p--6\">\nS\u00e1bado, 30 de agosto 2025, 09:51<\/p>\n<p class=\"v-p\">Lienzos, caballetes, pinceles y colores. Paredes de Nava se ha convertido en el epicentro del arte, de la pintura, <a href=\"https:\/\/www.elnortedecastilla.es\/palencia\/maestro-antonio-lopez-llena-inspiracion-paredes-nava-20250828074128-nt.html\" title=\"www.elnortedecastilla.es\" data-voc-vtm-id=\"in-text-traffic\" data-mrf-link=\"www.elnortedecastilla.es\" rel=\"nofollow noopener\" target=\"_blank\">de la mano de Antonio L\u00f3pez<\/a>, que ha dirigido, junto con Jorge Abbad y Jos\u00e9 Mar\u00eda Mezquita, los talleres de pintura de 55 artistas llegados desde Espa\u00f1a y tambi\u00e9n desde el extranjero. Y, como no pod\u00eda ser de otra manera, el pintor manchego hizo un hueco en su apretada y programada agenda para conocer a Rosana Largo y su obra, a pesar de que no formase parte del listado de artistas participantes. Aunque no pudo acercarse hasta el Museo de los Cuentos y la Ciencia, situado en la localidad parede\u00f1a, s\u00ed que pudo admirar en el centro de artes esc\u00e9nicas Jorge Manrique el cuadro &#8216;Viva la vida&#8217;, protagonizado por Frida Kalho, que recibi\u00f3 el premio Frida Kahlo en Mil\u00e1n en 2020. <\/p>\n<p class=\"v-p\">\u00abPrecioso\u00bb, repet\u00eda el artista realista, mientras observaba cada detalle, cada historia que bulle del rosto de la pintora mexicana a trav\u00e9s de los pinceles de Rosana Largo. Quiso destacar Antonio L\u00f3pez lo bien representada que estaba en el lienzo, adem\u00e1s de la gran creadora y mujer que fue Frida y, sobre todo, la visibilidad que lleg\u00f3 a tener, recordando a otras artistas que no tuvieron la misma suerte. \u00abSin duda, es una de las cr\u00edticas que siempre me llevar\u00e9 conmigo\u00bb, reconoc\u00eda Largo. <\/p>\n<p class=\"v-p\">Adem\u00e1s del cuadro surrealista de Frida, Antonio L\u00f3pez pudo admirar su obra en dos revistas, la Rivages Culturels, que patrocina el Ministerio de Cultura franc\u00e9s junto al Grand Palais, y en el bolet\u00edn de la Acaemia de las Artes &#8211; Ciencias &#8211; Letras de Par\u00eds, donde Rosana Largo posee la medalla de Platino.<\/p>\n<p class=\"v-p\">Adem\u00e1s de Frida, tuvieron tiempo para recordar a las cient\u00edficas olvidadas, que ya dio a conocer Rosana Largo en <a href=\"https:\/\/www.elnortedecastilla.es\/palencia\/\" target=\"_blank\" data-voc-vtm-id=\"in-text-traffic\" title=\"Palencia\" data-mrf-link=\"www.elnortedecastilla.es\" rel=\"nofollow noopener\">Palencia<\/a> en una exposici\u00f3n en el Lecr\u00e1c este mismo a\u00f1o, y a rememorar a los cl\u00e1sicos de la pintura. \u00abHe conocido su lado m\u00e1s humano y ha sido toda una lecci\u00f3n de vida estar con \u00e9l un ratito y estoy muy feliz\u00bb, resum\u00eda la artista vallisoletana de ascendencia palentina. <\/p>\n<p class=\"v-p\">La artista Rosana Largo tuvo tiempo de hablar con los artistas que participan en el taller de Antonio L\u00f3pez y admirar la obra que han creado durante estos d\u00edas de actividad con el genial pintor manchego. <\/p>\n<p>Comenta<\/p>\n<p>Reporta un error<\/p>\n","protected":false},"excerpt":{"rendered":"S\u00e1bado, 30 de agosto 2025, 09:51 Lienzos, caballetes, pinceles y colores. Paredes de Nava se ha convertido en&hellip;\n","protected":false},"author":2,"featured_media":82518,"comment_status":"","ping_status":"","sticky":false,"template":"","format":"standard","meta":{"footnotes":""},"categories":[173],"tags":[1247,229,233,231,230,232,234,10385,146,147,25,24,31130,31131,8918,7355,4125,31132,23,3230],"class_list":{"0":"post-82517","1":"post","2":"type-post","3":"status-publish","4":"format-standard","5":"has-post-thumbnail","7":"category-arte-y-diseno","8":"tag-antonio","9":"tag-arte","10":"tag-arte-y-diseno","11":"tag-arts","12":"tag-arts-and-design","13":"tag-design","14":"tag-diseno","15":"tag-ensalza","16":"tag-entertainment","17":"tag-entretenimiento","18":"tag-es","19":"tag-espana","20":"tag-frida","21":"tag-kahlo","22":"tag-largo","23":"tag-lopez","24":"tag-obra","25":"tag-rosana","26":"tag-spain","27":"tag-traves"},"share_on_mastodon":{"url":"","error":""},"_links":{"self":[{"href":"https:\/\/www.europesays.com\/es\/wp-json\/wp\/v2\/posts\/82517","targetHints":{"allow":["GET"]}}],"collection":[{"href":"https:\/\/www.europesays.com\/es\/wp-json\/wp\/v2\/posts"}],"about":[{"href":"https:\/\/www.europesays.com\/es\/wp-json\/wp\/v2\/types\/post"}],"author":[{"embeddable":true,"href":"https:\/\/www.europesays.com\/es\/wp-json\/wp\/v2\/users\/2"}],"replies":[{"embeddable":true,"href":"https:\/\/www.europesays.com\/es\/wp-json\/wp\/v2\/comments?post=82517"}],"version-history":[{"count":0,"href":"https:\/\/www.europesays.com\/es\/wp-json\/wp\/v2\/posts\/82517\/revisions"}],"wp:featuredmedia":[{"embeddable":true,"href":"https:\/\/www.europesays.com\/es\/wp-json\/wp\/v2\/media\/82518"}],"wp:attachment":[{"href":"https:\/\/www.europesays.com\/es\/wp-json\/wp\/v2\/media?parent=82517"}],"wp:term":[{"taxonomy":"category","embeddable":true,"href":"https:\/\/www.europesays.com\/es\/wp-json\/wp\/v2\/categories?post=82517"},{"taxonomy":"post_tag","embeddable":true,"href":"https:\/\/www.europesays.com\/es\/wp-json\/wp\/v2\/tags?post=82517"}],"curies":[{"name":"wp","href":"https:\/\/api.w.org\/{rel}","templated":true}]}}