{"id":82542,"date":"2025-08-30T17:40:10","date_gmt":"2025-08-30T17:40:10","guid":{"rendered":"https:\/\/www.europesays.com\/es\/82542\/"},"modified":"2025-08-30T17:40:10","modified_gmt":"2025-08-30T17:40:10","slug":"taller-de-revoleras-y-lecciones-de-toreo-en-las-fiestas-de-toro","status":"publish","type":"post","link":"https:\/\/www.europesays.com\/es\/82542\/","title":{"rendered":"Taller de revoleras y lecciones de toreo en las fiestas de Toro"},"content":{"rendered":"<p class=\"h3\">Carmen Toro<\/p>\n<p>                        Actualizado:<br \/>\n                        30\/08\/2025 18:01<\/p>\n<p>                    <a href=\"https:\/\/www.laopiniondezamora.es\/toro\/2025\/08\/30\/galeria-taller-revoleras-lecciones-toreo-121080280.html#foto=1\" class=\"button swiper-button-next\" id=\"swiperButtonNext\" rel=\"nofollow noopener\" target=\"_blank\">Ver galer\u00eda &gt;<\/a><\/p>\n<p class=\"h3\">\n                                            \u00abLa Ver\u00f3nica\u00bb fomenta la afici\u00f3n entre los m\u00e1s peque\u00f1os con un taller impartido por Mer Fidalgo, una clase pr\u00e1ctica sobre tauromaquia dirigida por el matador Ra\u00fal Alonso y el verm\u00fa musical de Rosi Crespo\n                                    <\/p>\n<p><a class=\"swiper-imagen\" href=\"https:\/\/www.laopiniondezamora.es\/toro\/2025\/08\/30\/galeria-taller-revoleras-lecciones-toreo-121080280.html#foto=2\" rel=\"nofollow noopener\" target=\"_blank\"><\/p>\n<p>                    <img loading=\"lazy\" decoding=\"async\" class=\"lazy-place\" src=\"data:image\/png;base64,iVBORw0KGgoAAAANSUhEUgAAAAEAAAABCAQAAAC1HAwCAAAAC0lEQVR42mNkYAAAAAYAAjCB0C8AAAAASUVORK5CYII=\" alt=\" \" height=\"720\" width=\"1600\" style=\" max-height: calc(100vh - 58px); height: 0; padding-top: 45%; \"\/><\/p>\n<p><\/a><br \/>\n                    GALER\u00cdA | Taller de revoleras y lecciones de toreo en las fiestas de Toro<\/p>\n<p class=\"swiper-slide__author\">Carmen Toro<\/p>\n<p class=\"swiper-slide__description\">\n                                                                        \u00abLa Ver\u00f3nica\u00bb fomenta la afici\u00f3n entre los m\u00e1s peque\u00f1os con un taller impartido por Mer Fidalgo, una clase pr\u00e1ctica sobre tauromaquia dirigida por el matador Ra\u00fal Alonso y el verm\u00fa musical de Rosi Crespo\n                                            <\/p>\n<p><a class=\"swiper-imagen\" href=\"https:\/\/www.laopiniondezamora.es\/toro\/2025\/08\/30\/galeria-taller-revoleras-lecciones-toreo-121080280.html#foto=3\" rel=\"nofollow noopener\" target=\"_blank\"><\/p>\n<p>                    <img loading=\"lazy\" decoding=\"async\" class=\"lazy-place\" src=\"data:image\/png;base64,iVBORw0KGgoAAAANSUhEUgAAAAEAAAABCAQAAAC1HAwCAAAAC0lEQVR42mNkYAAAAAYAAjCB0C8AAAAASUVORK5CYII=\" alt=\" \" height=\"720\" width=\"1600\" style=\" max-height: calc(100vh - 58px); height: 0; padding-top: 45%; \"\/><\/p>\n<p><\/a><br \/>\n                    GALER\u00cdA | Taller de revoleras y lecciones de toreo en las fiestas de Toro<\/p>\n<p class=\"swiper-slide__author\">Carmen Toro<\/p>\n<p class=\"swiper-slide__description\">\n                                                                        \u00abLa Ver\u00f3nica\u00bb fomenta la afici\u00f3n entre los m\u00e1s peque\u00f1os con un taller impartido por Mer Fidalgo, una clase pr\u00e1ctica sobre tauromaquia dirigida por el matador Ra\u00fal Alonso y el verm\u00fa musical de Rosi Crespo\n                                            <\/p>\n<p><a class=\"swiper-imagen\" href=\"https:\/\/www.laopiniondezamora.es\/toro\/2025\/08\/30\/galeria-taller-revoleras-lecciones-toreo-121080280.html#foto=4\" rel=\"nofollow noopener\" target=\"_blank\"><\/p>\n<p>                    <img loading=\"lazy\" decoding=\"async\" class=\"lazy-place\" src=\"data:image\/png;base64,iVBORw0KGgoAAAANSUhEUgAAAAEAAAABCAQAAAC1HAwCAAAAC0lEQVR42mNkYAAAAAYAAjCB0C8AAAAASUVORK5CYII=\" alt=\" \" height=\"720\" width=\"1600\" style=\" max-height: calc(100vh - 58px); height: 0; padding-top: 45%; \"\/><\/p>\n<p><\/a><br \/>\n                    GALER\u00cdA | Taller de revoleras y lecciones de toreo en las fiestas de Toro<\/p>\n<p class=\"swiper-slide__author\">Carmen Toro<\/p>\n<p class=\"swiper-slide__description\">\n                                                                        \u00abLa Ver\u00f3nica\u00bb fomenta la afici\u00f3n entre los m\u00e1s peque\u00f1os con un taller impartido por Mer Fidalgo, una clase pr\u00e1ctica sobre tauromaquia dirigida por el matador Ra\u00fal Alonso y el verm\u00fa musical de Rosi Crespo\n                                            <\/p>\n<p><a class=\"swiper-imagen\" href=\"https:\/\/www.laopiniondezamora.es\/toro\/2025\/08\/30\/galeria-taller-revoleras-lecciones-toreo-121080280.html#foto=5\" rel=\"nofollow noopener\" target=\"_blank\"><\/p>\n<p>                    <img loading=\"lazy\" decoding=\"async\" class=\"lazy-place\" src=\"data:image\/png;base64,iVBORw0KGgoAAAANSUhEUgAAAAEAAAABCAQAAAC1HAwCAAAAC0lEQVR42mNkYAAAAAYAAjCB0C8AAAAASUVORK5CYII=\" alt=\" \" height=\"720\" width=\"1600\" style=\" max-height: calc(100vh - 58px); height: 0; padding-top: 45%; \"\/><\/p>\n<p><\/a><br \/>\n                    GALER\u00cdA | Taller de revoleras y lecciones de toreo en las fiestas de Toro<\/p>\n<p class=\"swiper-slide__author\">Carmen Toro<\/p>\n<p class=\"swiper-slide__description\">\n                                                                        \u00abLa Ver\u00f3nica\u00bb fomenta la afici\u00f3n entre los m\u00e1s peque\u00f1os con un taller impartido por Mer Fidalgo, una clase pr\u00e1ctica sobre tauromaquia dirigida por el matador Ra\u00fal Alonso y el verm\u00fa musical de Rosi Crespo\n                                            <\/p>\n<p><a class=\"swiper-imagen\" href=\"https:\/\/www.laopiniondezamora.es\/toro\/2025\/08\/30\/galeria-taller-revoleras-lecciones-toreo-121080280.html#foto=6\" rel=\"nofollow noopener\" target=\"_blank\"><\/p>\n<p>                    <img loading=\"lazy\" decoding=\"async\" class=\"lazy-place\" src=\"data:image\/png;base64,iVBORw0KGgoAAAANSUhEUgAAAAEAAAABCAQAAAC1HAwCAAAAC0lEQVR42mNkYAAAAAYAAjCB0C8AAAAASUVORK5CYII=\" alt=\" \" height=\"720\" width=\"1600\" style=\" max-height: calc(100vh - 58px); height: 0; padding-top: 45%; \"\/><\/p>\n<p><\/a><br \/>\n                    GALER\u00cdA | Taller de revoleras y lecciones de toreo en las fiestas de Toro<\/p>\n<p class=\"swiper-slide__author\">Carmen Toro<\/p>\n<p class=\"swiper-slide__description\">\n                                                                        \u00abLa Ver\u00f3nica\u00bb fomenta la afici\u00f3n entre los m\u00e1s peque\u00f1os con un taller impartido por Mer Fidalgo, una clase pr\u00e1ctica sobre tauromaquia dirigida por el matador Ra\u00fal Alonso y el verm\u00fa musical de Rosi Crespo\n                                            <\/p>\n<p><a class=\"swiper-imagen\" href=\"https:\/\/www.laopiniondezamora.es\/toro\/2025\/08\/30\/galeria-taller-revoleras-lecciones-toreo-121080280.html#foto=7\" rel=\"nofollow noopener\" target=\"_blank\"><\/p>\n<p>                    <img loading=\"lazy\" decoding=\"async\" class=\"lazy-place\" src=\"data:image\/png;base64,iVBORw0KGgoAAAANSUhEUgAAAAEAAAABCAQAAAC1HAwCAAAAC0lEQVR42mNkYAAAAAYAAjCB0C8AAAAASUVORK5CYII=\" alt=\" \" height=\"720\" width=\"1600\" style=\" max-height: calc(100vh - 58px); height: 0; padding-top: 45%; \"\/><\/p>\n<p><\/a><br \/>\n                    GALER\u00cdA | Taller de revoleras y lecciones de toreo en las fiestas de Toro<\/p>\n<p class=\"swiper-slide__author\">Carmen Toro<\/p>\n<p class=\"swiper-slide__description\">\n                                                                        \u00abLa Ver\u00f3nica\u00bb fomenta la afici\u00f3n entre los m\u00e1s peque\u00f1os con un taller impartido por Mer Fidalgo, una clase pr\u00e1ctica sobre tauromaquia dirigida por el matador Ra\u00fal Alonso y el verm\u00fa musical de Rosi Crespo\n                                            <\/p>\n<p><a class=\"swiper-imagen\" href=\"https:\/\/www.laopiniondezamora.es\/toro\/2025\/08\/30\/galeria-taller-revoleras-lecciones-toreo-121080280.html#foto=8\" rel=\"nofollow noopener\" target=\"_blank\"><\/p>\n<p>                    <img loading=\"lazy\" decoding=\"async\" class=\"lazy-place\" src=\"data:image\/png;base64,iVBORw0KGgoAAAANSUhEUgAAAAEAAAABCAQAAAC1HAwCAAAAC0lEQVR42mNkYAAAAAYAAjCB0C8AAAAASUVORK5CYII=\" alt=\" \" height=\"720\" width=\"1600\" style=\" max-height: calc(100vh - 58px); height: 0; padding-top: 45%; \"\/><\/p>\n<p><\/a><br \/>\n                    GALER\u00cdA | Taller de revoleras y lecciones de toreo en las fiestas de Toro<\/p>\n<p class=\"swiper-slide__author\">Carmen Toro<\/p>\n<p class=\"swiper-slide__description\">\n                                                                        \u00abLa Ver\u00f3nica\u00bb fomenta la afici\u00f3n entre los m\u00e1s peque\u00f1os con un taller impartido por Mer Fidalgo, una clase pr\u00e1ctica sobre tauromaquia dirigida por el matador Ra\u00fal Alonso y el verm\u00fa musical de Rosi Crespo\n                                            <\/p>\n<p><a class=\"swiper-imagen\" href=\"https:\/\/www.laopiniondezamora.es\/toro\/2025\/08\/30\/galeria-taller-revoleras-lecciones-toreo-121080280.html#foto=9\" rel=\"nofollow noopener\" target=\"_blank\"><\/p>\n<p>                    <img loading=\"lazy\" decoding=\"async\" class=\"lazy-place\" src=\"data:image\/png;base64,iVBORw0KGgoAAAANSUhEUgAAAAEAAAABCAQAAAC1HAwCAAAAC0lEQVR42mNkYAAAAAYAAjCB0C8AAAAASUVORK5CYII=\" alt=\" \" height=\"720\" width=\"1600\" style=\" max-height: calc(100vh - 58px); height: 0; padding-top: 45%; \"\/><\/p>\n<p><\/a><br \/>\n                    GALER\u00cdA | Taller de revoleras y lecciones de toreo en las fiestas de Toro<\/p>\n<p class=\"swiper-slide__author\">Carmen Toro<\/p>\n<p class=\"swiper-slide__description\">\n                                                                        \u00abLa Ver\u00f3nica\u00bb fomenta la afici\u00f3n entre los m\u00e1s peque\u00f1os con un taller impartido por Mer Fidalgo, una clase pr\u00e1ctica sobre tauromaquia dirigida por el matador Ra\u00fal Alonso y el verm\u00fa musical de Rosi Crespo\n                                            <\/p>\n<p><a class=\"swiper-imagen\" href=\"https:\/\/www.laopiniondezamora.es\/toro\/2025\/08\/30\/galeria-taller-revoleras-lecciones-toreo-121080280.html#foto=10\" rel=\"nofollow noopener\" target=\"_blank\"><\/p>\n<p>                    <img loading=\"lazy\" decoding=\"async\" class=\"lazy-place\" src=\"data:image\/png;base64,iVBORw0KGgoAAAANSUhEUgAAAAEAAAABCAQAAAC1HAwCAAAAC0lEQVR42mNkYAAAAAYAAjCB0C8AAAAASUVORK5CYII=\" alt=\" \" height=\"720\" width=\"1600\" style=\" max-height: calc(100vh - 58px); height: 0; padding-top: 45%; \"\/><\/p>\n<p><\/a><br \/>\n                    GALER\u00cdA | Taller de revoleras y lecciones de toreo en las fiestas de Toro<\/p>\n<p class=\"swiper-slide__author\">Carmen Toro<\/p>\n<p class=\"swiper-slide__description\">\n                                                                        \u00abLa Ver\u00f3nica\u00bb fomenta la afici\u00f3n entre los m\u00e1s peque\u00f1os con un taller impartido por Mer Fidalgo, una clase pr\u00e1ctica sobre tauromaquia dirigida por el matador Ra\u00fal Alonso y el verm\u00fa musical de Rosi Crespo\n                                            <\/p>\n<p><a class=\"swiper-imagen\" href=\"https:\/\/www.laopiniondezamora.es\/toro\/2025\/08\/30\/galeria-taller-revoleras-lecciones-toreo-121080280.html#foto=11\" rel=\"nofollow noopener\" target=\"_blank\"><\/p>\n<p>                    <img loading=\"lazy\" decoding=\"async\" class=\"lazy-place\" src=\"data:image\/png;base64,iVBORw0KGgoAAAANSUhEUgAAAAEAAAABCAQAAAC1HAwCAAAAC0lEQVR42mNkYAAAAAYAAjCB0C8AAAAASUVORK5CYII=\" alt=\" \" height=\"720\" width=\"1600\" style=\" max-height: calc(100vh - 58px); height: 0; padding-top: 45%; \"\/><\/p>\n<p><\/a><br \/>\n                    GALER\u00cdA | Taller de revoleras y lecciones de toreo en las fiestas de Toro<\/p>\n<p class=\"swiper-slide__author\">Carmen Toro<\/p>\n<p class=\"swiper-slide__description\">\n                                                                        \u00abLa Ver\u00f3nica\u00bb fomenta la afici\u00f3n entre los m\u00e1s peque\u00f1os con un taller impartido por Mer Fidalgo, una clase pr\u00e1ctica sobre tauromaquia dirigida por el matador Ra\u00fal Alonso y el verm\u00fa musical de Rosi Crespo\n                                            <\/p>\n<p><a class=\"swiper-imagen\" href=\"https:\/\/www.laopiniondezamora.es\/toro\/2025\/08\/30\/galeria-taller-revoleras-lecciones-toreo-121080280.html#foto=12\" rel=\"nofollow noopener\" target=\"_blank\"><\/p>\n<p>                    <img loading=\"lazy\" decoding=\"async\" class=\"lazy-place\" src=\"data:image\/png;base64,iVBORw0KGgoAAAANSUhEUgAAAAEAAAABCAQAAAC1HAwCAAAAC0lEQVR42mNkYAAAAAYAAjCB0C8AAAAASUVORK5CYII=\" alt=\" \" height=\"720\" width=\"1600\" style=\" max-height: calc(100vh - 58px); height: 0; padding-top: 45%; \"\/><\/p>\n<p><\/a><br \/>\n                    GALER\u00cdA | Taller de revoleras y lecciones de toreo en las fiestas de Toro<\/p>\n<p class=\"swiper-slide__author\">Carmen Toro<\/p>\n<p class=\"swiper-slide__description\">\n                                                                        \u00abLa Ver\u00f3nica\u00bb fomenta la afici\u00f3n entre los m\u00e1s peque\u00f1os con un taller impartido por Mer Fidalgo, una clase pr\u00e1ctica sobre tauromaquia dirigida por el matador Ra\u00fal Alonso y el verm\u00fa musical de Rosi Crespo\n                                            <\/p>\n<p><a class=\"swiper-imagen\" href=\"https:\/\/www.laopiniondezamora.es\/toro\/2025\/08\/30\/galeria-taller-revoleras-lecciones-toreo-121080280.html#foto=13\" rel=\"nofollow noopener\" target=\"_blank\"><\/p>\n<p>                    <img loading=\"lazy\" decoding=\"async\" class=\"lazy-place\" src=\"data:image\/png;base64,iVBORw0KGgoAAAANSUhEUgAAAAEAAAABCAQAAAC1HAwCAAAAC0lEQVR42mNkYAAAAAYAAjCB0C8AAAAASUVORK5CYII=\" alt=\" \" height=\"720\" width=\"1600\" style=\" max-height: calc(100vh - 58px); height: 0; padding-top: 45%; \"\/><\/p>\n<p><\/a><br \/>\n                    GALER\u00cdA | Taller de revoleras y lecciones de toreo en las fiestas de Toro<\/p>\n<p class=\"swiper-slide__author\">Carmen Toro<\/p>\n<p class=\"swiper-slide__description\">\n                                                                        \u00abLa Ver\u00f3nica\u00bb fomenta la afici\u00f3n entre los m\u00e1s peque\u00f1os con un taller impartido por Mer Fidalgo, una clase pr\u00e1ctica sobre tauromaquia dirigida por el matador Ra\u00fal Alonso y el verm\u00fa musical de Rosi Crespo\n                                            <\/p>\n<p><a class=\"swiper-imagen\" href=\"https:\/\/www.laopiniondezamora.es\/toro\/2025\/08\/30\/galeria-taller-revoleras-lecciones-toreo-121080280.html#foto=14\" rel=\"nofollow noopener\" target=\"_blank\"><\/p>\n<p>                    <img loading=\"lazy\" decoding=\"async\" class=\"lazy-place\" src=\"data:image\/png;base64,iVBORw0KGgoAAAANSUhEUgAAAAEAAAABCAQAAAC1HAwCAAAAC0lEQVR42mNkYAAAAAYAAjCB0C8AAAAASUVORK5CYII=\" alt=\" \" height=\"720\" width=\"1600\" style=\" max-height: calc(100vh - 58px); height: 0; padding-top: 45%; \"\/><\/p>\n<p><\/a><br \/>\n                    GALER\u00cdA | Taller de revoleras y lecciones de toreo en las fiestas de Toro<\/p>\n<p class=\"swiper-slide__author\">Carmen Toro<\/p>\n<p class=\"swiper-slide__description\">\n                                                                        \u00abLa Ver\u00f3nica\u00bb fomenta la afici\u00f3n entre los m\u00e1s peque\u00f1os con un taller impartido por Mer Fidalgo, una clase pr\u00e1ctica sobre tauromaquia dirigida por el matador Ra\u00fal Alonso y el verm\u00fa musical de Rosi Crespo\n                                            <\/p>\n<p><a class=\"swiper-imagen\" href=\"https:\/\/www.laopiniondezamora.es\/toro\/2025\/08\/30\/galeria-taller-revoleras-lecciones-toreo-121080280.html#foto=15\" rel=\"nofollow noopener\" target=\"_blank\"><\/p>\n<p>                    <img loading=\"lazy\" decoding=\"async\" class=\"lazy-place\" src=\"data:image\/png;base64,iVBORw0KGgoAAAANSUhEUgAAAAEAAAABCAQAAAC1HAwCAAAAC0lEQVR42mNkYAAAAAYAAjCB0C8AAAAASUVORK5CYII=\" alt=\" \" height=\"720\" width=\"1600\" style=\" max-height: calc(100vh - 58px); height: 0; padding-top: 45%; \"\/><\/p>\n<p><\/a><br \/>\n                    GALER\u00cdA | Taller de revoleras y lecciones de toreo en las fiestas de Toro<\/p>\n<p class=\"swiper-slide__author\">Carmen Toro<\/p>\n<p class=\"swiper-slide__description\">\n                                                                        \u00abLa Ver\u00f3nica\u00bb fomenta la afici\u00f3n entre los m\u00e1s peque\u00f1os con un taller impartido por Mer Fidalgo, una clase pr\u00e1ctica sobre tauromaquia dirigida por el matador Ra\u00fal Alonso y el verm\u00fa musical de Rosi Crespo\n                                            <\/p>\n<p><a class=\"swiper-imagen\" href=\"https:\/\/www.laopiniondezamora.es\/toro\/2025\/08\/30\/galeria-taller-revoleras-lecciones-toreo-121080280.html#foto=16\" rel=\"nofollow noopener\" target=\"_blank\"><\/p>\n<p>                    <img loading=\"lazy\" decoding=\"async\" class=\"lazy-place\" src=\"data:image\/png;base64,iVBORw0KGgoAAAANSUhEUgAAAAEAAAABCAQAAAC1HAwCAAAAC0lEQVR42mNkYAAAAAYAAjCB0C8AAAAASUVORK5CYII=\" alt=\" \" height=\"720\" width=\"1600\" style=\" max-height: calc(100vh - 58px); height: 0; padding-top: 45%; \"\/><\/p>\n<p><\/a><br \/>\n                    GALER\u00cdA | Taller de revoleras y lecciones de toreo en las fiestas de Toro<\/p>\n<p class=\"swiper-slide__author\">Carmen Toro<\/p>\n<p class=\"swiper-slide__description\">\n                                                                        \u00abLa Ver\u00f3nica\u00bb fomenta la afici\u00f3n entre los m\u00e1s peque\u00f1os con un taller impartido por Mer Fidalgo, una clase pr\u00e1ctica sobre tauromaquia dirigida por el matador Ra\u00fal Alonso y el verm\u00fa musical de Rosi Crespo\n                                            <\/p>\n<p><a class=\"swiper-imagen\" href=\"https:\/\/www.laopiniondezamora.es\/toro\/2025\/08\/30\/galeria-taller-revoleras-lecciones-toreo-121080280.html#foto=17\" rel=\"nofollow noopener\" target=\"_blank\"><\/p>\n<p>                    <img loading=\"lazy\" decoding=\"async\" class=\"lazy-place\" src=\"data:image\/png;base64,iVBORw0KGgoAAAANSUhEUgAAAAEAAAABCAQAAAC1HAwCAAAAC0lEQVR42mNkYAAAAAYAAjCB0C8AAAAASUVORK5CYII=\" alt=\" \" height=\"720\" width=\"1600\" style=\" max-height: calc(100vh - 58px); height: 0; padding-top: 45%; \"\/><\/p>\n<p><\/a><br \/>\n                    GALER\u00cdA | Taller de revoleras y lecciones de toreo en las fiestas de Toro<\/p>\n<p class=\"swiper-slide__author\">Carmen Toro<\/p>\n<p class=\"swiper-slide__description\">\n                                                                        \u00abLa Ver\u00f3nica\u00bb fomenta la afici\u00f3n entre los m\u00e1s peque\u00f1os con un taller impartido por Mer Fidalgo, una clase pr\u00e1ctica sobre tauromaquia dirigida por el matador Ra\u00fal Alonso y el verm\u00fa musical de Rosi Crespo\n                                            <\/p>\n<p><a class=\"swiper-imagen\" href=\"https:\/\/www.laopiniondezamora.es\/toro\/2025\/08\/30\/galeria-taller-revoleras-lecciones-toreo-121080280.html#foto=18\" rel=\"nofollow noopener\" target=\"_blank\"><\/p>\n<p>                    <img loading=\"lazy\" decoding=\"async\" class=\"lazy-place\" src=\"data:image\/png;base64,iVBORw0KGgoAAAANSUhEUgAAAAEAAAABCAQAAAC1HAwCAAAAC0lEQVR42mNkYAAAAAYAAjCB0C8AAAAASUVORK5CYII=\" alt=\" \" height=\"720\" width=\"1600\" style=\" max-height: calc(100vh - 58px); height: 0; padding-top: 45%; \"\/><\/p>\n<p><\/a><br \/>\n                    GALER\u00cdA | Taller de revoleras y lecciones de toreo en las fiestas de Toro<\/p>\n<p class=\"swiper-slide__author\">Carmen Toro<\/p>\n<p class=\"swiper-slide__description\">\n                                                                        \u00abLa Ver\u00f3nica\u00bb fomenta la afici\u00f3n entre los m\u00e1s peque\u00f1os con un taller impartido por Mer Fidalgo, una clase pr\u00e1ctica sobre tauromaquia dirigida por el matador Ra\u00fal Alonso y el verm\u00fa musical de Rosi Crespo\n                                            <\/p>\n<p><a class=\"swiper-imagen\" href=\"https:\/\/www.laopiniondezamora.es\/toro\/2025\/08\/30\/galeria-taller-revoleras-lecciones-toreo-121080280.html#foto=19\" rel=\"nofollow noopener\" target=\"_blank\"><\/p>\n<p>                    <img loading=\"lazy\" decoding=\"async\" class=\"lazy-place\" src=\"data:image\/png;base64,iVBORw0KGgoAAAANSUhEUgAAAAEAAAABCAQAAAC1HAwCAAAAC0lEQVR42mNkYAAAAAYAAjCB0C8AAAAASUVORK5CYII=\" alt=\" \" height=\"720\" width=\"1600\" style=\" max-height: calc(100vh - 58px); height: 0; padding-top: 45%; \"\/><\/p>\n<p><\/a><br \/>\n                    GALER\u00cdA | Taller de revoleras y lecciones de toreo en las fiestas de Toro<\/p>\n<p class=\"swiper-slide__author\">Carmen Toro<\/p>\n<p class=\"swiper-slide__description\">\n                                                                        \u00abLa Ver\u00f3nica\u00bb fomenta la afici\u00f3n entre los m\u00e1s peque\u00f1os con un taller impartido por Mer Fidalgo, una clase pr\u00e1ctica sobre tauromaquia dirigida por el matador Ra\u00fal Alonso y el verm\u00fa musical de Rosi Crespo\n                                            <\/p>\n<p><a class=\"swiper-imagen\" href=\"https:\/\/www.laopiniondezamora.es\/toro\/2025\/08\/30\/galeria-taller-revoleras-lecciones-toreo-121080280.html#foto=20\" rel=\"nofollow noopener\" target=\"_blank\"><\/p>\n<p>                    <img loading=\"lazy\" decoding=\"async\" class=\"lazy-place\" src=\"data:image\/png;base64,iVBORw0KGgoAAAANSUhEUgAAAAEAAAABCAQAAAC1HAwCAAAAC0lEQVR42mNkYAAAAAYAAjCB0C8AAAAASUVORK5CYII=\" alt=\" \" height=\"720\" width=\"1600\" style=\" max-height: calc(100vh - 58px); height: 0; padding-top: 45%; \"\/><\/p>\n<p><\/a><br \/>\n                    GALER\u00cdA | Taller de revoleras y lecciones de toreo en las fiestas de Toro<\/p>\n<p class=\"swiper-slide__author\">Carmen Toro<\/p>\n<p class=\"swiper-slide__description\">\n                                                                        \u00abLa Ver\u00f3nica\u00bb fomenta la afici\u00f3n entre los m\u00e1s peque\u00f1os con un taller impartido por Mer Fidalgo, una clase pr\u00e1ctica sobre tauromaquia dirigida por el matador Ra\u00fal Alonso y el verm\u00fa musical de Rosi Crespo\n                                            <\/p>\n<p><a class=\"swiper-imagen\" href=\"https:\/\/www.laopiniondezamora.es\/toro\/2025\/08\/30\/galeria-taller-revoleras-lecciones-toreo-121080280.html#foto=21\" rel=\"nofollow noopener\" target=\"_blank\"><\/p>\n<p>                    <img loading=\"lazy\" decoding=\"async\" class=\"lazy-place\" src=\"data:image\/png;base64,iVBORw0KGgoAAAANSUhEUgAAAAEAAAABCAQAAAC1HAwCAAAAC0lEQVR42mNkYAAAAAYAAjCB0C8AAAAASUVORK5CYII=\" alt=\" \" height=\"720\" width=\"1600\" style=\" max-height: calc(100vh - 58px); height: 0; padding-top: 45%; \"\/><\/p>\n<p><\/a><br \/>\n                    GALER\u00cdA | Taller de revoleras y lecciones de toreo en las fiestas de Toro<\/p>\n<p class=\"swiper-slide__author\">Carmen Toro<\/p>\n<p class=\"swiper-slide__description\">\n                                                                        \u00abLa Ver\u00f3nica\u00bb fomenta la afici\u00f3n entre los m\u00e1s peque\u00f1os con un taller impartido por Mer Fidalgo, una clase pr\u00e1ctica sobre tauromaquia dirigida por el matador Ra\u00fal Alonso y el verm\u00fa musical de Rosi Crespo\n                                            <\/p>\n<p><a class=\"swiper-imagen\" href=\"https:\/\/www.laopiniondezamora.es\/toro\/2025\/08\/30\/galeria-taller-revoleras-lecciones-toreo-121080280.html#foto=22\" rel=\"nofollow noopener\" target=\"_blank\"><\/p>\n<p>                    <img loading=\"lazy\" decoding=\"async\" class=\"lazy-place\" src=\"data:image\/png;base64,iVBORw0KGgoAAAANSUhEUgAAAAEAAAABCAQAAAC1HAwCAAAAC0lEQVR42mNkYAAAAAYAAjCB0C8AAAAASUVORK5CYII=\" alt=\" \" height=\"720\" width=\"1600\" style=\" max-height: calc(100vh - 58px); height: 0; padding-top: 45%; \"\/><\/p>\n<p><\/a><br \/>\n                    GALER\u00cdA | Taller de revoleras y lecciones de toreo en las fiestas de Toro<\/p>\n<p class=\"swiper-slide__author\">Carmen Toro<\/p>\n<p class=\"swiper-slide__description\">\n                                                                        \u00abLa Ver\u00f3nica\u00bb fomenta la afici\u00f3n entre los m\u00e1s peque\u00f1os con un taller impartido por Mer Fidalgo, una clase pr\u00e1ctica sobre tauromaquia dirigida por el matador Ra\u00fal Alonso y el verm\u00fa musical de Rosi Crespo\n                                            <\/p>\n<p><a class=\"swiper-imagen\" href=\"https:\/\/www.laopiniondezamora.es\/toro\/2025\/08\/30\/galeria-taller-revoleras-lecciones-toreo-121080280.html#foto=23\" rel=\"nofollow noopener\" target=\"_blank\"><\/p>\n<p>                    <img loading=\"lazy\" decoding=\"async\" class=\"lazy-place\" src=\"data:image\/png;base64,iVBORw0KGgoAAAANSUhEUgAAAAEAAAABCAQAAAC1HAwCAAAAC0lEQVR42mNkYAAAAAYAAjCB0C8AAAAASUVORK5CYII=\" alt=\" \" height=\"720\" width=\"1600\" style=\" max-height: calc(100vh - 58px); height: 0; padding-top: 45%; \"\/><\/p>\n<p><\/a><br \/>\n                    GALER\u00cdA | Taller de revoleras y lecciones de toreo en las fiestas de Toro<\/p>\n<p class=\"swiper-slide__author\">Carmen Toro<\/p>\n<p class=\"swiper-slide__description\">\n                                                                        \u00abLa Ver\u00f3nica\u00bb fomenta la afici\u00f3n entre los m\u00e1s peque\u00f1os con un taller impartido por Mer Fidalgo, una clase pr\u00e1ctica sobre tauromaquia dirigida por el matador Ra\u00fal Alonso y el verm\u00fa musical de Rosi Crespo\n                                            <\/p>\n<p><a class=\"swiper-imagen\" href=\"https:\/\/www.laopiniondezamora.es\/toro\/2025\/08\/30\/galeria-taller-revoleras-lecciones-toreo-121080280.html#foto=24\" rel=\"nofollow noopener\" target=\"_blank\"><\/p>\n<p>                    <img loading=\"lazy\" decoding=\"async\" class=\"lazy-place\" src=\"data:image\/png;base64,iVBORw0KGgoAAAANSUhEUgAAAAEAAAABCAQAAAC1HAwCAAAAC0lEQVR42mNkYAAAAAYAAjCB0C8AAAAASUVORK5CYII=\" alt=\" \" height=\"720\" width=\"1600\" style=\" max-height: calc(100vh - 58px); height: 0; padding-top: 45%; \"\/><\/p>\n<p><\/a><br \/>\n                    GALER\u00cdA | Taller de revoleras y lecciones de toreo en las fiestas de Toro<\/p>\n<p class=\"swiper-slide__author\">Carmen Toro<\/p>\n<p class=\"swiper-slide__description\">\n                                                                        \u00abLa Ver\u00f3nica\u00bb fomenta la afici\u00f3n entre los m\u00e1s peque\u00f1os con un taller impartido por Mer Fidalgo, una clase pr\u00e1ctica sobre tauromaquia dirigida por el matador Ra\u00fal Alonso y el verm\u00fa musical de Rosi Crespo\n                                            <\/p>\n<p><a class=\"swiper-imagen\" href=\"https:\/\/www.laopiniondezamora.es\/toro\/2025\/08\/30\/galeria-taller-revoleras-lecciones-toreo-121080280.html#foto=25\" rel=\"nofollow noopener\" target=\"_blank\"><\/p>\n<p>                    <img loading=\"lazy\" decoding=\"async\" class=\"lazy-place\" src=\"data:image\/png;base64,iVBORw0KGgoAAAANSUhEUgAAAAEAAAABCAQAAAC1HAwCAAAAC0lEQVR42mNkYAAAAAYAAjCB0C8AAAAASUVORK5CYII=\" alt=\" \" height=\"720\" width=\"1600\" style=\" max-height: calc(100vh - 58px); height: 0; padding-top: 45%; \"\/><\/p>\n<p><\/a><br \/>\n                    GALER\u00cdA | Taller de revoleras y lecciones de toreo en las fiestas de Toro<\/p>\n<p class=\"swiper-slide__author\">Carmen Toro<\/p>\n<p class=\"swiper-slide__description\">\n                                                                        \u00abLa Ver\u00f3nica\u00bb fomenta la afici\u00f3n entre los m\u00e1s peque\u00f1os con un taller impartido por Mer Fidalgo, una clase pr\u00e1ctica sobre tauromaquia dirigida por el matador Ra\u00fal Alonso y el verm\u00fa musical de Rosi Crespo\n                                            <\/p>\n<p><a class=\"swiper-imagen\" href=\"https:\/\/www.laopiniondezamora.es\/toro\/2025\/08\/30\/galeria-taller-revoleras-lecciones-toreo-121080280.html#foto=26\" rel=\"nofollow noopener\" target=\"_blank\"><\/p>\n<p>                    <img loading=\"lazy\" decoding=\"async\" class=\"lazy-place\" src=\"data:image\/png;base64,iVBORw0KGgoAAAANSUhEUgAAAAEAAAABCAQAAAC1HAwCAAAAC0lEQVR42mNkYAAAAAYAAjCB0C8AAAAASUVORK5CYII=\" alt=\" \" height=\"720\" width=\"1600\" style=\" max-height: calc(100vh - 58px); height: 0; padding-top: 45%; \"\/><\/p>\n<p><\/a><br \/>\n                    GALER\u00cdA | Taller de revoleras y lecciones de toreo en las fiestas de Toro<\/p>\n<p class=\"swiper-slide__author\">Carmen Toro<\/p>\n<p class=\"swiper-slide__description\">\n                                                                        \u00abLa Ver\u00f3nica\u00bb fomenta la afici\u00f3n entre los m\u00e1s peque\u00f1os con un taller impartido por Mer Fidalgo, una clase pr\u00e1ctica sobre tauromaquia dirigida por el matador Ra\u00fal Alonso y el verm\u00fa musical de Rosi Crespo\n                                            <\/p>\n<p><a class=\"swiper-imagen\" href=\"https:\/\/www.laopiniondezamora.es\/toro\/2025\/08\/30\/galeria-taller-revoleras-lecciones-toreo-121080280.html#foto=27\" rel=\"nofollow noopener\" target=\"_blank\"><\/p>\n<p>                    <img loading=\"lazy\" decoding=\"async\" class=\"lazy-place\" src=\"data:image\/png;base64,iVBORw0KGgoAAAANSUhEUgAAAAEAAAABCAQAAAC1HAwCAAAAC0lEQVR42mNkYAAAAAYAAjCB0C8AAAAASUVORK5CYII=\" alt=\" \" height=\"675\" width=\"1200\" style=\" max-height: 675px !important; height: calc( 1vw * 56); \"\/><\/p>\n<p><\/a><br \/>\n                    GALER\u00cdA | Taller de revoleras y lecciones de toreo en las fiestas de Toro<\/p>\n<p class=\"swiper-slide__author\">Carmen Toro<\/p>\n<p class=\"swiper-slide__description\">\n                                                                        \u00abLa Ver\u00f3nica\u00bb fomenta la afici\u00f3n entre los m\u00e1s peque\u00f1os con un taller impartido por Mer Fidalgo, una clase pr\u00e1ctica sobre tauromaquia dirigida por el matador Ra\u00fal Alonso y el verm\u00fa musical de Rosi Crespo\n                                            <\/p>\n<p><a class=\"swiper-imagen\" href=\"https:\/\/www.laopiniondezamora.es\/toro\/2025\/08\/30\/galeria-taller-revoleras-lecciones-toreo-121080280.html\" rel=\"nofollow noopener\" target=\"_blank\"><\/p>\n<p>                    <img loading=\"lazy\" decoding=\"async\" class=\"lazy-place\" src=\"data:image\/png;base64,iVBORw0KGgoAAAANSUhEUgAAAAEAAAABCAQAAAC1HAwCAAAAC0lEQVR42mNkYAAAAAYAAjCB0C8AAAAASUVORK5CYII=\" alt=\" \" height=\"675\" width=\"1200\" style=\" max-height: 675px !important; height: calc( 1vw * 56); \"\/><\/p>\n<p><\/a><br \/>\n                    GALER\u00cdA | Taller de revoleras y lecci\u00f3n de toreo en las fiestas de Toro<\/p>\n<p class=\"swiper-slide__author\">Carmen Toro<\/p>\n<p class=\"swiper-slide__description\">\n                                                                        \u00abLa Ver\u00f3nica\u00bb fomenta la afici\u00f3n entre los m\u00e1s peque\u00f1os con un taller impartido por Mer Fidalgo, una clase pr\u00e1ctica sobre tauromaquia dirigida por el matador Ra\u00fal Alonso y el verm\u00fa musical de Rosi Crespo\n                                            <\/p>\n","protected":false},"excerpt":{"rendered":"Carmen Toro Actualizado: 30\/08\/2025 18:01 Ver galer\u00eda &gt; \u00abLa Ver\u00f3nica\u00bb fomenta la afici\u00f3n entre los m\u00e1s peque\u00f1os con&hellip;\n","protected":false},"author":2,"featured_media":82543,"comment_status":"","ping_status":"","sticky":false,"template":"","format":"standard","meta":{"footnotes":""},"categories":[277],"tags":[3437,373,168,25,24,43,9192,3085,31134,23,167,17034,625,374],"class_list":{"0":"post-82542","1":"post","2":"type-post","3":"status-publish","4":"format-standard","5":"has-post-thumbnail","7":"category-toreo","8":"tag-aficion","9":"tag-bullfighting","10":"tag-deportes","11":"tag-es","12":"tag-espana","13":"tag-fiestas","14":"tag-galeria","15":"tag-lecciones","16":"tag-revoleras","17":"tag-spain","18":"tag-sports","19":"tag-taller","20":"tag-tauromaquia","21":"tag-toreo"},"share_on_mastodon":{"url":"","error":""},"_links":{"self":[{"href":"https:\/\/www.europesays.com\/es\/wp-json\/wp\/v2\/posts\/82542","targetHints":{"allow":["GET"]}}],"collection":[{"href":"https:\/\/www.europesays.com\/es\/wp-json\/wp\/v2\/posts"}],"about":[{"href":"https:\/\/www.europesays.com\/es\/wp-json\/wp\/v2\/types\/post"}],"author":[{"embeddable":true,"href":"https:\/\/www.europesays.com\/es\/wp-json\/wp\/v2\/users\/2"}],"replies":[{"embeddable":true,"href":"https:\/\/www.europesays.com\/es\/wp-json\/wp\/v2\/comments?post=82542"}],"version-history":[{"count":0,"href":"https:\/\/www.europesays.com\/es\/wp-json\/wp\/v2\/posts\/82542\/revisions"}],"wp:featuredmedia":[{"embeddable":true,"href":"https:\/\/www.europesays.com\/es\/wp-json\/wp\/v2\/media\/82543"}],"wp:attachment":[{"href":"https:\/\/www.europesays.com\/es\/wp-json\/wp\/v2\/media?parent=82542"}],"wp:term":[{"taxonomy":"category","embeddable":true,"href":"https:\/\/www.europesays.com\/es\/wp-json\/wp\/v2\/categories?post=82542"},{"taxonomy":"post_tag","embeddable":true,"href":"https:\/\/www.europesays.com\/es\/wp-json\/wp\/v2\/tags?post=82542"}],"curies":[{"name":"wp","href":"https:\/\/api.w.org\/{rel}","templated":true}]}}