{"id":82594,"date":"2025-08-30T18:30:08","date_gmt":"2025-08-30T18:30:08","guid":{"rendered":"https:\/\/www.europesays.com\/es\/82594\/"},"modified":"2025-08-30T18:30:08","modified_gmt":"2025-08-30T18:30:08","slug":"el-perro-muere-al-final-la-duda-que-ha-cambiado-el-futuro-de-esta-pelicula-de-terror-antes-de-estrenarse","status":"publish","type":"post","link":"https:\/\/www.europesays.com\/es\/82594\/","title":{"rendered":"\u00bfEl perro muere al final? La duda que ha cambiado el futuro de esta pel\u00edcula de terror antes de estrenarse"},"content":{"rendered":"<p class=\"c-paragraph\">Los perros siempre han estado junto a nosotros en cualquier situaci\u00f3n, sea buena o mala. <b>Por algo son el mejor amigo del hombre.<\/b> Tambi\u00e9n han sido protagonistas en incontables largometrajes y series, y han demostrado su capacidad de ser grandes actores. Parece que poco queda por inventarse respecto a nuestros peludos compa\u00f1eros, pero la creatividad del ser humano siempre puede ir un paso m\u00e1s all\u00e1: <b>una pel\u00edcula de terror contada desde la perspectiva de un perro.<\/b><\/p>\n<p class=\"c-paragraph\"><b>Good Boy, <\/b>dirigida por <b>Ben Leonberg,<\/b> fue presentada en <b>el Festival SXSW (South by Southwest)<\/b> el pasado mes de marzo, generando muchos comentarios positivos y una gran expectaci\u00f3n. El protagonista es <b>Indy,<\/b> la mascota del director y de su mujer <b>Kari Fischer,<\/b> coproductora de la pel\u00edcula. Ambos entrenaron al actor principal de la obra durante tres a\u00f1os para que estuviera a la altura en el momento del rodaje, y medios como <a href=\"https:\/\/www.indiewire.com\/criticism\/movies\/good-boy-movie-horror-movie-review-dog-pov-1235102488\/\" rel=\"nofollow noreferrer noopener\" target=\"_blank\">IndieWire<\/a> se\u00f1alaron que lo han conseguido.\u00a0<\/p>\n<p class=\"c-paragraph\">Aunque Indy sea adorable, la pel\u00edcula que protagoniza no lo es. En esta obra oscura y espeluznante, <b>Todd (Shane Jensen)<\/b> decide mudarse junto a su mascota a la granja de su abuelo fallecido <b>(Larry Fesseden).<\/b> Sus nuevos vecinos le advierten de que el lugar est\u00e1 encantado, pero \u00e9l no hace caso. Es su perro Indy quien <b>empieza a percibir la presencia de seres sobrenaturales<\/b> con malas intenciones y decide <b>hacer todo lo posible por proteger a su due\u00f1o<\/b> de las amenazas del m\u00e1s all\u00e1.<\/p>\n<p class=\"c-paragraph\">Tras ver que Good Boy estaba generando expectaci\u00f3n entre numerosos seguidores del cine de terror, las distribuidoras <b>Shudder e Independent Film Company (IFC)<\/b> decidieron lanzar el primer <a href=\"https:\/\/www.20minutos.es\/cinemania\/noticias\/trailer-good-boy-filme-terror-perro-protagonista-sitges_6237088_0.html\" rel=\"nofollow noopener\" target=\"_blank\">tr\u00e1iler oficial<\/a>. Desde su publicaci\u00f3n el pasado 18 de agosto, el avance ha obtenido <b>2,8 millones de visualizaciones en menos de dos semanas.\u00a0<\/b><\/p>\n<p class=\"c-paragraph\">Las b\u00fasquedas relacionadas con la pel\u00edcula tambi\u00e9n se han disparado en los \u00faltimos d\u00edas. Seg\u00fan <a href=\"https:\/\/www.indiewire.com\/news\/analysis\/good-boy-dog-point-of-view-horror-movie-wide-release-2-1235147111\/\" rel=\"nofollow noreferrer noopener\" target=\"_blank\">IndieWire<\/a>, desde el lanzamiento del tr\u00e1iler <b>se increment\u00f3 en un 2000%<\/b> la b\u00fasqueda de la pregunta <b>\u00ab\u00bfMuere el perro de Good Boy?\u00bb.<\/b> Parece que la gente est\u00e1 impaciente y necesita ver ya el largometraje, pero de momento toca esperar. Su debut en las salas de cine est\u00e1 previsto para <b>el pr\u00f3ximo 3 de octubre.<\/b> La buena noticia es que la gran acogida que ha recibido ha provocado que la IFC pasara de planificar un estreno limitado <b>a uno a gran escala.<\/b><\/p>\n<p class=\"c-paragraph\">\u00abPrestamos mucha atenci\u00f3n a lo que la gente quiere ver\u00bb, asegur\u00f3 <b>Scott Shooman,<\/b> director de IFC Entertainment Group. La compa\u00f1\u00eda parece estar trabajando en alcanzar el mayor n\u00famero de salas de cine, no solo dentro de Estados Unidos: \u00abTenemos diferentes ventanas para distintos tipos de pel\u00edculas, y estamos trabajando en eso para Good Boy. Nunca queremos anunciar una fecha prematuramente. Lo que podemos decir es que <b>esperamos que todos la vean el pr\u00f3ximo 3 de octubre,<\/b> y eso es en lo que estamos trabajando ahora mismo\u00bb. La pel\u00edcula estar\u00e1 presente en el <b>Festival de Sitges,<\/b> pero se desconoce si el largometraje podr\u00e1 verse en los cines de Espa\u00f1a, aunque hay motivos para ser optimistas.<\/p>\n","protected":false},"excerpt":{"rendered":"Los perros siempre han estado junto a nosotros en cualquier situaci\u00f3n, sea buena o mala. Por algo son&hellip;\n","protected":false},"author":2,"featured_media":82595,"comment_status":"","ping_status":"","sticky":false,"template":"","format":"standard","meta":{"footnotes":""},"categories":[169],"tags":[3016,177,2681,146,147,25,24,176,1058,175,8938,8515,23],"class_list":{"0":"post-82594","1":"post","2":"type-post","3":"status-publish","4":"format-standard","5":"has-post-thumbnail","7":"category-cine","8":"tag-cambiado","9":"tag-cine","10":"tag-duda","11":"tag-entertainment","12":"tag-entretenimiento","13":"tag-es","14":"tag-espana","15":"tag-film","16":"tag-final","17":"tag-movies","18":"tag-muere","19":"tag-perro","20":"tag-spain"},"share_on_mastodon":{"url":"","error":""},"_links":{"self":[{"href":"https:\/\/www.europesays.com\/es\/wp-json\/wp\/v2\/posts\/82594","targetHints":{"allow":["GET"]}}],"collection":[{"href":"https:\/\/www.europesays.com\/es\/wp-json\/wp\/v2\/posts"}],"about":[{"href":"https:\/\/www.europesays.com\/es\/wp-json\/wp\/v2\/types\/post"}],"author":[{"embeddable":true,"href":"https:\/\/www.europesays.com\/es\/wp-json\/wp\/v2\/users\/2"}],"replies":[{"embeddable":true,"href":"https:\/\/www.europesays.com\/es\/wp-json\/wp\/v2\/comments?post=82594"}],"version-history":[{"count":0,"href":"https:\/\/www.europesays.com\/es\/wp-json\/wp\/v2\/posts\/82594\/revisions"}],"wp:featuredmedia":[{"embeddable":true,"href":"https:\/\/www.europesays.com\/es\/wp-json\/wp\/v2\/media\/82595"}],"wp:attachment":[{"href":"https:\/\/www.europesays.com\/es\/wp-json\/wp\/v2\/media?parent=82594"}],"wp:term":[{"taxonomy":"category","embeddable":true,"href":"https:\/\/www.europesays.com\/es\/wp-json\/wp\/v2\/categories?post=82594"},{"taxonomy":"post_tag","embeddable":true,"href":"https:\/\/www.europesays.com\/es\/wp-json\/wp\/v2\/tags?post=82594"}],"curies":[{"name":"wp","href":"https:\/\/api.w.org\/{rel}","templated":true}]}}