{"id":82642,"date":"2025-08-30T19:08:07","date_gmt":"2025-08-30T19:08:07","guid":{"rendered":"https:\/\/www.europesays.com\/es\/82642\/"},"modified":"2025-08-30T19:08:07","modified_gmt":"2025-08-30T19:08:07","slug":"el-lunes-me-dio-una-paliza","status":"publish","type":"post","link":"https:\/\/www.europesays.com\/es\/82642\/","title":{"rendered":"\u00abEl lunes me dio una paliza\u00bb"},"content":{"rendered":"<p>\t\t\t \t\t \t\t\t\t\t\t\tMar\u00eda, la vecina agredida en Fene <strong class=\"pd-l\"\/><\/p>\n<p>\t\t\t\t\t\tAsegura que le destrozaron el coche varias veces<br \/>\n\t\t\t\t\t\t\t\t\t\t\t\t<strong>30 ago 2025<\/strong> . Actualizado a las 19:34 h.\t\t\t\t\t\t<\/p>\n<p class=\"first-paragraph txt\"><strong>Mar\u00eda de la Paz<\/strong> es una <strong>vecina de <a href=\"https:\/\/www.lavozdegalicia.es\/temas\/fene\" rel=\"nofollow noopener\" target=\"_blank\">Fene<\/a><\/strong> que ya ha denunciado a otra mujer del mismo municipio en cinco ocasiones en las \u00faltimas semanas: las primeras por hacerle da\u00f1o a su coche, las siguientes por amenazas y la \u00faltima, este mismo lunes, por <strong>una agresi\u00f3n de la que se pudo defender<\/strong> gracias a la intervenci\u00f3n de otros residentes de la zona.<\/p>\n<p class=\"txt\">\u00abVolv\u00eda de poner otra denuncia ante la <a href=\"https:\/\/www.lavozdegalicia.es\/temas\/guardia-civil\" rel=\"nofollow noopener\" target=\"_blank\">Guardia Civil<\/a> por da\u00f1os en mi coche y de repente se me ech\u00f3 encima&#8230; me ara\u00f1\u00f3, me golpe\u00f3 y me dijo:\u00a0\u00abAs\u00ed pega una mora\u00bb\u00bb, cuenta muy afectada, poco antes de salir hacia su puesto de trabajo. Es tal el miedo con el que vive que incluso <strong>sus hijos se turnan para esperarla cuando llega del trabajo<\/strong>.<\/p>\n<p class=\"txt\">Cuenta que el pasado lunes \u00abcuando me dirig\u00eda a mi casa, despu\u00e9s de llegar del cuartel de denunciar que me hab\u00edan rayado el coche, esta mujer me esper\u00f3 junto con su hijo en la calle de atr\u00e1s de mi domicilio, donde aparco habitualmente, y mientras su hijo grababa me peg\u00f3 una paliza de la cual tuve que pedir auxilio, porque me lleg\u00f3 a golpear un par de veces la cabeza contra el asfalto\u00bb, relata.<\/p>\n<p class=\"txt\">Los vecinos pudieron llamar a la Polic\u00eda Local de Fene y a la Guardia Civil, que incluso alert\u00f3 a una ambulancia, aunque Mar\u00eda fue, finalmente, a que la atendieran al ambulatorio. Despu\u00e9s, regres\u00f3 al cuartel para poner otra nueva denuncia. \u00abMuchos vecinos no est\u00e1n contentos con estas personas que residen en Perl\u00edo y ya dicen que son conflictivos, pero no llegu\u00e9 a pensar que fueran a llegar tan lejos\u00bb, asegura.<\/p>\n<p class=\"txt\">Sobre el inicio de las diferencias entre ambas mujeres, Mar\u00eda cree que solo encuentra una explicaci\u00f3n: \u00abYo aparco en un descampado, donde hace meses que a ella se le da por decir que no lleve el coche, porque tiene una bodega en la zona, aunque ella tiene solo permiso para acceder, el problema es que el coche me empez\u00f3 a aparecer con las ruedas desinfladas, rayado e incluso le quisieron tirar un cubo de <a href=\"https:\/\/www.lavozdegalicia.es\/temas\/pintura\" rel=\"nofollow noopener\" target=\"_blank\">pintura,<\/a>\u00a0aunque con la mala suerte de se confundieron de coche y se lo echaron a otro veh\u00edculo\u00bb, explica.<\/p>\n<p class=\"txt\">Desde hace semanas asegura que <strong>sufre amenazas de muerte, insultos e intimidaciones<\/strong>. Por eso, reclama que las autoridades que sean competentes en este caso y puedan hacer algo para que ni ella ni sus hijos sigan sufriendo el hostigamiento de la persona que se\u00f1ala como autora de las agresiones.<\/p>\n<p class=\"txt\"><strong>\u00abYa no sabemos qu\u00e9 hacer y tampoco podemos vivir as\u00ed\u00bb<\/strong>, cuenta esta madre de familia, que lleva dos a\u00f1os asentada en Fene.<\/p>\n<p>&#13;<br \/>\n\tArchivado en:&#13;<br \/>\n\t\t\t\t\t<a href=\"https:\/\/www.lavozdegalicia.es\/temas\/fene\/\" target=\"_blank\" class=\"mg-l\" rel=\"nofollow noopener\">Fene<\/a>&#13;<br \/>\n\t\t\t\t\t<a href=\"https:\/\/www.lavozdegalicia.es\/temas\/guardia-civil\/\" target=\"_blank\" class=\"mg-l\" rel=\"nofollow noopener\">Guardia Civil<\/a>&#13;<br \/>\n\t\t\t\t\t<a href=\"https:\/\/www.lavozdegalicia.es\/temas\/pintura\/\" target=\"_blank\" class=\"mg-l\" rel=\"nofollow noopener\">Pintura<\/a>&#13;<br \/>\n\t&#13;<\/p>\n","protected":false},"excerpt":{"rendered":"Mar\u00eda, la vecina agredida en Fene Asegura que le destrozaron el coche varias veces 30 ago 2025 .&hellip;\n","protected":false},"author":2,"featured_media":82643,"comment_status":"","ping_status":"","sticky":false,"template":"","format":"standard","meta":{"footnotes":""},"categories":[8],"tags":[17,18,25,24,13,14,31147,1160,11,19,20,9,10,15,16,503,23,12,21,22],"class_list":{"0":"post-82642","1":"post","2":"type-post","3":"status-publish","4":"format-standard","5":"has-post-thumbnail","7":"category-espana","8":"tag-breaking-news","9":"tag-breakingnews","10":"tag-es","11":"tag-espana","12":"tag-featured-news","13":"tag-featurednews","14":"tag-fene","15":"tag-guardia-civil","16":"tag-headlines","17":"tag-latest-news","18":"tag-latestnews","19":"tag-news","20":"tag-noticias","21":"tag-noticias-destacadas","22":"tag-noticiasdestacadas","23":"tag-pintura","24":"tag-spain","25":"tag-titulares","26":"tag-ultimas-noticias","27":"tag-ultimasnoticias"},"share_on_mastodon":{"url":"","error":""},"_links":{"self":[{"href":"https:\/\/www.europesays.com\/es\/wp-json\/wp\/v2\/posts\/82642","targetHints":{"allow":["GET"]}}],"collection":[{"href":"https:\/\/www.europesays.com\/es\/wp-json\/wp\/v2\/posts"}],"about":[{"href":"https:\/\/www.europesays.com\/es\/wp-json\/wp\/v2\/types\/post"}],"author":[{"embeddable":true,"href":"https:\/\/www.europesays.com\/es\/wp-json\/wp\/v2\/users\/2"}],"replies":[{"embeddable":true,"href":"https:\/\/www.europesays.com\/es\/wp-json\/wp\/v2\/comments?post=82642"}],"version-history":[{"count":0,"href":"https:\/\/www.europesays.com\/es\/wp-json\/wp\/v2\/posts\/82642\/revisions"}],"wp:featuredmedia":[{"embeddable":true,"href":"https:\/\/www.europesays.com\/es\/wp-json\/wp\/v2\/media\/82643"}],"wp:attachment":[{"href":"https:\/\/www.europesays.com\/es\/wp-json\/wp\/v2\/media?parent=82642"}],"wp:term":[{"taxonomy":"category","embeddable":true,"href":"https:\/\/www.europesays.com\/es\/wp-json\/wp\/v2\/categories?post=82642"},{"taxonomy":"post_tag","embeddable":true,"href":"https:\/\/www.europesays.com\/es\/wp-json\/wp\/v2\/tags?post=82642"}],"curies":[{"name":"wp","href":"https:\/\/api.w.org\/{rel}","templated":true}]}}