{"id":82688,"date":"2025-08-30T19:48:33","date_gmt":"2025-08-30T19:48:33","guid":{"rendered":"https:\/\/www.europesays.com\/es\/82688\/"},"modified":"2025-08-30T19:48:33","modified_gmt":"2025-08-30T19:48:33","slug":"sergio-ramos-se-lanza-como-cantante-tras-las-vacaciones-de-pilar-rubio-en-japon-con-sus-hijos-sin-el-futbolista","status":"publish","type":"post","link":"https:\/\/www.europesays.com\/es\/82688\/","title":{"rendered":"Sergio Ramos se lanza como cantante tras las vacaciones de Pilar Rubio en Jap\u00f3n con sus hijos (sin el futbolista)"},"content":{"rendered":"<p class=\"paragraph\" id=\"paragraph_1\"><strong>Sergio Ramos<\/strong> (39 a\u00f1os) ha anunciado este s\u00e1bado uno de los proyectos que m\u00e1s ilusi\u00f3n le hace: el lanzamiento de <a href=\"https:\/\/www.elespanol.com\/deportes\/futbol\/20250830\/sergio-ramos-sorprende-pasa-musica-nueva-cancion-llena-guinos-real-madrid-sabes-cibeles\/1003743905520_0.html?utm_cmp_rs=linksinline\" rel=\"nofollow noopener\" target=\"_blank\"><strong>su primer tema en solitario<\/strong><\/a>. La canci\u00f3n, titulada <strong>Cibeles<\/strong>, estar\u00e1 disponible en todas las plataformas digitales a partir del pr\u00f3ximo domingo, 31 de agosto.<\/p>\n<p class=\"paragraph\" id=\"paragraph_2\">El exjugador del <strong>Real Madrid,<\/strong> que actualmente juega en las filas del <strong>FC Monterrey<\/strong>, ha hecho p\u00fablica la promoci\u00f3n del videoclip de su sencillo a trav\u00e9s de Stories. El nombre del sencillo ya anticipa que har\u00e1 referencia a <strong>su legado en el equipo merengue. <\/strong><\/p>\n<p class=\"paragraph\" id=\"paragraph_3\">Su debut como cantante se produce despu\u00e9s de que su mujer,<strong> Pilar Rubio<\/strong> (46), haya disfrutado de unas<strong> vacaciones en Jap\u00f3n<\/strong> en compa\u00f1\u00eda de sus hijos. Un viaje que ha realizado junto a sus peque\u00f1os, ya que <strong>el futbolista<\/strong> -que se encuentra con su equipo en M\u00e9xico- <strong>no ha ido con ellos. <\/strong><\/p>\n<p><img loading=\"lazy\" decoding=\"async\" alt=\"Im\u00e1genes del d\u00eda:\" height=\"180\" src=\"https:\/\/www.europesays.com\/es\/wp-content\/uploads\/2025\/08\/1003743805739_256489346_320x180.jpg\" width=\"320\" data-lazy-status=\"processed\" data-lazy-info=\"remove loading item 1\"\/><\/p>\n<p>                                                            Sergio Ramos ha anunciado en sus redes sociales el lanzamiento de su canci\u00f3n, llamada &#8216;Cibeles&#8217;.<\/p>\n<p>Estreno como solista<\/p>\n<p class=\"paragraph\" id=\"paragraph_4\">Cabe recordar que esta\u00a0<a href=\"https:\/\/www.elespanol.com\/deportes\/20250830\/sergio-ramos-pasion-lejos-futbol-millones-spotify-bulerias-mejor-profesionales\/1003743905127_0.html?utm_cmp_rs=linksinline\" rel=\"nofollow noopener\" target=\"_blank\">no es la primera incursi\u00f3n de Sergio Ramos en la m\u00fasica<\/a>. Puso voz al himno oficial de la Selecci\u00f3n espa\u00f1ola en <strong>2016<\/strong>, La roja baila, con <strong>Ni\u00f1a Pastori<\/strong> (47). Un tema producido por <strong>RedOne<\/strong> que suma<strong> m\u00e1s de 20,4 millones de reproducciones<\/strong> en <strong>Spotify.<\/strong><\/p>\n<p class=\"paragraph\" id=\"paragraph_5\">Y ya hab\u00eda participado en colaboraciones con <strong>Los Yakis<\/strong> en No me contradigas, un single con ra\u00edces flamencas; con <strong>Demarco Flamenco<\/strong> en Otra estrella en tu coraz\u00f3n; y, m\u00e1s recientemente, en el \u00e1lbum del mexicano <strong>Car\u00edn Le\u00f3n<\/strong>.<\/p>\n<p class=\"paragraph\" id=\"paragraph_6\">A pesar de sus colaboraciones anteriores, este trabajo supone <strong>su estreno oficial como solista.<\/strong><\/p>\n<p class=\"paragraph\" id=\"paragraph_7\">Todo apunta a que Cibeles es <strong>un homenaje al Real Madrid<\/strong> y a su fuerte v\u00ednculo con el club. En el <strong>v\u00eddeo de presentaci\u00f3n<\/strong>, compartido en sus redes sociales, se muestran algunos de los momentos m\u00e1s memorables del defensa vestido de blanco.<\/p>\n<p class=\"paragraph\" id=\"paragraph_8\">El clip incluye im\u00e1genes de la<strong> Champions League<\/strong> y un cierre en la <strong>plaza de Cibeles<\/strong>, todo un s\u00edmbolo de las celebraciones madridistas.<\/p>\n<p>Cantante y compositor<\/p>\n<p class=\"paragraph\" id=\"paragraph_9\">A sus 39 a\u00f1os, el sevillano, que defendi\u00f3 la camiseta merengue durante 15 temporadas y conquist\u00f3 un impresionante palmar\u00e9s con cinco <strong>Ligas<\/strong>, cuatro <strong>Supercopas<\/strong>, dos <strong>Copas del Rey<\/strong>, cuatro <strong>Champions<\/strong>, tres <strong>Supercopas de Europa<\/strong> y cuatro <strong>Mundiales de Clubes<\/strong>, suma con este nuevo proyecto musical un nuevo cap\u00edtulo en el que desarrolla plenamente su faceta art\u00edstica.<\/p>\n<p class=\"paragraph\" id=\"paragraph_10\">Mal no se le debe dar cuando quienes han compartido comp\u00e1s con \u00e9l lo ponen por las nubes. Es el caso del cantante mexicano <strong>Car\u00edn Le\u00f3n<\/strong>, quien ha destacado sus capacidades como autor: <strong>\u201cTiene una manera muy inteligente de componer, es muy bueno<\/strong> y son sorpresas que te da la vida\u201d, detall\u00f3 en una entrevista a Infobae.<\/p>\n<p class=\"paragraph\" id=\"paragraph_11\">Cabe recordar, adem\u00e1s, que toca la <strong>guitarra flamenca.<\/strong> Un talento que demostr\u00f3 en directo ante millones de espectadores durante la emisi\u00f3n de El Hormiguero, en <strong>2019<\/strong>, cuando toc\u00f3 un fragmento de Entre dos aguas de <strong>Paco de Luc\u00eda<\/strong> junto a <strong>Pablo Motos<\/strong> (59). \u00abEs un instrumento que me encanta, pero no le dedico mucho tiempo\u00bb, explic\u00f3 entonces, con humildad.<\/p>\n<p>Aficionado al arte<\/p>\n<p class=\"paragraph\" id=\"paragraph_12\">Ramos no solo es aficionado a la m\u00fasica: tambi\u00e9n a la <strong>pintura<\/strong>. Uno de sus hobbies es <strong>coleccionar obras de arte.<\/strong> En <strong>2019<\/strong>, el defensa mostr\u00f3 p\u00fablicamente una de sus adquisiciones m\u00e1s valiosas, el Lineage of Continuum, una obra del neoyorquino <strong>Phil Frost<\/strong> valorada en unos 40.000 euros.<\/p>\n<p class=\"paragraph\" id=\"paragraph_13\">En sus ratos libres, adem\u00e1s, plasma su creatividad sobre cuadros, lienzos e ilustraciones que comparte en una <strong>cuenta secundaria de Instagram.<\/strong><\/p>\n<p class=\"paragraph\" id=\"paragraph_14\">Este perfil lleva el nombre Borninbeds, que se podr\u00eda traducir como &#8216;Nacido en camas&#8217;, haciendo referencia a su pueblo natal, la localidad sevillana de Camas. Es all\u00ed donde publica espor\u00e1dicamente algunos de sus trabajos en el \u00e1mbito de las <strong>artes pl\u00e1sticas.<\/strong><\/p>\n<p>Su pr\u00f3xima visita a &#8216;El Hormiguero&#8217;<\/p>\n<p class=\"paragraph\" id=\"paragraph_15\">Todo su derroche de talento lo comparte con su pareja, con la que se le ha visto en un sinf\u00edn de ocasiones visitando algunas de las pinacotecas m\u00e1s prestigiosas del mundo, desde el <strong>museo Salvador Dal\u00ed<\/strong>, en Par\u00eds, o <strong>The Paul J. Getty Museum<\/strong>, en Los \u00c1ngeles.<\/p>\n<p class=\"paragraph\" id=\"paragraph_16\">El lanzamiento de su nuevo sencillo, que llega tras<strong> la reciente estancia de su esposa en Tokio,<\/strong> promete ser todo un acontecimiento en las plataformas digitales.<\/p>\n<p class=\"paragraph\" id=\"paragraph_17\">El pr\u00f3ximo lunes, 1 de septiembre, Sergio Ramos visitar\u00e1 el plat\u00f3 de El Hormiguero junto a <strong>Bert\u00edn Osborne<\/strong> (70). Una reaparici\u00f3n en la que, muy probablemente, ofrecer\u00e1 m\u00e1s detalles sobre su sencillo.<\/p>\n<p class=\"paragraph\" id=\"paragraph_18\">Habr\u00e1 que esperar solo unas horas para conocer el contenido \u00edntegro de su, -qui\u00e9n sabe-, pr\u00f3ximo pelotazo fuera del terreno de juego.<\/p>\n","protected":false},"excerpt":{"rendered":"Sergio Ramos (39 a\u00f1os) ha anunciado este s\u00e1bado uno de los proyectos que m\u00e1s ilusi\u00f3n le hace: el&hellip;\n","protected":false},"author":2,"featured_media":82689,"comment_status":"","ping_status":"","sticky":false,"template":"","format":"standard","meta":{"footnotes":""},"categories":[174],"tags":[255,146,147,25,24,256,7792,4412,6744,23],"class_list":{"0":"post-82688","1":"post","2":"type-post","3":"status-publish","4":"format-standard","5":"has-post-thumbnail","7":"category-famosos","8":"tag-celebrities","9":"tag-entertainment","10":"tag-entretenimiento","11":"tag-es","12":"tag-espana","13":"tag-famosos","14":"tag-real-madrid-cf","15":"tag-relaciones-de-pareja","16":"tag-sergio-ramos","17":"tag-spain"},"share_on_mastodon":{"url":"","error":""},"_links":{"self":[{"href":"https:\/\/www.europesays.com\/es\/wp-json\/wp\/v2\/posts\/82688","targetHints":{"allow":["GET"]}}],"collection":[{"href":"https:\/\/www.europesays.com\/es\/wp-json\/wp\/v2\/posts"}],"about":[{"href":"https:\/\/www.europesays.com\/es\/wp-json\/wp\/v2\/types\/post"}],"author":[{"embeddable":true,"href":"https:\/\/www.europesays.com\/es\/wp-json\/wp\/v2\/users\/2"}],"replies":[{"embeddable":true,"href":"https:\/\/www.europesays.com\/es\/wp-json\/wp\/v2\/comments?post=82688"}],"version-history":[{"count":0,"href":"https:\/\/www.europesays.com\/es\/wp-json\/wp\/v2\/posts\/82688\/revisions"}],"wp:featuredmedia":[{"embeddable":true,"href":"https:\/\/www.europesays.com\/es\/wp-json\/wp\/v2\/media\/82689"}],"wp:attachment":[{"href":"https:\/\/www.europesays.com\/es\/wp-json\/wp\/v2\/media?parent=82688"}],"wp:term":[{"taxonomy":"category","embeddable":true,"href":"https:\/\/www.europesays.com\/es\/wp-json\/wp\/v2\/categories?post=82688"},{"taxonomy":"post_tag","embeddable":true,"href":"https:\/\/www.europesays.com\/es\/wp-json\/wp\/v2\/tags?post=82688"}],"curies":[{"name":"wp","href":"https:\/\/api.w.org\/{rel}","templated":true}]}}