{"id":82692,"date":"2025-08-30T19:58:08","date_gmt":"2025-08-30T19:58:08","guid":{"rendered":"https:\/\/www.europesays.com\/es\/82692\/"},"modified":"2025-08-30T19:58:08","modified_gmt":"2025-08-30T19:58:08","slug":"es-oficial-pixar-confirma-la-ventana-estreno-de-los-increibles-3-una-de-las-peliculas-mas-esperadas-de-disney-vandal","status":"publish","type":"post","link":"https:\/\/www.europesays.com\/es\/82692\/","title":{"rendered":"Es oficial: Pixar confirma la ventana estreno de &#039;Los Incre\u00edbles 3&#039;, una de las pel\u00edculas m\u00e1s esperadas de Disney &#8211; Vandal"},"content":{"rendered":"<ol>\n<li><a href=\"https:\/\/news.google.com\/rss\/articles\/CBMi7AFBVV95cUxQb0JiSlFXQ0owbDE3V1M5WjB1SmJJbTVzcDl5YVpaaUlJX25EQ0FON1VXMnJnaTQ1Q1VvdC1jcy1BdWpoaHl6eUYyUUVNZDJ2UjBodTR5NklGYlpTTWwzV3ZFc3NHdkFxOUhvaWdGQnJROHgyamZtLWJLTUh0TkNEZlRKeklCVVlYV25VQ1hobGtZdHl5Z05DaHRBTXpNd0lBOElqaHdEOFUxQ1E1LTN5RFduZzREQnRncnd3ZUdEV1dkWlJabERBMURkYXE0ZGZRUkF6blZIWXFZRndWY0NNTERuUzVvRDlwcmQyMNIB8gFBVV95cUxNRzcwdkZnWXM1ZjJBZkJIRWxGcHV2QWlqQi03X1VLTy1BY2ZndVMtZS04aERGNmp0eVVUUjItX0NvX2RtYTFfSmxLSFczTUFmQlpkOXJ5MXExdjR6NkZTb0RHVWN6bmQyVjRqTzlOajlaNER5OVp2SUdPUXlDZUcwekhxNml4bDdUT1QySkl0bGtjYk5NeUVMR09EOG5pMzIzMExLRUtudVhSTnRoSEM0ZHFOQVlSVHpXd1E0WHBqbkxZUGozZ0tNNU0yLXBoU2hhUHhJa2lvTTAxMUN4bWJ5QnBtdHBDdkNVbkRvTGRoTktHUQ?oc=5\" target=\"_blank\" rel=\"nofollow noopener\">Es oficial: Pixar confirma la ventana estreno de &#8216;Los Incre\u00edbles 3&#8217;, una de las pel\u00edculas m\u00e1s esperadas de Disney<\/a>&nbsp;&nbsp;Vandal<\/li>\n<li><a href=\"https:\/\/news.google.com\/rss\/articles\/CBMikgFBVV95cUxPT3hRWnNxdU95RGJHSXFIN0dzNlBvRzljUGdianE4UWdmMjBRR0lqdjhaNml1NVRQT0ZrNHRmS1RYNHNSYVRDQXZiWmhtWV8yUk5JUTNPZllzekV6WW1zWk1jdDM1TmVYTUpNLVpOWE1EYjFtdTdtT3pwVjNzZ2p1NlYwUmJNYkRITWg1eHVUMF9sd9IBlwFBVV95cUxPQ1RDdDhjWnEyUmdfaFVwRlNPUXdBSWxkdDNzNWVpdFlBVm9lNVFHdTRtNjZoRW1RamwwZDF0Q1dXV05qcjhYSDduWXJtU3Jab1hETE83X0VDc19SS2dsVTJidjNzVmZ5UFp0VE1sNUNPR2pIc3BKY1JBX2dhTTNrNG1DT3FZVWZialdMMVJtdkNCRWtkZU5F?oc=5\" target=\"_blank\" rel=\"nofollow noopener\">Disney estrenar\u00e1 &#8216;Ice Age: Boiling Point&#8217; el 5 de febrero de 2027<\/a>&nbsp;&nbsp;El Confidencial<\/li>\n<li><a href=\"https:\/\/news.google.com\/rss\/articles\/CBMi_wFBVV95cUxOR25nTzFQT0RzaWR2V1U1cEhOcC1vRHA1ZHhtbHUtY0ZkcHUxaVVqdDYyM004UkFLV2dqT2tEZ0g0eFFueWo1dS1BMlRFR3lIOVZ1YkU1c2dhUUF2VmRiR1d0d3RzSzFuUWhRY3FFME0zTTUyUUtnODF0VkpMbG9WbGlnWS13cWpyLUJlQlU4bjdrQ1BVWFN0LUtyaHJFQ3Vua09iTnJvTm41d2NNV2dkeGZiQmVHNG1nUGlxMGN3cGtyTjk0d0VVOEJwVHlMSUUzM3NMbUpyNDI5SzV1VFN6Zlp4YjlkbkVMOGwzYVl5WVViZnMzSU9iSkZ6c3dVbmfSAYQCQVVfeXFMTTNwWGp1MzI4SVJpSm9PODFlOXBtOTZUTkgtTlhUMFdfeUQ2WkdXSnRESTA2Qzhlc2N3S1F0SUpLTy1WYzhjLUQ4RXZ3QjRKVE44d0NGamNuOTEydC1jbFJNclU2dURNQ0x3amM5ajJYNHo1dzgtdUJtWmFLWmM0RURYTHY3Rm1SUEhEajFVS0JSMXRXc1E5WUNwS1pwbmxMejczZ3ZDMUxHbU4yUDM4UHJ5bjllRXhrZnVQRnZKRlFla2tSUmNKVFIzT0ViNXVndWxUcEU5a3IyY1Yya1lOYzVGLVoyaUtpOUtRRFB6ZlFOcy1LMTFwU1ZaT1pkZ19acms3dlg?oc=5\" target=\"_blank\" rel=\"nofollow noopener\">Malas noticias, &#8216;Ice Age 6&#8217; retrasa su estreno pero a cambio revela su t\u00edtulo y adelanta que mostrar\u00e1 territorios nunca vistos<\/a>&nbsp;&nbsp;Vandal<\/li>\n<li><a href=\"https:\/\/news.google.com\/rss\/articles\/CBMimAFBVV95cUxONF9ScUhweXcyOThaX1ZyZ0RHdlUzUm9hZFFBeEUxa3paS2ZCN0tiTzdtM0VfNkdfNjZsRlQxWnZvb3Z3dFJCUUJNcmx2REVBeHYtMHhSSXBNQ1g2RVpZVFFsbWJwNVFMMmxWZ2xxa25sSnpsWDN5RnVDaWRaUVRJM21kU3RCcXB1Wnh6X1lEckg3MkE3TnN3eg?oc=5\" target=\"_blank\" rel=\"nofollow noopener\">Pixar por fin desvela la ventana de estreno de Los Incre\u00edbles 3<\/a>&nbsp;&nbsp;Hobby Consolas<\/li>\n<li><a href=\"https:\/\/news.google.com\/rss\/articles\/CBMigAJBVV95cUxNMERDak1NZmJ2R0p5Y3pLSkdPLWluTVAxVHVkSlFXQ0U1YzRTd1lRZExnUm9XbUd6d0twNlRzSUp3QWVYODdhbHE0el9Hbm9VM2p2UVkxWURmZng2Wjl0am1KYWpTc2x2OGpGTW1HVTNzbjQ4R3hRYTNYLVZSVEhTd3ZKUlZrWGFVMm93bEt3c2lRQmJLN1NYdkY1NXI1ZDdGTkVFWTlPZ2NCSlNGWFJSMXR0MVRNQ013MG1JWUxCbDRGYWJqWDIzME11akpJbUp6ZVFqUTVQV1hhalFBQVpVNFJlWWgyX21DckpRX2hyMFdVaU52Q1Y1SUUtUkRpQkZK?oc=5\" target=\"_blank\" rel=\"nofollow noopener\">\u00abLa Era del Hielo\u00bb regresa tras m\u00e1s de 10 a\u00f1os: Confirman detalles de la sexta pel\u00edcula<\/a>&nbsp;&nbsp;MSN<\/li>\n<\/ol>\n","protected":false},"excerpt":{"rendered":"Es oficial: Pixar confirma la ventana estreno de &#8216;Los Incre\u00edbles 3&#8217;, una de las pel\u00edculas m\u00e1s esperadas de&hellip;\n","protected":false},"author":2,"featured_media":82693,"comment_status":"","ping_status":"","sticky":false,"template":"","format":"standard","meta":{"footnotes":""},"categories":[169],"tags":[177,146,147,25,24,2065,176,175,23],"class_list":{"0":"post-82692","1":"post","2":"type-post","3":"status-publish","4":"format-standard","5":"has-post-thumbnail","7":"category-cine","8":"tag-cine","9":"tag-entertainment","10":"tag-entretenimiento","11":"tag-es","12":"tag-espana","13":"tag-faltan-tags","14":"tag-film","15":"tag-movies","16":"tag-spain"},"share_on_mastodon":{"url":"","error":""},"_links":{"self":[{"href":"https:\/\/www.europesays.com\/es\/wp-json\/wp\/v2\/posts\/82692","targetHints":{"allow":["GET"]}}],"collection":[{"href":"https:\/\/www.europesays.com\/es\/wp-json\/wp\/v2\/posts"}],"about":[{"href":"https:\/\/www.europesays.com\/es\/wp-json\/wp\/v2\/types\/post"}],"author":[{"embeddable":true,"href":"https:\/\/www.europesays.com\/es\/wp-json\/wp\/v2\/users\/2"}],"replies":[{"embeddable":true,"href":"https:\/\/www.europesays.com\/es\/wp-json\/wp\/v2\/comments?post=82692"}],"version-history":[{"count":0,"href":"https:\/\/www.europesays.com\/es\/wp-json\/wp\/v2\/posts\/82692\/revisions"}],"wp:featuredmedia":[{"embeddable":true,"href":"https:\/\/www.europesays.com\/es\/wp-json\/wp\/v2\/media\/82693"}],"wp:attachment":[{"href":"https:\/\/www.europesays.com\/es\/wp-json\/wp\/v2\/media?parent=82692"}],"wp:term":[{"taxonomy":"category","embeddable":true,"href":"https:\/\/www.europesays.com\/es\/wp-json\/wp\/v2\/categories?post=82692"},{"taxonomy":"post_tag","embeddable":true,"href":"https:\/\/www.europesays.com\/es\/wp-json\/wp\/v2\/tags?post=82692"}],"curies":[{"name":"wp","href":"https:\/\/api.w.org\/{rel}","templated":true}]}}